{"id":10205,"date":"2023-11-17T15:31:27","date_gmt":"2023-11-17T14:31:27","guid":{"rendered":"https:\/\/hu.andersen.com\/?p=10205"},"modified":"2025-07-24T19:37:21","modified_gmt":"2025-07-24T17:37:21","slug":"megkuldte-a-mohu-az-elso-epr-szamlakat-mik-a-teendok","status":"publish","type":"post","link":"https:\/\/hu.andersen.com\/hu\/hirek\/megkuldte-a-mohu-az-elso-epr-szamlakat-mik-a-teendok\/","title":{"rendered":"Megk\u00fcldte a MOHU az els\u0151 EPR sz\u00e1ml\u00e1kat \u2013 Mik a teend\u0151k?"},"content":{"rendered":"\n<p><strong>A cikksorozatunkban elemzett, 2023-ban bevezetett kiterjesztett gy\u00e1rt\u00f3i felel\u0151ss\u00e9gi, vagy m\u00e1sn\u00e9ven EPR rendszer \u00fajabb \u00e1llom\u00e1s\u00e1hoz \u00e9rt\u00fcnk, ugyanis 2023. okt\u00f3ber 20-\u00e1n lez\u00e1rult a harmadik negyed\u00e9vet k\u00f6vet\u0151 EPR adatszolg\u00e1ltat\u00e1si k\u00f6telezetts\u00e9g teljes\u00edt\u00e9s\u00e9nek a hat\u00e1rideje.<\/strong><\/p>\n\n\n\n<p>Az adatszolg\u00e1ltat\u00e1st az OKIR fel\u00fclet\u00e9n kereszt\u00fcl kellett beny\u00fajtani a 2023. j\u00falius \u2013 szeptember id\u0151szakban a gy\u00e1rt\u00f3k \u00e1ltal belf\u00f6ld\u00f6n els\u0151k\u00e9nt forgalomba hozott <a href=\"https:\/\/hu.andersen.com\/hu\/andersen-adoszotar\/korforgasos-termekek\/\">k\u00f6rforg\u00e1sos term\u00e9kekr\u0151l<\/a>. Az adatokat a Korm\u00e1nyhivatal (hullad\u00e9kgazd\u00e1lkod\u00e1si hat\u00f3s\u00e1g) tov\u00e1bb\u00edtotta a koncesszi\u00f3s t\u00e1rsas\u00e1g, vagyis a MOHU r\u00e9sz\u00e9re.<\/p>\n\n\n\n<p>A MOHU a kapott adatok alapj\u00e1n megkezdte az els\u0151 sz\u00e1ml\u00e1k, illetve sz\u00e1mviteli bizonylatok kibocs\u00e1t\u00e1s\u00e1t a gy\u00e1rt\u00f3k fel\u00e9 az EPR d\u00edjr\u00f3l. Sz\u00e1ml\u00e1t az \u0151t megillet\u0151 d\u00edjelemr\u0151l, m\u00edg sz\u00e1mviteli bizonylatot az \u00f6nkorm\u00e1nyzatokat megillet\u0151 d\u00edjelemr\u0151l \u00e1ll\u00edt ki a koncesszi\u00f3s t\u00e1rsas\u00e1g, ez ut\u00f3bbit elk\u00fcl\u00f6n\u00edtett sz\u00e1ml\u00e1n kezeli \u00e9s a be\u00e9rkez\u00e9se ut\u00e1n \u00e1tadja az \u00e9rintett helyi \u00f6nkorm\u00e1nyzatnak.<\/p>\n\n\n\n<p>A bizonylatokon szerepelnek a k\u00f6rforg\u00e1sos term\u00e9kek beazonos\u00edt\u00e1s\u00e1ra a gy\u00e1rt\u00f3k \u00e1ltal az adatszolg\u00e1ltat\u00e1sban megadott KF k\u00f3dok \u00e9s az azokhoz rendelt EPR d\u00edjk\u00f3dok, illetve a mennyis\u00e9gi adatok. Az eddigi tapasztalatok alapj\u00e1n a MOHU az EPR rendeletben foglaltakkal \u00f6sszhangban \u00e1llap\u00edtotta meg a d\u00edjk\u00f3dokat \u00e9s hat\u00e1rozta meg az \u00e9rintett gy\u00e1rt\u00f3 \u00e1ltal fizetend\u0151 EPR d\u00edj \u00f6sszeg\u00e9t, de minden esetben javasoljuk a bizonylatok t\u00e9teles ellen\u0151rz\u00e9s\u00e9t.<\/p>\n\n\n\n<p>A gy\u00e1rt\u00f3 a t\u00e9ves adatokat tartalmaz\u00f3 adatszolg\u00e1ltat\u00e1s alapj\u00e1n meghat\u00e1rozott EPR d\u00edj meg\u00e1llap\u00edt\u00e1sa eset\u00e9n a sz\u00e1mla k\u00e9zhezv\u00e9tel\u00e9t\u0151l sz\u00e1m\u00edtott 15 napon bel\u00fcl a helyes adatoknak a koncesszi\u00f3s t\u00e1rsas\u00e1g \u00e9s egyidej\u0171leg az orsz\u00e1gos hullad\u00e9kgazd\u00e1lkod\u00e1si hat\u00f3s\u00e1g (Pest V\u00e1rmegyei Korm\u00e1nyhivatal) r\u00e9sz\u00e9re t\u00f6rt\u00e9n\u0151 megk\u00fcld\u00e9s\u00e9vel kezdem\u00e9nyezheti a t\u00e1rgynegyed\u00e9vre fizetend\u0151 d\u00edj \u00f6sszeg\u00e9nek fel\u00fclvizsg\u00e1lat\u00e1t a koncesszi\u00f3s t\u00e1rsas\u00e1gn\u00e1l. A fel\u00fclvizsg\u00e1lati ig\u00e9ny bejelent\u00e9s\u00e9nek a sz\u00e1mla kiegyenl\u00edt\u00e9s\u00e9re halaszt\u00f3 hat\u00e1lya van.<\/p>\n\n\n\n<p>A bizonylatokon szerepl\u0151 d\u00edjat az <a href=\"https:\/\/hu.andersen.com\/hu\/hirek\/epr-rendelet-a-kiterjesztett-gyartoi-felelossegi-rendszer-reszletes-szabalyai\/\">EPR rendelet<\/a> vonatkoz\u00f3 bekezd\u00e9se \u00e9rtelm\u00e9ben a k\u00e9zhezv\u00e9telt\u0151l sz\u00e1m\u00edtott 15 napon bel\u00fcl sz\u00fcks\u00e9ges megfizetni a MOHU r\u00e9sz\u00e9re a bizonylatokon felt\u00fcntetett sz\u00e1mlasz\u00e1mokra. A MOHU k\u00e9r\u00e9s\u00e9nek megfelel\u0151en \u00e1tutal\u00e1sn\u00e1l a k\u00f6zlem\u00e9ny rovatban hivatkozni sz\u00fcks\u00e9ges a fizet\u00e9ssel \u00e9rintett bizonylat sorsz\u00e1m\u00e1ra is.<\/p>\n\n\n\n<p>Az els\u0151 sz\u00e1ml\u00e1k alapj\u00e1n l\u00e1tszik, hogy az EPR d\u00edjak meglehet\u0151sen magasak lettek az el\u0151zetes v\u00e1rakoz\u00e1soknak megfelel\u0151en. Mivel bel\u00e1that\u00f3 id\u0151n bel\u00fcl nem v\u00e1rhat\u00f3 a d\u00edjak cs\u00f6kken\u00e9se, nagyon fontos, hogy minden ad\u00f3z\u00f3 a lehet\u0151 leghat\u00e9konyabban alak\u00edtsa ki az EPR folyamatait. Az EPR rendszerben t\u00f6bb egyszer\u0171s\u00edt\u00e9s, mentess\u00e9gi lehet\u0151s\u00e9g is el\u00e9rhet\u0151, a tapasztalatok szerint r\u00e1ad\u00e1sul nagyon sok esetben a nem megfelel\u0151 jogszab\u00e1ly\u00e9rtelmez\u00e9s okozza az indokolatlan d\u00edjn\u00f6veked\u00e9st.<\/p>\n\n\n\n<p>Amennyiben szak\u00e9rt\u0151i seg\u00edts\u00e9gre lenne sz\u00fcks\u00e9ge, az Andersen csapata \u00f6r\u00f6mmel \u00e1ll rendelkez\u00e9sre!<\/p>\n\n\n\n<p>***<\/p>\n\n\n\n<p><em>Az EPR k\u00f6telezetts\u00e9gr\u0151l sz\u00f3l\u00f3 cikksorozatunk r\u00e9szei:<\/em><\/p>\n\n\n\n<p><em>1. r\u00e9sze: <\/em><a href=\"https:\/\/hu.andersen.com\/hu\/hirek\/kihirdettek-a-kiterjesztett-gyartoi-felelossegi-rendszer-reszletes-szabalyairol-szolo-rendeletet\/\" target=\"_blank\" rel=\"noreferrer noopener\"><em>Kihirdett\u00e9k a kiterjesztett gy\u00e1rt\u00f3i felel\u0151ss\u00e9gi rendszer r\u00e9szletes szab\u00e1lyair\u00f3l sz\u00f3l\u00f3 rendeletet<\/em><\/a><\/p>\n\n\n\n<p><em>2. r\u00e9sze: <\/em><a href=\"https:\/\/hu.andersen.com\/hu\/hirek\/1-2-lepcsos-regisztracio-az-epr-rendszerben-hogy-kezdjunk-neki\/\" target=\"_blank\" rel=\"noreferrer noopener\"><em>1+2 l\u00e9pcs\u0151s regisztr\u00e1ci\u00f3 az EPR rendszerben \u2013 Hogy kezdj\u00fcnk neki?<\/em><\/a><\/p>\n\n\n\n<p><em>3. r\u00e9sze: <\/em><a href=\"https:\/\/hu.andersen.com\/hu\/hirek\/kf-kodok-avagy-hogyan-kell-meghatarozni-az-epr-rendszerben-a-korforgasos-termekeket\/\" target=\"_blank\" rel=\"noreferrer noopener\"><em>KF k\u00f3dok: hogyan kell meghat\u00e1rozni az EPR rendszerben a k\u00f6rforg\u00e1sos term\u00e9keket?<\/em><\/a><\/p>\n\n\n\n<p><em>4. r\u00e9sze: <\/em><a href=\"https:\/\/hu.andersen.com\/hu\/hirek\/kijott-a-dijrendelet-nagyon-magas-dijakkal-kell-szembesulniuk-az-epr-kotelezetteknek-juliustol\/\" target=\"_blank\" rel=\"noreferrer noopener\"><em>Nagyon magas d\u00edjakkal kell szembes\u00fclni\u00fck az EPR k\u00f6telezetteknek j\u00faliust\u00f3l<\/em><\/a><\/p>\n\n\n\n<p>A t\u00e9m\u00e1ban publik\u00e1lt egy\u00e9b cikkeink:<\/p>\n\n\n\n<p><a href=\"https:\/\/hu.andersen.com\/hu\/hirek\/teszteltuk-a-kornyezetvedelmi-termekdij-bevallas-frissitett-formanyomtatvanyat\/\" target=\"_blank\" rel=\"noreferrer noopener\"><em>Tesztelt\u00fck a k\u00f6rnyezetv\u00e9delmi term\u00e9kd\u00edjbevall\u00e1s friss\u00edtett formanyomtatv\u00e1ny\u00e1t<\/em><\/a><\/p>\n\n\n\n<p><a href=\"https:\/\/hu.andersen.com\/hu\/hirek\/konnyebben-valthatnak-dijatalanyra-a-gepjarmuipar-szereploi-az-epr-rendszerben\/\" target=\"_blank\" rel=\"noreferrer noopener\"><em>EPR: k\u00f6nnyebb d\u00edj\u00e1tal\u00e1nyra v\u00e1ltani a g\u00e9pj\u00e1rm\u0171ipar szerepl\u0151inek<\/em><\/a><\/p>\n\n\n\n<p><a href=\"https:\/\/hu.andersen.com\/hu\/hirek\/epr-rendszer-magas-dijak-es-adminisztracios-tobbletteher\/\" target=\"_blank\" rel=\"noreferrer noopener\"><em>EPR-rendszer: magas d\u00edjak \u00e9s adminisztr\u00e1ci\u00f3s t\u00f6bbletteher<\/em><\/a><\/p>\n","protected":false},"excerpt":{"rendered":"<p>A kiterjesztett gy\u00e1rt\u00f3i felel\u0151ss\u00e9gi rendszerr\u0151l sz\u00f3l\u00f3 cikksorozatunk \u00faj r\u00e9sze.<\/p>\n","protected":false},"author":1028,"featured_media":10215,"comment_status":"closed","ping_status":"closed","sticky":false,"template":"","format":"standard","meta":{"_acf_changed":false,"_genesis_hide_title":false,"_genesis_hide_breadcrumbs":false,"_genesis_hide_singular_image":false,"_genesis_hide_footer_widgets":false,"_genesis_custom_body_class":"","_genesis_custom_post_class":"","_genesis_layout":"","footnotes":""},"categories":[38],"tags":[41],"class_list":{"0":"post-10205","1":"post","2":"type-post","3":"status-publish","4":"format-standard","5":"has-post-thumbnail","7":"category-hirek","8":"tag-slider-2","9":"entry"},"acf":[],"featured_image_src":"https:\/\/hu.andersen.com\/wp-content\/uploads\/2023\/11\/hulladek-1640-780.jpg","author_info":{"display_name":"G\u00f6tz Attila","author_link":"https:\/\/hu.andersen.com\/hu\/author\/agotz\/"},"yoast_head":"<!-- This site is optimized with the Yoast SEO Premium plugin v27.4 (Yoast SEO v27.4) - https:\/\/yoast.com\/product\/yoast-seo-premium-wordpress\/ -->\n<title>Megk\u00fcldte a MOHU az els\u0151 EPR sz\u00e1ml\u00e1kat \u2013 Mik a teend\u0151k? - Andersen Magyarorsz\u00e1g<\/title>\n<meta name=\"description\" content=\"A kiterjesztett gy\u00e1rt\u00f3i felel\u0151ss\u00e9gi rendszerr\u0151l sz\u00f3l\u00f3 cikksorozatunk \u00faj r\u00e9sze.\" \/>\n<meta name=\"robots\" content=\"index, follow, max-snippet:-1, max-image-preview:large, max-video-preview:-1\" \/>\n<link rel=\"canonical\" href=\"https:\/\/hu.andersen.com\/hu\/hirek\/megkuldte-a-mohu-az-elso-epr-szamlakat-mik-a-teendok\/\" \/>\n<meta property=\"og:locale\" content=\"hu_HU\" \/>\n<meta property=\"og:type\" content=\"article\" \/>\n<meta property=\"og:title\" content=\"Megk\u00fcldte a MOHU az els\u0151 EPR sz\u00e1ml\u00e1kat \u2013 Mik a teend\u0151k?\" \/>\n<meta property=\"og:description\" content=\"A kiterjesztett gy\u00e1rt\u00f3i felel\u0151ss\u00e9gi rendszerr\u0151l sz\u00f3l\u00f3 cikksorozatunk \u00faj r\u00e9sze.\" \/>\n<meta property=\"og:url\" content=\"https:\/\/hu.andersen.com\/hu\/hirek\/megkuldte-a-mohu-az-elso-epr-szamlakat-mik-a-teendok\/\" \/>\n<meta property=\"og:site_name\" content=\"Andersen Magyarorsz\u00e1g\" \/>\n<meta property=\"article:published_time\" content=\"2023-11-17T14:31:27+00:00\" \/>\n<meta property=\"article:modified_time\" content=\"2025-07-24T17:37:21+00:00\" \/>\n<meta property=\"og:image\" content=\"https:\/\/hu.andersen.com\/wp-content\/uploads\/2023\/11\/hulladek-1640-780.jpg\" \/>\n\t<meta property=\"og:image:width\" content=\"1640\" \/>\n\t<meta property=\"og:image:height\" content=\"780\" \/>\n\t<meta property=\"og:image:type\" content=\"image\/jpeg\" \/>\n<meta name=\"author\" content=\"G\u00f6tz Attila\" \/>\n<meta name=\"twitter:card\" content=\"summary_large_image\" \/>\n<meta name=\"twitter:label1\" content=\"Szerz\u0151:\" \/>\n\t<meta name=\"twitter:data1\" content=\"G\u00f6tz Attila\" \/>\n\t<meta name=\"twitter:label2\" content=\"Becs\u00fclt olvas\u00e1si id\u0151\" \/>\n\t<meta name=\"twitter:data2\" content=\"4 perc\" \/>\n<script type=\"application\/ld+json\" class=\"yoast-schema-graph\">{\"@context\":\"https:\\\/\\\/schema.org\",\"@graph\":[{\"@type\":\"Article\",\"@id\":\"https:\\\/\\\/hu.andersen.com\\\/hu\\\/hirek\\\/megkuldte-a-mohu-az-elso-epr-szamlakat-mik-a-teendok\\\/#article\",\"isPartOf\":{\"@id\":\"https:\\\/\\\/hu.andersen.com\\\/hu\\\/hirek\\\/megkuldte-a-mohu-az-elso-epr-szamlakat-mik-a-teendok\\\/\"},\"author\":{\"name\":\"G\u00f6tz Attila\",\"@id\":\"https:\\\/\\\/hu.andersen.com\\\/#\\\/schema\\\/person\\\/57a8b81638277dac3324887812032990\"},\"headline\":\"Megk\u00fcldte a MOHU az els\u0151 EPR sz\u00e1ml\u00e1kat \u2013 Mik a teend\u0151k?\",\"datePublished\":\"2023-11-17T14:31:27+00:00\",\"dateModified\":\"2025-07-24T17:37:21+00:00\",\"mainEntityOfPage\":{\"@id\":\"https:\\\/\\\/hu.andersen.com\\\/hu\\\/hirek\\\/megkuldte-a-mohu-az-elso-epr-szamlakat-mik-a-teendok\\\/\"},\"wordCount\":735,\"image\":{\"@id\":\"https:\\\/\\\/hu.andersen.com\\\/hu\\\/hirek\\\/megkuldte-a-mohu-az-elso-epr-szamlakat-mik-a-teendok\\\/#primaryimage\"},\"thumbnailUrl\":\"https:\\\/\\\/hu.andersen.com\\\/wp-content\\\/uploads\\\/2023\\\/11\\\/hulladek-1640-780.jpg\",\"keywords\":[\"slider\"],\"articleSection\":[\"H\u00edrek\"],\"inLanguage\":\"hu\"},{\"@type\":\"WebPage\",\"@id\":\"https:\\\/\\\/hu.andersen.com\\\/hu\\\/hirek\\\/megkuldte-a-mohu-az-elso-epr-szamlakat-mik-a-teendok\\\/\",\"url\":\"https:\\\/\\\/hu.andersen.com\\\/hu\\\/hirek\\\/megkuldte-a-mohu-az-elso-epr-szamlakat-mik-a-teendok\\\/\",\"name\":\"Megk\u00fcldte a MOHU az els\u0151 EPR sz\u00e1ml\u00e1kat \u2013 Mik a teend\u0151k? - Andersen Magyarorsz\u00e1g\",\"isPartOf\":{\"@id\":\"https:\\\/\\\/hu.andersen.com\\\/#website\"},\"primaryImageOfPage\":{\"@id\":\"https:\\\/\\\/hu.andersen.com\\\/hu\\\/hirek\\\/megkuldte-a-mohu-az-elso-epr-szamlakat-mik-a-teendok\\\/#primaryimage\"},\"image\":{\"@id\":\"https:\\\/\\\/hu.andersen.com\\\/hu\\\/hirek\\\/megkuldte-a-mohu-az-elso-epr-szamlakat-mik-a-teendok\\\/#primaryimage\"},\"thumbnailUrl\":\"https:\\\/\\\/hu.andersen.com\\\/wp-content\\\/uploads\\\/2023\\\/11\\\/hulladek-1640-780.jpg\",\"datePublished\":\"2023-11-17T14:31:27+00:00\",\"dateModified\":\"2025-07-24T17:37:21+00:00\",\"author\":{\"@id\":\"https:\\\/\\\/hu.andersen.com\\\/#\\\/schema\\\/person\\\/57a8b81638277dac3324887812032990\"},\"description\":\"A kiterjesztett gy\u00e1rt\u00f3i felel\u0151ss\u00e9gi rendszerr\u0151l sz\u00f3l\u00f3 cikksorozatunk \u00faj r\u00e9sze.\",\"breadcrumb\":{\"@id\":\"https:\\\/\\\/hu.andersen.com\\\/hu\\\/hirek\\\/megkuldte-a-mohu-az-elso-epr-szamlakat-mik-a-teendok\\\/#breadcrumb\"},\"inLanguage\":\"hu\",\"potentialAction\":[{\"@type\":\"ReadAction\",\"target\":[\"https:\\\/\\\/hu.andersen.com\\\/hu\\\/hirek\\\/megkuldte-a-mohu-az-elso-epr-szamlakat-mik-a-teendok\\\/\"]}]},{\"@type\":\"ImageObject\",\"inLanguage\":\"hu\",\"@id\":\"https:\\\/\\\/hu.andersen.com\\\/hu\\\/hirek\\\/megkuldte-a-mohu-az-elso-epr-szamlakat-mik-a-teendok\\\/#primaryimage\",\"url\":\"https:\\\/\\\/hu.andersen.com\\\/wp-content\\\/uploads\\\/2023\\\/11\\\/hulladek-1640-780.jpg\",\"contentUrl\":\"https:\\\/\\\/hu.andersen.com\\\/wp-content\\\/uploads\\\/2023\\\/11\\\/hulladek-1640-780.jpg\",\"width\":1640,\"height\":780,\"caption\":\"MOHU hullad\u00e9k EPR\"},{\"@type\":\"BreadcrumbList\",\"@id\":\"https:\\\/\\\/hu.andersen.com\\\/hu\\\/hirek\\\/megkuldte-a-mohu-az-elso-epr-szamlakat-mik-a-teendok\\\/#breadcrumb\",\"itemListElement\":[{\"@type\":\"ListItem\",\"position\":1,\"name\":\"Kezd\u0151lap\",\"item\":\"https:\\\/\\\/hu.andersen.com\\\/hu\\\/\"},{\"@type\":\"ListItem\",\"position\":2,\"name\":\"Megk\u00fcldte a MOHU az els\u0151 EPR sz\u00e1ml\u00e1kat \u2013 Mik a teend\u0151k?\"}]},{\"@type\":\"WebSite\",\"@id\":\"https:\\\/\\\/hu.andersen.com\\\/#website\",\"url\":\"https:\\\/\\\/hu.andersen.com\\\/\",\"name\":\"Andersen In Hungary\",\"description\":\"Ad\u00f3tan\u00e1csad\u00e1s \u00e9s jogi tan\u00e1csad\u00e1s\",\"potentialAction\":[{\"@type\":\"SearchAction\",\"target\":{\"@type\":\"EntryPoint\",\"urlTemplate\":\"https:\\\/\\\/hu.andersen.com\\\/?s={search_term_string}\"},\"query-input\":{\"@type\":\"PropertyValueSpecification\",\"valueRequired\":true,\"valueName\":\"search_term_string\"}}],\"inLanguage\":\"hu\"},{\"@type\":\"Person\",\"@id\":\"https:\\\/\\\/hu.andersen.com\\\/#\\\/schema\\\/person\\\/57a8b81638277dac3324887812032990\",\"name\":\"G\u00f6tz Attila\",\"image\":{\"@type\":\"ImageObject\",\"inLanguage\":\"hu\",\"@id\":\"https:\\\/\\\/secure.gravatar.com\\\/avatar\\\/2d4fd031a22fa340d80ae6058bee0ef10aa643338dbc8f7650a08f79a37958b7?s=96&d=mm&r=g\",\"url\":\"https:\\\/\\\/secure.gravatar.com\\\/avatar\\\/2d4fd031a22fa340d80ae6058bee0ef10aa643338dbc8f7650a08f79a37958b7?s=96&d=mm&r=g\",\"contentUrl\":\"https:\\\/\\\/secure.gravatar.com\\\/avatar\\\/2d4fd031a22fa340d80ae6058bee0ef10aa643338dbc8f7650a08f79a37958b7?s=96&d=mm&r=g\",\"caption\":\"G\u00f6tz Attila\"},\"sameAs\":[\"https:\\\/\\\/hu.andersen.com\"],\"url\":\"https:\\\/\\\/hu.andersen.com\\\/hu\\\/author\\\/agotz\\\/\"}]}<\/script>\n<!-- \/ Yoast SEO Premium plugin. -->","yoast_head_json":{"title":"Megk\u00fcldte a MOHU az els\u0151 EPR sz\u00e1ml\u00e1kat \u2013 Mik a teend\u0151k? - Andersen Magyarorsz\u00e1g","description":"A kiterjesztett gy\u00e1rt\u00f3i felel\u0151ss\u00e9gi rendszerr\u0151l sz\u00f3l\u00f3 cikksorozatunk \u00faj r\u00e9sze.","robots":{"index":"index","follow":"follow","max-snippet":"max-snippet:-1","max-image-preview":"max-image-preview:large","max-video-preview":"max-video-preview:-1"},"canonical":"https:\/\/hu.andersen.com\/hu\/hirek\/megkuldte-a-mohu-az-elso-epr-szamlakat-mik-a-teendok\/","og_locale":"hu_HU","og_type":"article","og_title":"Megk\u00fcldte a MOHU az els\u0151 EPR sz\u00e1ml\u00e1kat \u2013 Mik a teend\u0151k?","og_description":"A kiterjesztett gy\u00e1rt\u00f3i felel\u0151ss\u00e9gi rendszerr\u0151l sz\u00f3l\u00f3 cikksorozatunk \u00faj r\u00e9sze.","og_url":"https:\/\/hu.andersen.com\/hu\/hirek\/megkuldte-a-mohu-az-elso-epr-szamlakat-mik-a-teendok\/","og_site_name":"Andersen Magyarorsz\u00e1g","article_published_time":"2023-11-17T14:31:27+00:00","article_modified_time":"2025-07-24T17:37:21+00:00","og_image":[{"width":1640,"height":780,"url":"https:\/\/hu.andersen.com\/wp-content\/uploads\/2023\/11\/hulladek-1640-780.jpg","type":"image\/jpeg"}],"author":"G\u00f6tz Attila","twitter_card":"summary_large_image","twitter_misc":{"Szerz\u0151:":"G\u00f6tz Attila","Becs\u00fclt olvas\u00e1si id\u0151":"4 perc"},"schema":{"@context":"https:\/\/schema.org","@graph":[{"@type":"Article","@id":"https:\/\/hu.andersen.com\/hu\/hirek\/megkuldte-a-mohu-az-elso-epr-szamlakat-mik-a-teendok\/#article","isPartOf":{"@id":"https:\/\/hu.andersen.com\/hu\/hirek\/megkuldte-a-mohu-az-elso-epr-szamlakat-mik-a-teendok\/"},"author":{"name":"G\u00f6tz Attila","@id":"https:\/\/hu.andersen.com\/#\/schema\/person\/57a8b81638277dac3324887812032990"},"headline":"Megk\u00fcldte a MOHU az els\u0151 EPR sz\u00e1ml\u00e1kat \u2013 Mik a teend\u0151k?","datePublished":"2023-11-17T14:31:27+00:00","dateModified":"2025-07-24T17:37:21+00:00","mainEntityOfPage":{"@id":"https:\/\/hu.andersen.com\/hu\/hirek\/megkuldte-a-mohu-az-elso-epr-szamlakat-mik-a-teendok\/"},"wordCount":735,"image":{"@id":"https:\/\/hu.andersen.com\/hu\/hirek\/megkuldte-a-mohu-az-elso-epr-szamlakat-mik-a-teendok\/#primaryimage"},"thumbnailUrl":"https:\/\/hu.andersen.com\/wp-content\/uploads\/2023\/11\/hulladek-1640-780.jpg","keywords":["slider"],"articleSection":["H\u00edrek"],"inLanguage":"hu"},{"@type":"WebPage","@id":"https:\/\/hu.andersen.com\/hu\/hirek\/megkuldte-a-mohu-az-elso-epr-szamlakat-mik-a-teendok\/","url":"https:\/\/hu.andersen.com\/hu\/hirek\/megkuldte-a-mohu-az-elso-epr-szamlakat-mik-a-teendok\/","name":"Megk\u00fcldte a MOHU az els\u0151 EPR sz\u00e1ml\u00e1kat \u2013 Mik a teend\u0151k? - Andersen Magyarorsz\u00e1g","isPartOf":{"@id":"https:\/\/hu.andersen.com\/#website"},"primaryImageOfPage":{"@id":"https:\/\/hu.andersen.com\/hu\/hirek\/megkuldte-a-mohu-az-elso-epr-szamlakat-mik-a-teendok\/#primaryimage"},"image":{"@id":"https:\/\/hu.andersen.com\/hu\/hirek\/megkuldte-a-mohu-az-elso-epr-szamlakat-mik-a-teendok\/#primaryimage"},"thumbnailUrl":"https:\/\/hu.andersen.com\/wp-content\/uploads\/2023\/11\/hulladek-1640-780.jpg","datePublished":"2023-11-17T14:31:27+00:00","dateModified":"2025-07-24T17:37:21+00:00","author":{"@id":"https:\/\/hu.andersen.com\/#\/schema\/person\/57a8b81638277dac3324887812032990"},"description":"A kiterjesztett gy\u00e1rt\u00f3i felel\u0151ss\u00e9gi rendszerr\u0151l sz\u00f3l\u00f3 cikksorozatunk \u00faj r\u00e9sze.","breadcrumb":{"@id":"https:\/\/hu.andersen.com\/hu\/hirek\/megkuldte-a-mohu-az-elso-epr-szamlakat-mik-a-teendok\/#breadcrumb"},"inLanguage":"hu","potentialAction":[{"@type":"ReadAction","target":["https:\/\/hu.andersen.com\/hu\/hirek\/megkuldte-a-mohu-az-elso-epr-szamlakat-mik-a-teendok\/"]}]},{"@type":"ImageObject","inLanguage":"hu","@id":"https:\/\/hu.andersen.com\/hu\/hirek\/megkuldte-a-mohu-az-elso-epr-szamlakat-mik-a-teendok\/#primaryimage","url":"https:\/\/hu.andersen.com\/wp-content\/uploads\/2023\/11\/hulladek-1640-780.jpg","contentUrl":"https:\/\/hu.andersen.com\/wp-content\/uploads\/2023\/11\/hulladek-1640-780.jpg","width":1640,"height":780,"caption":"MOHU hullad\u00e9k EPR"},{"@type":"BreadcrumbList","@id":"https:\/\/hu.andersen.com\/hu\/hirek\/megkuldte-a-mohu-az-elso-epr-szamlakat-mik-a-teendok\/#breadcrumb","itemListElement":[{"@type":"ListItem","position":1,"name":"Kezd\u0151lap","item":"https:\/\/hu.andersen.com\/hu\/"},{"@type":"ListItem","position":2,"name":"Megk\u00fcldte a MOHU az els\u0151 EPR sz\u00e1ml\u00e1kat \u2013 Mik a teend\u0151k?"}]},{"@type":"WebSite","@id":"https:\/\/hu.andersen.com\/#website","url":"https:\/\/hu.andersen.com\/","name":"Andersen In Hungary","description":"Ad\u00f3tan\u00e1csad\u00e1s \u00e9s jogi tan\u00e1csad\u00e1s","potentialAction":[{"@type":"SearchAction","target":{"@type":"EntryPoint","urlTemplate":"https:\/\/hu.andersen.com\/?s={search_term_string}"},"query-input":{"@type":"PropertyValueSpecification","valueRequired":true,"valueName":"search_term_string"}}],"inLanguage":"hu"},{"@type":"Person","@id":"https:\/\/hu.andersen.com\/#\/schema\/person\/57a8b81638277dac3324887812032990","name":"G\u00f6tz Attila","image":{"@type":"ImageObject","inLanguage":"hu","@id":"https:\/\/secure.gravatar.com\/avatar\/2d4fd031a22fa340d80ae6058bee0ef10aa643338dbc8f7650a08f79a37958b7?s=96&d=mm&r=g","url":"https:\/\/secure.gravatar.com\/avatar\/2d4fd031a22fa340d80ae6058bee0ef10aa643338dbc8f7650a08f79a37958b7?s=96&d=mm&r=g","contentUrl":"https:\/\/secure.gravatar.com\/avatar\/2d4fd031a22fa340d80ae6058bee0ef10aa643338dbc8f7650a08f79a37958b7?s=96&d=mm&r=g","caption":"G\u00f6tz Attila"},"sameAs":["https:\/\/hu.andersen.com"],"url":"https:\/\/hu.andersen.com\/hu\/author\/agotz\/"}]}},"_links":{"self":[{"href":"https:\/\/hu.andersen.com\/hu\/wp-json\/wp\/v2\/posts\/10205","targetHints":{"allow":["GET"]}}],"collection":[{"href":"https:\/\/hu.andersen.com\/hu\/wp-json\/wp\/v2\/posts"}],"about":[{"href":"https:\/\/hu.andersen.com\/hu\/wp-json\/wp\/v2\/types\/post"}],"author":[{"embeddable":true,"href":"https:\/\/hu.andersen.com\/hu\/wp-json\/wp\/v2\/users\/1028"}],"replies":[{"embeddable":true,"href":"https:\/\/hu.andersen.com\/hu\/wp-json\/wp\/v2\/comments?post=10205"}],"version-history":[{"count":9,"href":"https:\/\/hu.andersen.com\/hu\/wp-json\/wp\/v2\/posts\/10205\/revisions"}],"predecessor-version":[{"id":13627,"href":"https:\/\/hu.andersen.com\/hu\/wp-json\/wp\/v2\/posts\/10205\/revisions\/13627"}],"wp:featuredmedia":[{"embeddable":true,"href":"https:\/\/hu.andersen.com\/hu\/wp-json\/wp\/v2\/media\/10215"}],"wp:attachment":[{"href":"https:\/\/hu.andersen.com\/hu\/wp-json\/wp\/v2\/media?parent=10205"}],"wp:term":[{"taxonomy":"category","embeddable":true,"href":"https:\/\/hu.andersen.com\/hu\/wp-json\/wp\/v2\/categories?post=10205"},{"taxonomy":"post_tag","embeddable":true,"href":"https:\/\/hu.andersen.com\/hu\/wp-json\/wp\/v2\/tags?post=10205"}],"curies":[{"name":"wp","href":"https:\/\/api.w.org\/{rel}","templated":true}]}}