{"id":11518,"date":"2024-07-12T11:27:46","date_gmt":"2024-07-12T09:27:46","guid":{"rendered":"https:\/\/hu.andersen.com\/?p=11518"},"modified":"2024-11-19T12:11:24","modified_gmt":"2024-11-19T11:11:24","slug":"vedelmi-hozzajarulas-extraprofitado-szigoritas","status":"publish","type":"post","link":"https:\/\/hu.andersen.com\/hu\/hirek\/vedelmi-hozzajarulas-extraprofitado-szigoritas\/","title":{"rendered":"Minden, amit a v\u00e9delmi hozz\u00e1j\u00e1rul\u00e1sr\u00f3l eddig tudni lehet"},"content":{"rendered":"\n<p><strong>A v\u00e9delmi hozz\u00e1j\u00e1rul\u00e1s egy olyan \u00faj ad\u00f3z\u00e1si fogalom, amelyet a j\u00falius 8-i rendk\u00edv\u00fcli Korm\u00e1nyinf\u00f3n hallhattunk el\u0151sz\u00f6r. Ennek szab\u00e1lyai teljesk\u00f6r\u0171en m\u00e9g nem ismertek, a <a href=\"https:\/\/magyarkozlony.hu\/dokumentumok\/d3f99fa03573b140eea0adf18aedcad777559f8d\/megtekintes\">Magyar K\u00f6zl\u00f6nyben e h\u00e9t elej\u00e9n megjelent \u00faj ad\u00f3t\u00f6rv\u00e9ny-m\u00f3dos\u00edt\u00f3 rendeletek<\/a> azonban adnak n\u00e9mi t\u00e1mpontot az \u00e9rtelmez\u00e9shez. Ezek r\u00e9szleteit foglaltuk \u00f6ssze az al\u00e1bbiakban.<\/strong><\/p>\n\n\n\n<h2 class=\"wp-block-heading has-text-color has-link-color has-medium-font-size wp-elements-fe8575f701a4c3d4a56eda38b52e080c\" id=\"h-vedelmi-hozzajarulas-velunk-marado-extraprofitadok-szigorodo-szabalyok\" style=\"color:#901919\"><strong>V\u00e9delmi hozz\u00e1j\u00e1rul\u00e1s: vel\u00fcnk marad\u00f3 extraprofitad\u00f3k, szigorod\u00f3 szab\u00e1lyok<\/strong><\/h2>\n\n\n\n<p>Guly\u00e1s Gergely minisztereln\u00f6ks\u00e9get vezet\u0151 miniszter a j\u00falius 8-i rendk\u00edv\u00fcli Korm\u00e1nyinf\u00f3n jelentette be, hogy v\u00e9delmi hozz\u00e1j\u00e1rul\u00e1st kell fizetnie minden olyan v\u00e1llalatnak, amely a h\u00e1bor\u00fas id\u0151kben extraprofitra tett szert. Az els\u0151sorban a bankszertort, a multinacion\u00e1lis nagyv\u00e1llalatokat \u00e9s az energiac\u00e9geket \u00e9rint\u0151 int\u00e9zked\u00e9st\u0151l a korm\u00e1ny id\u00e9n t\u00f6bb sz\u00e1z milli\u00e1rd forintos k\u00f6lts\u00e9gvet\u00e9si pluszbev\u00e9telt v\u00e1r. A miniszter \u00fajs\u00e1g\u00edr\u00f3i k\u00e9rd\u00e9sre meger\u0151s\u00edtette, hogy a v\u00e9delmi hozz\u00e1j\u00e1rul\u00e1s nem \u00faj ad\u00f3nem lesz. A r\u00f6vid v\u00e1laszb\u00f3l arra lehet k\u00f6vetkeztetni, alapvet\u0151en ezzel a fogalommal \u00edrja le a korm\u00e1ny, hogy nem vezetik ki az eddig ismert k\u00fcl\u00f6nad\u00f3k egy r\u00e9sz\u00e9t, illetve szigor\u00edtj\u00e1k azok szab\u00e1lyait.<\/p>\n\n\n\n<h2 class=\"wp-block-heading has-text-color has-link-color has-medium-font-size wp-elements-ceeec3721a3e96d89175adb3984df9e4\" id=\"h-vonatkozo-kormanyrendeletek\" style=\"color:#901919\"><strong>Vonatkoz\u00f3 korm\u00e1nyrendeletek<\/strong><\/h2>\n\n\n\n<p>A Korm\u00e1nyinf\u00f3t k\u00f6vet\u0151en nem sokkal jelent meg a Magyar K\u00f6zl\u00f6nyben az 1201\/2024. (VII. 8.) sz\u00e1m\u00fa korm\u00e1nyhat\u00e1rozat az \u00fan. h\u00e1bor\u00faellenes akci\u00f3tervr\u0151l, amely arr\u00f3l rendelkezik, hogy a v\u00e9delmi hozz\u00e1j\u00e1rul\u00e1s a Honv\u00e9delmi Alap bev\u00e9tele legyen. A rendelet szerint a p\u00e9nz\u00fcgyminiszter \u00e9s a nemzetgazdas\u00e1gi miniszter feladata, hogy azonnali hat\u00e1llyal kidolgozza a sz\u00fcks\u00e9ges jogszab\u00e1ly-m\u00f3dos\u00edt\u00e1sokat.<\/p>\n\n\n\n<p>Ezen fel\u00fcl kihirdett\u00e9k a 183\/2024. (VII. 8.) sz\u00e1m\u00fa korm\u00e1nyrendeletet is, amellyel a korm\u00e1ny \u00fajra hozz\u00e1ny\u00falt a 2022-es megalkot\u00e1sa \u00f3ta m\u00e1r oly sokszor m\u00f3dos\u00edtott 197\/2022. (VI. 4.) sz\u00e1m\u00fa, az extraprofitad\u00f3kr\u00f3l sz\u00f3l\u00f3 korm\u00e1nyrendelethez. 2024. augusztus 1-j\u00e9t\u0151l \u00edgy jelent\u0151s v\u00e1ltoz\u00e1sok l\u00e9pnek \u00e9letbe a p\u00e9nz\u00fcgyi tranzakci\u00f3s illet\u00e9k ter\u00e9n, m\u00e1sr\u00e9szr\u0151l 2024. okt\u00f3ber 1-j\u00e9t\u0151l bevezetik a kieg\u00e9sz\u00edt\u0151 p\u00e9nz\u00fcgyi tranzakci\u00f3s illet\u00e9ket. A bankokat \u00e9s a k\u0151olajterm\u00e9k-el\u0151\u00e1ll\u00edt\u00f3t (azaz a MOL-t) terhel\u0151 extraprofit k\u00fcl\u00f6nad\u00f3k idei \u00e9vre vonatkoz\u00f3 szab\u00e1lyait is szigor\u00edtj\u00e1k.<\/p>\n\n\n\n<p>A jelenlegi korm\u00e1nyzati kommunik\u00e1ci\u00f3 alapj\u00e1n az egy\u00e9b extraprofitad\u00f3kat \u00e9s a kiskereskedelmi k\u00fcl\u00f6nad\u00f3t sem cs\u00f6kkentik 2024-ben, azonban nem is emelik. Nagy M\u00e1rton nemzetgazdas\u00e1gi miniszter j\u00falius 10-i sajt\u00f3t\u00e1j\u00e9koztat\u00f3j\u00e1n tov\u00e1bb\u00e1 azt is bejelentette, hogy 2025-t\u0151l kivezetik a t\u00e1vk\u00f6zl\u00e9si szektort, a l\u00e9gik\u00f6zleked\u00e9st \u00e9s a gy\u00f3gyszergy\u00e1rt\u00f3kat terhel\u0151 extraprofitad\u00f3kat. Ez azonban felveti azt a k\u00e9rd\u00e9st, hogy vajon az egy\u00e9b szektor\u00e1lis extraprofitad\u00f3k tov\u00e1bbra is vel\u00fcnk maradnak-e j\u00f6v\u0151re, annak ellen\u00e9re, hogy a kor\u00e1bbi kommunik\u00e1ci\u00f3 szerint azokat utolj\u00e1ra 2024-ben kell megfizetni.<\/p>\n\n\n\n<h2 class=\"wp-block-heading has-text-color has-link-color has-medium-font-size wp-elements-b54c489fa929697b70265675aec24afe\" id=\"h-a-vedelmi-hozzajarulas-eddig-ismert-elemei\" style=\"color:#901919\"><strong>A v\u00e9delmi hozz\u00e1j\u00e1rul\u00e1s eddig ismert elemei<\/strong><\/h2>\n\n\n\n<p>Az al\u00e1bbiakban az extraprofitad\u00f3r\u00f3l sz\u00f3l\u00f3 korm\u00e1nyrendeletet \u00e9rint\u0151 v\u00e1ltoz\u00e1sokat ismertetj\u00fck r\u00e9szleteiben. \u00c9rtelmez\u00e9s\u00fcnk szerint ezek r\u00e9sz\u00e9t k\u00e9pezik a v\u00e9delmi hozz\u00e1j\u00e1rul\u00e1s fogalomk\u00f6r\u00e9be tartoz\u00f3 int\u00e9zked\u00e9seknek.<\/p>\n\n\n\n<h3 class=\"wp-block-heading has-medium-font-size\" id=\"h-penzugyi-es-ertekpapir-tranzakcios-illetek\"><span style=\"text-decoration: underline\">P\u00e9nz\u00fcgyi \u00e9s \u00e9rt\u00e9kpap\u00edr tranzakci\u00f3s illet\u00e9k<\/span><\/h3>\n\n\n\n<p>A <a href=\"https:\/\/hu.andersen.com\/hu\/andersen-adoszotar\/tranzakcios-illetek\/\">p\u00e9nz\u00fcgyi tranzakci\u00f3s illet\u00e9k<\/a> legfontosabb szab\u00e1lyv\u00e1ltoz\u00e1sai a k\u00e9szp\u00e9nzbefizet\u00e9sek, a mag\u00e1nszem\u00e9lyek \u00e1tutal\u00e1sai, az \u00e1ltal\u00e1nos illet\u00e9km\u00e9rt\u00e9k \u00e9s a speci\u00e1lis tranzakci\u00f3k ter\u00e9n v\u00e1rhat\u00f3k. Ezek r\u00e9szletei:<\/p>\n\n\n\n<ul class=\"wp-block-list\">\n<li>A k\u00e9szp\u00e9nzbefizet\u00e9sek eset\u00e9n az illet\u00e9k alapja a Posta Elsz\u00e1mol\u00f3 K\u00f6zpontot m\u0171k\u00f6dtet\u0151 int\u00e9zm\u00e9ny \u00fatj\u00e1n kezdem\u00e9nyezett befizet\u00e9sek 50 ezer forintot meghalad\u00f3 \u00f6sszege lesz a jelenlegi 20 ezer forint helyett. Emellett a mag\u00e1nszem\u00e9lyek fizet\u00e9si sz\u00e1ml\u00e1ir\u00f3l t\u00f6rt\u00e9n\u0151 \u00e1tutal\u00e1sokn\u00e1l az illet\u00e9k alapja szint\u00e9n az 50 ezer forintot meghalad\u00f3 \u00f6sszeg lesz a jelenlegi 20 ezer forint helyett. Kiv\u00e9telt ez al\u00f3l az egy\u00e9ni v\u00e1llalkoz\u00f3i sz\u00e1ml\u00e1k k\u00e9peznek. <\/li>\n\n\n\n<li>Az \u00e1ltal\u00e1nos p\u00e9nz\u00fcgyi tranzakci\u00f3s illet\u00e9k m\u00e9rt\u00e9ke a kor\u00e1bbi 0,3 sz\u00e1zal\u00e9kos m\u00e9rt\u00e9kr\u0151l 0,45 sz\u00e1zal\u00e9kra emelkedik. Ezen fel\u00fcl fizet\u00e9si m\u0171veletenk\u00e9nt 10 ezer forintr\u00f3l 20 ezer forintra n\u0151 az illet\u00e9kfizet\u00e9s maximuma. A fizet\u00e9si sz\u00e1ml\u00e1r\u00f3l t\u00f6rt\u00e9n\u0151 k\u00e9szp\u00e9nzkifizet\u00e9sek, k\u00e9szp\u00e9nz-helyettes\u00edt\u0151 fizet\u00e9si eszk\u00f6z \u00fatj\u00e1n t\u00f6rt\u00e9n\u0151 k\u00e9szp\u00e9nzkifizet\u00e9sek eset\u00e9n az illet\u00e9k m\u00e9rt\u00e9ke 0,6 sz\u00e1zal\u00e9kr\u00f3l 0,9 sz\u00e1zal\u00e9kra emelkedik. Ha az illet\u00e9kfizet\u00e9sre a Posta Elsz\u00e1mol\u00f3 K\u00f6zpontot m\u0171k\u00f6dtet\u0151 int\u00e9zm\u00e9ny k\u00f6telezett, akkor 0,3-r\u00f3l 0,45 sz\u00e1zal\u00e9kra emelkedik 20 ezer forintos illet\u00e9kfizet\u00e9si maximummal. Ez kor\u00e1bban 10 ezer forint volt.<\/li>\n\n\n\n<li>Speci\u00e1lis esetk\u00e9nt a p\u00e9nz\u00fcgyi eszk\u00f6z v\u00e9tele tov\u00e1bbra is mentes\u00fcl az \u00e9rt\u00e9kpap\u00edr tranzakci\u00f3s illet\u00e9k al\u00f3l, ha mag\u00e1nszem\u00e9ly jav\u00e1ra t\u00f6rt\u00e9nik. De csak akkor, ha az \u00e9rt\u00e9ke a kor\u00e1bbi 20 ezer forint helyett nem haladja meg az 50 ezer forintot. A mentes\u00fcl\u00e9sekkel kapcsolatos v\u00e1ltoz\u00e1sok 2024 augusztus\u00e1t\u00f3l v\u00e1lnak hat\u00e1lyoss\u00e1.<\/li>\n<\/ul>\n\n\n\n<h3 class=\"wp-block-heading has-medium-font-size\" id=\"h-kiegeszito-penzugyi-tranzakcios-illetek-devizavaltasi-illetek\"><span style=\"text-decoration: underline\">Kieg\u00e9sz\u00edt\u0151 p\u00e9nz\u00fcgyi tranzakci\u00f3s illet\u00e9k (devizav\u00e1lt\u00e1si illet\u00e9k)<\/span><\/h3>\n\n\n\n<p>Az \u00faj szab\u00e1lyoz\u00e1s \u00e9rtelm\u00e9ben egy \u00fajabb, a p\u00e9nz\u00fcgyi szektort \u00e9rint\u0151 illet\u00e9kterhet is kivetnek 2024. okt\u00f3ber 1-j\u00e9t\u0151l. Amennyiben egy fizet\u00e9si m\u0171velet, p\u00e9nz\u00fcgyi eszk\u00f6z v\u00e9tel\u00e9re vagy cser\u00e9re ir\u00e1nyul\u00f3 \u00fcgylet mag\u00e1ban foglalja a k\u00fcl\u00f6nb\u00f6z\u0151 p\u00e9nznemek k\u00f6z\u00f6tti \u00e1tv\u00e1lt\u00e1st, akkor erre vonatkoz\u00f3an \u00fan. kieg\u00e9sz\u00edt\u0151 p\u00e9nz\u00fcgyi tranzakci\u00f3s illet\u00e9ket kell megfizetni. Ezt az \u00fcgylet \u00e9rt\u00e9k\u00e9re vonatkoz\u00f3an az \u00e1ltal\u00e1nos tranzakci\u00f3s illet\u00e9ken fel\u00fcl kell megfizetni. M\u00e9rt\u00e9ke 0,45 sz\u00e1zal\u00e9k, de fizet\u00e9si m\u0171veletenk\u00e9nt legfeljebb 20 ezer forint.<\/p>\n\n\n\n<h3 class=\"wp-block-heading has-medium-font-size\" id=\"h-penzintezeti-kulonado-mint-a-vedelmi-hozzajarulas-resze\"><span style=\"text-decoration: underline\">P\u00e9nzint\u00e9zeti k\u00fcl\u00f6nad\u00f3, mint a v\u00e9delmi hozz\u00e1j\u00e1rul\u00e1s r\u00e9sze<\/span><\/h3>\n\n\n\n<p>Az extraprofitad\u00f3kr\u00f3l sz\u00f3l\u00f3 korm\u00e1nyrendelet tov\u00e1bbi m\u00f3dos\u00edt\u00e1sa a banki k\u00fcl\u00f6nad\u00f3t cs\u00f6kkent\u0151 t\u00e9tel meg\u00e1llap\u00edt\u00e1s\u00e1ra vonatkozik.<\/p>\n\n\n\n<p>A m\u00e1r jelenleg is \u00e9rv\u00e9nyes szab\u00e1lyoz\u00e1s szerint, ha egy hitelint\u00e9zet vagy p\u00e9nz\u00fcgyi v\u00e1llalkoz\u00e1s 2024. janu\u00e1r 1-je \u00e9s november 30-a k\u00f6z\u00f6tt az \u00e1llampap\u00edrok napi \u00e1tlagos \u00e1llom\u00e1ny\u00e1t n\u00f6veli a 2023. janu\u00e1r 1-je \u00e9s \u00e1prilis 30-a k\u00f6z\u00f6tti id\u0151szakhoz k\u00e9pest, akkor a k\u00fcl\u00f6nad\u00f3 fizet\u00e9si k\u00f6telezetts\u00e9g cs\u00f6kkenthet\u0151. A cs\u00f6kkent\u00e9s m\u00e9rt\u00e9ke az \u00e1llampap\u00edrok n\u00e9v\u00e9rt\u00e9kn\u00f6vekm\u00e9ny\u00e9nek 10%-a, de legfeljebb a fizetend\u0151 k\u00fcl\u00f6nad\u00f3 50%-a. \u00c1llampap\u00edrk\u00e9nt a 2027. janu\u00e1r 1-je ut\u00e1n lej\u00e1r\u00f3, forintban denomin\u00e1lt \u00e1llamk\u00f6tv\u00e9nyek vehet\u0151k figyelembe, kiv\u00e9ve bizonyos p\u00e9nz\u00fcgyi \u00fcgyletek keret\u00e9ben megszerzett \u00e1llampap\u00edrokat.<\/p>\n\n\n\n<p>A m\u00f3dos\u00edt\u00e1st pontos\u00edtja, hogy 2024. augusztus 1-j\u00e9t\u0151l milyen t\u00edpus\u00fa \u00e1llampap\u00edrok \u00e9s p\u00e9nz\u00fcgyi \u00fcgyletek vehet\u0151k vagy nem vehet\u0151k figyelembe az \u00e1llampap\u00edr \u00e1llom\u00e1ny n\u00f6vekm\u00e9ny sz\u00e1m\u00edt\u00e1sakor. Ezen fel\u00fcl pontos\u00edtja az \u00e1llampap\u00edrok napi \u00e1tlagos \u00e1llom\u00e1ny\u00e1nak meghat\u00e1roz\u00e1s\u00e1ra vonatkoz\u00f3 sz\u00e1m\u00edt\u00e1si m\u00f3dszert is. Eszerint a n\u00f6vekm\u00e9ny sz\u00e1m\u00edt\u00e1sakor az \u00e1llampap\u00edrok n\u00e9v\u00e9rt\u00e9k\u00e9t kell figyelembe venni.<\/p>\n\n\n\n<p>B\u00e1r a p\u00e9nzint\u00e9zeti k\u00fcl\u00f6nad\u00f3 m\u00e9rt\u00e9ke nem v\u00e1ltozik, a m\u00f3dos\u00edt\u00e1sra a korm\u00e1nyinf\u00f3n elhangzottak szerint az\u00e9rt volt sz\u00fcks\u00e9g, mivel a k\u00fcl\u00f6nad\u00f3val \u00e9rintett bankok nem a jogalkot\u00f3 sz\u00e1nd\u00e9ka szerint \u00e9rtelmezt\u00e9k az \u00e1llampap\u00edr-v\u00e1s\u00e1rl\u00e1st \u00f6szt\u00f6nz\u0151 szab\u00e1lyoz\u00e1st. Az \u00e1llampap\u00edr \u00e1llom\u00e1ny t\u00e9nyleges n\u00f6vel\u00e9se helyett az \u00e1llampap\u00edr \u00e1llom\u00e1nyuk \u00e1tcsoportos\u00edt\u00e1sa r\u00e9v\u00e9n \u00e9rt\u00e9k el a megjel\u00f6lt \u00e1llampap\u00edrok \u00e1llom\u00e1ny\u00e1nak n\u00f6veked\u00e9s\u00e9t \u00e9s hasznos\u00edtott\u00e1k az 50 sz\u00e1zal\u00e9kos ad\u00f3kedvezm\u00e9nyt.<\/p>\n\n\n\n<h3 class=\"wp-block-heading has-medium-font-size\" id=\"h-koolajtermek-eloallitok-kulonadoja\"><span style=\"text-decoration: underline\">K\u0151olajterm\u00e9k-el\u0151\u00e1ll\u00edt\u00f3k k\u00fcl\u00f6nad\u00f3ja<\/span><\/h3>\n\n\n\n<p>A k\u0151olajterm\u00e9k-el\u0151\u00e1ll\u00edt\u00f3 2024. ad\u00f3\u00e9vre vonatkoz\u00f3 95 sz\u00e1zal\u00e9kos k\u00fcl\u00f6nad\u00f3ja ad\u00f3alapj\u00e1nak kisz\u00e1m\u00edt\u00e1sakor az Oroszorsz\u00e1gi F\u00f6der\u00e1ci\u00f3b\u00f3l sz\u00e1rmaz\u00f3 \u00e9s a k\u0151olaj Brent platformon jegyzett vil\u00e1gpiaci \u00e1ra k\u00f6z\u00f6tti \u00e1rk\u00fcl\u00f6nb\u00f6zetet 2024. augusztus 1-j\u00e9t\u0151l hord\u00f3nk\u00e9nt m\u00e1r nem 7,5 amerikai doll\u00e1rral, hanem csak 5 doll\u00e1rral cs\u00f6kkentheti.<\/p>\n\n\n\n<h2 class=\"wp-block-heading has-text-color has-link-color has-medium-font-size wp-elements-f541a12fdeb5cdc1f0cb91e8f2709e97\" id=\"h-podcast-adas-a-vedelmi-hozzajarulasrol\" style=\"color:#901919\"><strong>Podcast ad\u00e1s a v\u00e9delmi hozz\u00e1j\u00e1rul\u00e1sr\u00f3l<\/strong><\/h2>\n\n\n\n<p>A Nyugt\u00e1val dics\u00e9rd a NAV-ot podcast ad\u00f3szak\u00e9rt\u0151i egy j\u00falius eleji ad\u00e1sban r\u00e9szletesen foglalkoztak a korm\u00e1ny v\u00e9delmi hozz\u00e1j\u00e1rul\u00e1s c\u00edm\u00e9n bevezetett int\u00e9zked\u00e9seivel. A besz\u00e9lget\u00e9s sor\u00e1n kit\u00e9rtek azok c\u00e9ljaira, h\u00e1tter\u00e9re \u00e9s lehets\u00e9ges hat\u00e1saira. Az ad\u00e1s itt \u00e9rhet\u0151 el:<\/p>\n\n\n\n<figure class=\"wp-block-embed aligncenter is-type-video is-provider-youtube wp-block-embed-youtube wp-embed-aspect-16-9 wp-has-aspect-ratio\"><div class=\"wp-block-embed__wrapper\">\n<iframe loading=\"lazy\" title=\"V\u00e9delmi hozz\u00e1j\u00e1rul\u00e1s: van v\u00e9delmi p\u00e9nz az ad\u00f3z\u00e1sban is? | EP75\" width=\"500\" height=\"281\" src=\"https:\/\/www.youtube.com\/embed\/azjJLT3tMXc?feature=oembed\" frameborder=\"0\" allow=\"accelerometer; autoplay; clipboard-write; encrypted-media; gyroscope; picture-in-picture; web-share\" referrerpolicy=\"strict-origin-when-cross-origin\" allowfullscreen><\/iframe>\n<\/div><\/figure>\n\n\n\n<h2 class=\"wp-block-heading has-text-color has-link-color has-medium-font-size wp-elements-fea5547413e5c42fa516ba5edf6b5685\" id=\"h-vedelmi-ado-vedelmi-kulonado\" style=\"color:#901919\"><strong>V\u00e9delmi ad\u00f3, v\u00e9delmi k\u00fcl\u00f6nad\u00f3<\/strong><\/h2>\n\n\n\n<p>\u00c9rdemes megjegyezni, hogy a v\u00e9delmi hozz\u00e1j\u00e1rul\u00e1s egy teljesen \u00faj ad\u00f3z\u00e1si fogalom, amellyel az ad\u00f3tan\u00e1csad\u00f3k, a gazdas\u00e1gi szakemberek \u00e9s az \u00e9rintett c\u00e9gek is csak most ismerkednek. \u00c9rdekess\u00e9g, hogy az int\u00e9zked\u00e9scsomagot a k\u00f6znyelv m\u00e1r v\u00e9delmi ad\u00f3 vagy v\u00e9delmi k\u00fcl\u00f6nad\u00f3 n\u00e9ven is emlegeti.<\/p>\n\n\n\n<p><em>A v\u00e9delmi hozz\u00e1j\u00e1rul\u00e1s fogalm\u00e1val kapcsolatos k\u00e9rd\u00e9sek eset\u00e9n az Andersen ad\u00f3tan\u00e1csad\u00f3i \u00e1llnak rendelkez\u00e9s\u00e9re.<\/em><\/p>\n\n\n\n<div class=\"wp-block-buttons is-content-justification-center is-layout-flex wp-container-core-buttons-is-layout-16018d1d wp-block-buttons-is-layout-flex\">\n<div class=\"wp-block-button\"><a class=\"wp-block-button__link has-white-color has-text-color has-background has-link-color wp-element-button\" href=\"https:\/\/hu.andersen.com\/hu\/kapcsolat\/\" style=\"background-color:#a41616\">L\u00e9pjen kapcsolatba vel\u00fcnk!<\/a><\/div>\n<\/div>\n","protected":false},"excerpt":{"rendered":"<p>A szab\u00e1lyok teljesk\u00f6r\u0171en m\u00e9g nem ismertek, de a Magyar K\u00f6zl\u00f6nyben megjelent \u00faj ad\u00f3t\u00f6rv\u00e9ny-m\u00f3dos\u00edt\u00f3 rendeletek adnak n\u00e9mi t\u00e1mpontot.<\/p>\n","protected":false},"author":1028,"featured_media":11527,"comment_status":"closed","ping_status":"closed","sticky":false,"template":"","format":"standard","meta":{"_acf_changed":false,"_genesis_hide_title":false,"_genesis_hide_breadcrumbs":false,"_genesis_hide_singular_image":false,"_genesis_hide_footer_widgets":false,"_genesis_custom_body_class":"","_genesis_custom_post_class":"","_genesis_layout":"","footnotes":""},"categories":[38],"tags":[41],"class_list":{"0":"post-11518","1":"post","2":"type-post","3":"status-publish","4":"format-standard","5":"has-post-thumbnail","7":"category-hirek","8":"tag-slider-2","9":"entry"},"acf":[],"featured_image_src":"https:\/\/hu.andersen.com\/wp-content\/uploads\/2024\/07\/vedelmi-hozzajarulas-kormanyinfo-adotorveny-modositas-andersen.jpg","author_info":{"display_name":"G\u00f6tz Attila","author_link":"https:\/\/hu.andersen.com\/hu\/author\/agotz\/"},"yoast_head":"<!-- This site is optimized with the Yoast SEO Premium plugin v27.4 (Yoast SEO v27.4) - https:\/\/yoast.com\/product\/yoast-seo-premium-wordpress\/ -->\n<title>Minden, amit a v\u00e9delmi hozz\u00e1j\u00e1rul\u00e1sr\u00f3l eddig tudni lehet<\/title>\n<meta name=\"description\" content=\"A v\u00e9delmi hozz\u00e1j\u00e1rul\u00e1s egy \u00faj ad\u00f3z\u00e1si fogalom, amelyet a j\u00falius 8-i rendk\u00edv\u00fcli Korm\u00e1nyinf\u00f3n ismerhett\u00fcnk meg. \u00d6sszefoglaltuk a r\u00e9szleteket.\" \/>\n<meta name=\"robots\" content=\"index, follow, max-snippet:-1, max-image-preview:large, max-video-preview:-1\" \/>\n<link rel=\"canonical\" href=\"https:\/\/hu.andersen.com\/hu\/hirek\/vedelmi-hozzajarulas-extraprofitado-szigoritas\/\" \/>\n<meta property=\"og:locale\" content=\"hu_HU\" \/>\n<meta property=\"og:type\" content=\"article\" \/>\n<meta property=\"og:title\" content=\"Minden, amit a v\u00e9delmi hozz\u00e1j\u00e1rul\u00e1sr\u00f3l eddig tudni lehet\" \/>\n<meta property=\"og:description\" content=\"A v\u00e9delmi hozz\u00e1j\u00e1rul\u00e1s egy \u00faj ad\u00f3z\u00e1si fogalom, amelyet a j\u00falius 8-i rendk\u00edv\u00fcli Korm\u00e1nyinf\u00f3n ismerhett\u00fcnk meg. \u00d6sszefoglaltuk a r\u00e9szleteket.\" \/>\n<meta property=\"og:url\" content=\"https:\/\/hu.andersen.com\/hu\/hirek\/vedelmi-hozzajarulas-extraprofitado-szigoritas\/\" \/>\n<meta property=\"og:site_name\" content=\"Andersen Magyarorsz\u00e1g\" \/>\n<meta property=\"article:published_time\" content=\"2024-07-12T09:27:46+00:00\" \/>\n<meta property=\"article:modified_time\" content=\"2024-11-19T11:11:24+00:00\" \/>\n<meta property=\"og:image\" content=\"https:\/\/hu.andersen.com\/wp-content\/uploads\/2024\/07\/vedelmi-hozzajarulas-kormanyinfo-adotorveny-modositas-andersen.jpg\" \/>\n\t<meta property=\"og:image:width\" content=\"1640\" \/>\n\t<meta property=\"og:image:height\" content=\"780\" \/>\n\t<meta property=\"og:image:type\" content=\"image\/jpeg\" \/>\n<meta name=\"author\" content=\"G\u00f6tz Attila\" \/>\n<meta name=\"twitter:card\" content=\"summary_large_image\" \/>\n<meta name=\"twitter:label1\" content=\"Szerz\u0151:\" \/>\n\t<meta name=\"twitter:data1\" content=\"G\u00f6tz Attila\" \/>\n\t<meta name=\"twitter:label2\" content=\"Becs\u00fclt olvas\u00e1si id\u0151\" \/>\n\t<meta name=\"twitter:data2\" content=\"8 perc\" \/>\n<script type=\"application\/ld+json\" class=\"yoast-schema-graph\">{\"@context\":\"https:\\\/\\\/schema.org\",\"@graph\":[{\"@type\":\"Article\",\"@id\":\"https:\\\/\\\/hu.andersen.com\\\/hu\\\/hirek\\\/vedelmi-hozzajarulas-extraprofitado-szigoritas\\\/#article\",\"isPartOf\":{\"@id\":\"https:\\\/\\\/hu.andersen.com\\\/hu\\\/hirek\\\/vedelmi-hozzajarulas-extraprofitado-szigoritas\\\/\"},\"author\":{\"name\":\"G\u00f6tz Attila\",\"@id\":\"https:\\\/\\\/hu.andersen.com\\\/#\\\/schema\\\/person\\\/57a8b81638277dac3324887812032990\"},\"headline\":\"Minden, amit a v\u00e9delmi hozz\u00e1j\u00e1rul\u00e1sr\u00f3l eddig tudni lehet\",\"datePublished\":\"2024-07-12T09:27:46+00:00\",\"dateModified\":\"2024-11-19T11:11:24+00:00\",\"mainEntityOfPage\":{\"@id\":\"https:\\\/\\\/hu.andersen.com\\\/hu\\\/hirek\\\/vedelmi-hozzajarulas-extraprofitado-szigoritas\\\/\"},\"wordCount\":1706,\"image\":{\"@id\":\"https:\\\/\\\/hu.andersen.com\\\/hu\\\/hirek\\\/vedelmi-hozzajarulas-extraprofitado-szigoritas\\\/#primaryimage\"},\"thumbnailUrl\":\"https:\\\/\\\/hu.andersen.com\\\/wp-content\\\/uploads\\\/2024\\\/07\\\/vedelmi-hozzajarulas-kormanyinfo-adotorveny-modositas-andersen.jpg\",\"keywords\":[\"slider\"],\"articleSection\":[\"H\u00edrek\"],\"inLanguage\":\"hu\"},{\"@type\":\"WebPage\",\"@id\":\"https:\\\/\\\/hu.andersen.com\\\/hu\\\/hirek\\\/vedelmi-hozzajarulas-extraprofitado-szigoritas\\\/\",\"url\":\"https:\\\/\\\/hu.andersen.com\\\/hu\\\/hirek\\\/vedelmi-hozzajarulas-extraprofitado-szigoritas\\\/\",\"name\":\"Minden, amit a v\u00e9delmi hozz\u00e1j\u00e1rul\u00e1sr\u00f3l eddig tudni lehet\",\"isPartOf\":{\"@id\":\"https:\\\/\\\/hu.andersen.com\\\/#website\"},\"primaryImageOfPage\":{\"@id\":\"https:\\\/\\\/hu.andersen.com\\\/hu\\\/hirek\\\/vedelmi-hozzajarulas-extraprofitado-szigoritas\\\/#primaryimage\"},\"image\":{\"@id\":\"https:\\\/\\\/hu.andersen.com\\\/hu\\\/hirek\\\/vedelmi-hozzajarulas-extraprofitado-szigoritas\\\/#primaryimage\"},\"thumbnailUrl\":\"https:\\\/\\\/hu.andersen.com\\\/wp-content\\\/uploads\\\/2024\\\/07\\\/vedelmi-hozzajarulas-kormanyinfo-adotorveny-modositas-andersen.jpg\",\"datePublished\":\"2024-07-12T09:27:46+00:00\",\"dateModified\":\"2024-11-19T11:11:24+00:00\",\"author\":{\"@id\":\"https:\\\/\\\/hu.andersen.com\\\/#\\\/schema\\\/person\\\/57a8b81638277dac3324887812032990\"},\"description\":\"A v\u00e9delmi hozz\u00e1j\u00e1rul\u00e1s egy \u00faj ad\u00f3z\u00e1si fogalom, amelyet a j\u00falius 8-i rendk\u00edv\u00fcli Korm\u00e1nyinf\u00f3n ismerhett\u00fcnk meg. \u00d6sszefoglaltuk a r\u00e9szleteket.\",\"breadcrumb\":{\"@id\":\"https:\\\/\\\/hu.andersen.com\\\/hu\\\/hirek\\\/vedelmi-hozzajarulas-extraprofitado-szigoritas\\\/#breadcrumb\"},\"inLanguage\":\"hu\",\"potentialAction\":[{\"@type\":\"ReadAction\",\"target\":[\"https:\\\/\\\/hu.andersen.com\\\/hu\\\/hirek\\\/vedelmi-hozzajarulas-extraprofitado-szigoritas\\\/\"]}]},{\"@type\":\"ImageObject\",\"inLanguage\":\"hu\",\"@id\":\"https:\\\/\\\/hu.andersen.com\\\/hu\\\/hirek\\\/vedelmi-hozzajarulas-extraprofitado-szigoritas\\\/#primaryimage\",\"url\":\"https:\\\/\\\/hu.andersen.com\\\/wp-content\\\/uploads\\\/2024\\\/07\\\/vedelmi-hozzajarulas-kormanyinfo-adotorveny-modositas-andersen.jpg\",\"contentUrl\":\"https:\\\/\\\/hu.andersen.com\\\/wp-content\\\/uploads\\\/2024\\\/07\\\/vedelmi-hozzajarulas-kormanyinfo-adotorveny-modositas-andersen.jpg\",\"width\":1640,\"height\":780,\"caption\":\"V\u00e9delmi hozz\u00e1j\u00e1rul\u00e1s: \u00f6sszefoglaltuk a legfontosabb r\u00e9szleteket\"},{\"@type\":\"BreadcrumbList\",\"@id\":\"https:\\\/\\\/hu.andersen.com\\\/hu\\\/hirek\\\/vedelmi-hozzajarulas-extraprofitado-szigoritas\\\/#breadcrumb\",\"itemListElement\":[{\"@type\":\"ListItem\",\"position\":1,\"name\":\"Kezd\u0151lap\",\"item\":\"https:\\\/\\\/hu.andersen.com\\\/hu\\\/\"},{\"@type\":\"ListItem\",\"position\":2,\"name\":\"Minden, amit a v\u00e9delmi hozz\u00e1j\u00e1rul\u00e1sr\u00f3l eddig tudni lehet\"}]},{\"@type\":\"WebSite\",\"@id\":\"https:\\\/\\\/hu.andersen.com\\\/#website\",\"url\":\"https:\\\/\\\/hu.andersen.com\\\/\",\"name\":\"Andersen In Hungary\",\"description\":\"Ad\u00f3tan\u00e1csad\u00e1s \u00e9s jogi tan\u00e1csad\u00e1s\",\"potentialAction\":[{\"@type\":\"SearchAction\",\"target\":{\"@type\":\"EntryPoint\",\"urlTemplate\":\"https:\\\/\\\/hu.andersen.com\\\/?s={search_term_string}\"},\"query-input\":{\"@type\":\"PropertyValueSpecification\",\"valueRequired\":true,\"valueName\":\"search_term_string\"}}],\"inLanguage\":\"hu\"},{\"@type\":\"Person\",\"@id\":\"https:\\\/\\\/hu.andersen.com\\\/#\\\/schema\\\/person\\\/57a8b81638277dac3324887812032990\",\"name\":\"G\u00f6tz Attila\",\"image\":{\"@type\":\"ImageObject\",\"inLanguage\":\"hu\",\"@id\":\"https:\\\/\\\/secure.gravatar.com\\\/avatar\\\/2d4fd031a22fa340d80ae6058bee0ef10aa643338dbc8f7650a08f79a37958b7?s=96&d=mm&r=g\",\"url\":\"https:\\\/\\\/secure.gravatar.com\\\/avatar\\\/2d4fd031a22fa340d80ae6058bee0ef10aa643338dbc8f7650a08f79a37958b7?s=96&d=mm&r=g\",\"contentUrl\":\"https:\\\/\\\/secure.gravatar.com\\\/avatar\\\/2d4fd031a22fa340d80ae6058bee0ef10aa643338dbc8f7650a08f79a37958b7?s=96&d=mm&r=g\",\"caption\":\"G\u00f6tz Attila\"},\"sameAs\":[\"https:\\\/\\\/hu.andersen.com\"],\"url\":\"https:\\\/\\\/hu.andersen.com\\\/hu\\\/author\\\/agotz\\\/\"}]}<\/script>\n<!-- \/ Yoast SEO Premium plugin. -->","yoast_head_json":{"title":"Minden, amit a v\u00e9delmi hozz\u00e1j\u00e1rul\u00e1sr\u00f3l eddig tudni lehet","description":"A v\u00e9delmi hozz\u00e1j\u00e1rul\u00e1s egy \u00faj ad\u00f3z\u00e1si fogalom, amelyet a j\u00falius 8-i rendk\u00edv\u00fcli Korm\u00e1nyinf\u00f3n ismerhett\u00fcnk meg. \u00d6sszefoglaltuk a r\u00e9szleteket.","robots":{"index":"index","follow":"follow","max-snippet":"max-snippet:-1","max-image-preview":"max-image-preview:large","max-video-preview":"max-video-preview:-1"},"canonical":"https:\/\/hu.andersen.com\/hu\/hirek\/vedelmi-hozzajarulas-extraprofitado-szigoritas\/","og_locale":"hu_HU","og_type":"article","og_title":"Minden, amit a v\u00e9delmi hozz\u00e1j\u00e1rul\u00e1sr\u00f3l eddig tudni lehet","og_description":"A v\u00e9delmi hozz\u00e1j\u00e1rul\u00e1s egy \u00faj ad\u00f3z\u00e1si fogalom, amelyet a j\u00falius 8-i rendk\u00edv\u00fcli Korm\u00e1nyinf\u00f3n ismerhett\u00fcnk meg. \u00d6sszefoglaltuk a r\u00e9szleteket.","og_url":"https:\/\/hu.andersen.com\/hu\/hirek\/vedelmi-hozzajarulas-extraprofitado-szigoritas\/","og_site_name":"Andersen Magyarorsz\u00e1g","article_published_time":"2024-07-12T09:27:46+00:00","article_modified_time":"2024-11-19T11:11:24+00:00","og_image":[{"width":1640,"height":780,"url":"https:\/\/hu.andersen.com\/wp-content\/uploads\/2024\/07\/vedelmi-hozzajarulas-kormanyinfo-adotorveny-modositas-andersen.jpg","type":"image\/jpeg"}],"author":"G\u00f6tz Attila","twitter_card":"summary_large_image","twitter_misc":{"Szerz\u0151:":"G\u00f6tz Attila","Becs\u00fclt olvas\u00e1si id\u0151":"8 perc"},"schema":{"@context":"https:\/\/schema.org","@graph":[{"@type":"Article","@id":"https:\/\/hu.andersen.com\/hu\/hirek\/vedelmi-hozzajarulas-extraprofitado-szigoritas\/#article","isPartOf":{"@id":"https:\/\/hu.andersen.com\/hu\/hirek\/vedelmi-hozzajarulas-extraprofitado-szigoritas\/"},"author":{"name":"G\u00f6tz Attila","@id":"https:\/\/hu.andersen.com\/#\/schema\/person\/57a8b81638277dac3324887812032990"},"headline":"Minden, amit a v\u00e9delmi hozz\u00e1j\u00e1rul\u00e1sr\u00f3l eddig tudni lehet","datePublished":"2024-07-12T09:27:46+00:00","dateModified":"2024-11-19T11:11:24+00:00","mainEntityOfPage":{"@id":"https:\/\/hu.andersen.com\/hu\/hirek\/vedelmi-hozzajarulas-extraprofitado-szigoritas\/"},"wordCount":1706,"image":{"@id":"https:\/\/hu.andersen.com\/hu\/hirek\/vedelmi-hozzajarulas-extraprofitado-szigoritas\/#primaryimage"},"thumbnailUrl":"https:\/\/hu.andersen.com\/wp-content\/uploads\/2024\/07\/vedelmi-hozzajarulas-kormanyinfo-adotorveny-modositas-andersen.jpg","keywords":["slider"],"articleSection":["H\u00edrek"],"inLanguage":"hu"},{"@type":"WebPage","@id":"https:\/\/hu.andersen.com\/hu\/hirek\/vedelmi-hozzajarulas-extraprofitado-szigoritas\/","url":"https:\/\/hu.andersen.com\/hu\/hirek\/vedelmi-hozzajarulas-extraprofitado-szigoritas\/","name":"Minden, amit a v\u00e9delmi hozz\u00e1j\u00e1rul\u00e1sr\u00f3l eddig tudni lehet","isPartOf":{"@id":"https:\/\/hu.andersen.com\/#website"},"primaryImageOfPage":{"@id":"https:\/\/hu.andersen.com\/hu\/hirek\/vedelmi-hozzajarulas-extraprofitado-szigoritas\/#primaryimage"},"image":{"@id":"https:\/\/hu.andersen.com\/hu\/hirek\/vedelmi-hozzajarulas-extraprofitado-szigoritas\/#primaryimage"},"thumbnailUrl":"https:\/\/hu.andersen.com\/wp-content\/uploads\/2024\/07\/vedelmi-hozzajarulas-kormanyinfo-adotorveny-modositas-andersen.jpg","datePublished":"2024-07-12T09:27:46+00:00","dateModified":"2024-11-19T11:11:24+00:00","author":{"@id":"https:\/\/hu.andersen.com\/#\/schema\/person\/57a8b81638277dac3324887812032990"},"description":"A v\u00e9delmi hozz\u00e1j\u00e1rul\u00e1s egy \u00faj ad\u00f3z\u00e1si fogalom, amelyet a j\u00falius 8-i rendk\u00edv\u00fcli Korm\u00e1nyinf\u00f3n ismerhett\u00fcnk meg. \u00d6sszefoglaltuk a r\u00e9szleteket.","breadcrumb":{"@id":"https:\/\/hu.andersen.com\/hu\/hirek\/vedelmi-hozzajarulas-extraprofitado-szigoritas\/#breadcrumb"},"inLanguage":"hu","potentialAction":[{"@type":"ReadAction","target":["https:\/\/hu.andersen.com\/hu\/hirek\/vedelmi-hozzajarulas-extraprofitado-szigoritas\/"]}]},{"@type":"ImageObject","inLanguage":"hu","@id":"https:\/\/hu.andersen.com\/hu\/hirek\/vedelmi-hozzajarulas-extraprofitado-szigoritas\/#primaryimage","url":"https:\/\/hu.andersen.com\/wp-content\/uploads\/2024\/07\/vedelmi-hozzajarulas-kormanyinfo-adotorveny-modositas-andersen.jpg","contentUrl":"https:\/\/hu.andersen.com\/wp-content\/uploads\/2024\/07\/vedelmi-hozzajarulas-kormanyinfo-adotorveny-modositas-andersen.jpg","width":1640,"height":780,"caption":"V\u00e9delmi hozz\u00e1j\u00e1rul\u00e1s: \u00f6sszefoglaltuk a legfontosabb r\u00e9szleteket"},{"@type":"BreadcrumbList","@id":"https:\/\/hu.andersen.com\/hu\/hirek\/vedelmi-hozzajarulas-extraprofitado-szigoritas\/#breadcrumb","itemListElement":[{"@type":"ListItem","position":1,"name":"Kezd\u0151lap","item":"https:\/\/hu.andersen.com\/hu\/"},{"@type":"ListItem","position":2,"name":"Minden, amit a v\u00e9delmi hozz\u00e1j\u00e1rul\u00e1sr\u00f3l eddig tudni lehet"}]},{"@type":"WebSite","@id":"https:\/\/hu.andersen.com\/#website","url":"https:\/\/hu.andersen.com\/","name":"Andersen In Hungary","description":"Ad\u00f3tan\u00e1csad\u00e1s \u00e9s jogi tan\u00e1csad\u00e1s","potentialAction":[{"@type":"SearchAction","target":{"@type":"EntryPoint","urlTemplate":"https:\/\/hu.andersen.com\/?s={search_term_string}"},"query-input":{"@type":"PropertyValueSpecification","valueRequired":true,"valueName":"search_term_string"}}],"inLanguage":"hu"},{"@type":"Person","@id":"https:\/\/hu.andersen.com\/#\/schema\/person\/57a8b81638277dac3324887812032990","name":"G\u00f6tz Attila","image":{"@type":"ImageObject","inLanguage":"hu","@id":"https:\/\/secure.gravatar.com\/avatar\/2d4fd031a22fa340d80ae6058bee0ef10aa643338dbc8f7650a08f79a37958b7?s=96&d=mm&r=g","url":"https:\/\/secure.gravatar.com\/avatar\/2d4fd031a22fa340d80ae6058bee0ef10aa643338dbc8f7650a08f79a37958b7?s=96&d=mm&r=g","contentUrl":"https:\/\/secure.gravatar.com\/avatar\/2d4fd031a22fa340d80ae6058bee0ef10aa643338dbc8f7650a08f79a37958b7?s=96&d=mm&r=g","caption":"G\u00f6tz Attila"},"sameAs":["https:\/\/hu.andersen.com"],"url":"https:\/\/hu.andersen.com\/hu\/author\/agotz\/"}]}},"_links":{"self":[{"href":"https:\/\/hu.andersen.com\/hu\/wp-json\/wp\/v2\/posts\/11518","targetHints":{"allow":["GET"]}}],"collection":[{"href":"https:\/\/hu.andersen.com\/hu\/wp-json\/wp\/v2\/posts"}],"about":[{"href":"https:\/\/hu.andersen.com\/hu\/wp-json\/wp\/v2\/types\/post"}],"author":[{"embeddable":true,"href":"https:\/\/hu.andersen.com\/hu\/wp-json\/wp\/v2\/users\/1028"}],"replies":[{"embeddable":true,"href":"https:\/\/hu.andersen.com\/hu\/wp-json\/wp\/v2\/comments?post=11518"}],"version-history":[{"count":10,"href":"https:\/\/hu.andersen.com\/hu\/wp-json\/wp\/v2\/posts\/11518\/revisions"}],"predecessor-version":[{"id":12250,"href":"https:\/\/hu.andersen.com\/hu\/wp-json\/wp\/v2\/posts\/11518\/revisions\/12250"}],"wp:featuredmedia":[{"embeddable":true,"href":"https:\/\/hu.andersen.com\/hu\/wp-json\/wp\/v2\/media\/11527"}],"wp:attachment":[{"href":"https:\/\/hu.andersen.com\/hu\/wp-json\/wp\/v2\/media?parent=11518"}],"wp:term":[{"taxonomy":"category","embeddable":true,"href":"https:\/\/hu.andersen.com\/hu\/wp-json\/wp\/v2\/categories?post=11518"},{"taxonomy":"post_tag","embeddable":true,"href":"https:\/\/hu.andersen.com\/hu\/wp-json\/wp\/v2\/tags?post=11518"}],"curies":[{"name":"wp","href":"https:\/\/api.w.org\/{rel}","templated":true}]}}