{"id":11955,"date":"2024-10-21T15:21:40","date_gmt":"2024-10-21T13:21:40","guid":{"rendered":"https:\/\/hu.andersen.com\/?p=11955"},"modified":"2025-09-28T21:03:01","modified_gmt":"2025-09-28T19:03:01","slug":"oszi-adocsomag-2024-tarsadalmi-egyeztetes","status":"publish","type":"post","link":"https:\/\/hu.andersen.com\/hu\/hirek\/oszi-adocsomag-2024-tarsadalmi-egyeztetes\/","title":{"rendered":"Az \u0151szi ad\u00f3csomag fontosabb rendelkez\u00e9seinek \u00f6sszefoglal\u00f3ja"},"content":{"rendered":"\n<p><strong>A P\u00e9nz\u00fcgyminiszt\u00e9rium 2024. okt\u00f3ber 16-\u00e1n bocs\u00e1totta t\u00e1rsadalmi egyeztet\u00e9sre a 2025-es ad\u00f3jogszab\u00e1ly-v\u00e1ltoz\u00e1sokat tartalmaz\u00f3 \u0151szi ad\u00f3csomag tervezet\u00e9t.<\/strong><\/p>\n\n\n\n<p>Az \u0151szi ad\u00f3csomag t\u00e1rsadalmi egyeztet\u00e9sre bocs\u00e1tott tervezet\u00e9nek sz\u00f6vege alapj\u00e1n az al\u00e1bbiakban r\u00f6viden \u00f6sszefoglaljuk, hogy v\u00e1rhat\u00f3an milyen fontosabb ad\u00f3jogszab\u00e1ly-v\u00e1ltoz\u00e1sok l\u00e9pnek \u00e9letbe 2025-ben.<\/p>\n\n\n\n<p>A korm\u00e1ny \u00e1ltal el\u0151re beharangozottaknak megfelel\u0151en a legfontosabb <strong>szem\u00e9lyi j\u00f6vedelemad\u00f3<\/strong> v\u00e1ltoz\u00e1s&nbsp;a csal\u00e1di kedvezm\u00e9nyt \u00e9rinti, amely 2025. j\u00falius 1-j\u00e9vel a m\u00e1sf\u00e9lszeres\u00e9re, majd 2026. janu\u00e1r 1-j\u00e9vel a jelenlegi dupl\u00e1j\u00e1ra n\u00f6vekszik. Az \u00f6sszevont ad\u00f3alap \u00edgy havonta egy gyermek eset\u00e9ben a jelenlegi 66&nbsp;670 forint helyett 2026-ban m\u00e1r 133&nbsp;340 forinttal, kett\u0151 eltartott eset\u00e9n a jelenlegi 133&nbsp;330 forint helyett 266&nbsp;660 forinttal, h\u00e1rom \u00e9s minden tov\u00e1bbi eltartott eset\u00e9n 220&nbsp;000 forint helyett 440&nbsp;000 forinttal lesz majd cs\u00f6kkenthet\u0151 2026. janu\u00e1r 1-j\u00e9t\u0151l, 20 ezer (egy gyermek), 80 ezer (k\u00e9t gyermek), illetve 198 ezer (h\u00e1rom vagy t\u00f6bb gyermek) forintos havi ad\u00f3kedvezm\u00e9nyt eredm\u00e9nyezve.<\/p>\n\n\n\n<p>\u00daj szja ad\u00f3mentess\u00e9get is bevezetn\u00e9nek 2025-t\u0151l, m\u00e9gpedig a m\u0171eml\u00e9knek min\u0151s\u00fcl\u0151 ingatlannak a megszerz\u00e9s\u00e9t k\u00f6vet\u0151 36 h\u00f3napon t\u00fali \u00e9rt\u00e9kes\u00edt\u00e9s\u00e9b\u0151l sz\u00e1rmaz\u00f3 j\u00f6vedelemre vonatkoz\u00f3an, felt\u00e9ve, hogy a mag\u00e1nszem\u00e9ly az ingatlant a megszerz\u00e9st k\u00f6vet\u0151en a m\u0171eml\u00e9kv\u00e9delmi el\u0151\u00edr\u00e1soknak megfelel\u0151en fel\u00faj\u00edtotta, m\u0171eml\u00e9ki helyre\u00e1ll\u00edt\u00e1s\u00e1t elv\u00e9gezte, \u00e9s err\u0151l a megfelel\u0151 hat\u00f3s\u00e1g \u00e1ltal ki\u00e1ll\u00edtott igazol\u00e1ssal rendelkezik.<\/p>\n\n\n\n<p>Pontos\u00edtan\u00e1k azt a <strong>kisv\u00e1llalati ad\u00f3t (KIVA)<\/strong> \u00e9rint\u0151 k\u00f6nny\u00edt\u00e9st, hogy \u2013 ad\u00f3alanyis\u00e1g megsz\u0171n\u00e9s\u00e9t\u0151l sz\u00e1m\u00edtott 2 \u00e9ves tilt\u00f3 szab\u00e1lyt\u00f3l elt\u00e9r\u0151en \u2013 mely t\u00edpus\u00fa \u00e1talakul\u00e1sokat k\u00f6vet\u0151en v\u00e1laszthat\u00f3 \u00fajra az ad\u00f3alanyis\u00e1g, \u00e9s \u00edgy az \u00e1talakul\u00f3 kiv\u00e1s c\u00e9gek is megmaradhatnak a kiva alatt.<\/p>\n\n\n\n<p>Az <strong>extraprofitad\u00f3k<\/strong> vonatkoz\u00e1s\u00e1ban a p\u00e9nz\u00fcgyi <a href=\"https:\/\/hu.andersen.com\/hu\/andersen-adoszotar\/tranzakcios-illetek\/\">tranzakci\u00f3s illet\u00e9k<\/a> szab\u00e1lyaihoz ny\u00falna hozz\u00e1 a korm\u00e1ny. Eszerint az id\u00e9n augusztus 1-j\u00e9t\u0151l megemelt tranzakci\u00f3s illet\u00e9kek szintj\u00e9t a v\u00e1ltoz\u00e1sok kihirdet\u00e9s\u00e9t k\u00f6vet\u0151 nappal, teh\u00e1t m\u00e1r az idei \u00e9v v\u00e9g\u00e9n vissza\u00e1ll\u00edtan\u00e1 az emel\u00e9s el\u0151tti szintre (az \u00e1ltal\u00e1nos p\u00e9nz\u00fcgyi tranzakci\u00f3s illet\u00e9km\u00e9rt\u00e9kek 2025-t\u0151l am\u00fagy is vissza\u00e1lltak volna a 2024 eleji szintre). Az el\u0151rehozott illet\u00e9km\u00e9rt\u00e9k-cs\u00f6kkent\u00e9s nem \u00e9rinti a p\u00e9nz\u00fcgyi konverzi\u00f3kra vonatkoz\u00f3, az extraprofitad\u00f3 jogszab\u00e1ly \u00e1ltal 2024. augusztus 1-gyel szint\u00e9n megemelt kieg\u00e9sz\u00edt\u0151 tranzakci\u00f3s illet\u00e9k-m\u00e9rt\u00e9keket.<\/p>\n\n\n\n<p>A <strong>sz\u00e1mviteli szab\u00e1lyokban<\/strong> t\u00f6bb \u00e9rt\u00e9khat\u00e1r-v\u00e1ltoz\u00e1s is lesz, a legfontosabb, hogy 2025-t\u0151l akkor nem lenne k\u00f6telez\u0151 a k\u00f6nyvvizsg\u00e1lat, ha az \u00fczleti \u00e9vet megel\u0151z\u0151 k\u00e9t \u00fczleti \u00e9v \u00e1tlag\u00e1ban a v\u00e1llalkoz\u00f3 \u00e9ves nett\u00f3 \u00e1rbev\u00e9tele nem haladta meg a 600 milli\u00f3 forintot &#8211; ez jelenleg 300 milli\u00f3 forint &#8211; \u00e9s az \u00fczleti \u00e9vet megel\u0151z\u0151 k\u00e9t \u00fczleti \u00e9v \u00e1tlag\u00e1ban a v\u00e1llalkoz\u00f3 \u00e1ltal \u00e1tlagosan foglalkoztatottak sz\u00e1ma nem haladta meg az 50 f\u0151t.<\/p>\n\n\n\n<p>A <strong><a href=\"https:\/\/hu.andersen.com\/hu\/andersen-adoszotar\/globalis-minimumado\/\">glob\u00e1lis minimumad\u00f3ra<\/a><\/strong> vonatkoz\u00f3 szab\u00e1lyok is m\u00f3dosuln\u00e1nak. Eszerint kieg\u00e9sz\u00fclne a t\u00f6rv\u00e9ny az adott \u00e1llamban fizetend\u0151 kieg\u00e9sz\u00edt\u0151ad\u00f3-t\u00f6bblet meghat\u00e1roz\u00e1s\u00e1ra szolg\u00e1l\u00f3 k\u00e9plettel, valamint m\u00f3dosulna az alulad\u00f3ztatott kifizet\u00e9sek szab\u00e1ly\u00e1ra vonatkoz\u00f3 k\u00e9plet is. Ez ut\u00f3bbi eset\u00e9ben azonban t\u00e9nyleges tartalmi v\u00e1ltoz\u00e1s nem t\u00f6rt\u00e9nne, ugyanis a k\u00e9plet tavaly nem megfelel\u0151en lett \u00e1t\u00fcltetve az OECD modellszab\u00e1lyokb\u00f3l; a jogalkot\u00f3 most ezt pontos\u00edtan\u00e1. Tov\u00e1bb\u00e1 a t\u00f6rv\u00e9ny kieg\u00e9sz\u00fclne a v\u00e1llalatcsoportokra vonatkoz\u00f3 bejelent\u00e9si k\u00f6telezetts\u00e9g adattartalm\u00e1val, amely megegyezne a kieg\u00e9sz\u00edt\u0151 ad\u00f3ra vonatkoz\u00f3 ad\u00f3bevall\u00e1s adattartam\u00e1nak els\u0151 k\u00e9t pontj\u00e1val (a csoport azonos\u00edt\u00f3 adatai \u00e9s a v\u00e1llalati strukt\u00far\u00e1val kapcsolatos inform\u00e1ci\u00f3k).<\/p>\n\n\n\n<p>A munkaer\u0151piacra l\u00e9p\u0151k ut\u00e1n \u00e9rv\u00e9nyes\u00edthet\u0151 <strong>szocho ad\u00f3kedvezm\u00e9ny<\/strong> szab\u00e1lyait egy korm\u00e1nyrendelettel id\u00e9n augusztus 1-j\u00e9t\u0151l m\u00e1r szigor\u00edtotta a korm\u00e1ny. Most ezek a szigor\u00edt\u00e1sok \u00e1lland\u00f3suln\u00e1nak \u00e9s ker\u00fcln\u00e9nek \u00e1t egy megsz\u0171n\u0151 korm\u00e1nyrendeletb\u0151l a Szocho t\u00f6rv\u00e9nybe. Eszerint a 275 nap helyett az elm\u00falt 365 napos id\u0151szakra visszamen\u0151leg kell vizsg\u00e1lni, hogy legfeljebb 92 napig rendelkezett-e a felvenni k\u00edv\u00e1nt munkav\u00e1llal\u00f3 a megfelel\u0151 biztos\u00edt\u00e1si jogviszonnyal, \u00e9s a kor\u00e1bbi 36 h\u00f3napr\u00f3l 18 h\u00f3napra cs\u00f6kkenne a szocho kedvezm\u00e9ny \u00e9rv\u00e9nyes\u00edthet\u0151s\u00e9g\u00e9nek id\u0151szaka.<\/p>\n\n\n\n<p>T\u00f6bb helyen m\u00f3dosulna az <strong>ad\u00f3z\u00e1s rendj\u00e9r\u0151l sz\u00f3l\u00f3 \u00e9s az ad\u00f3igazgat\u00e1si rendtart\u00e1sr\u00f3l sz\u00f3l\u00f3 t\u00f6rv\u00e9ny<\/strong>. E tekintetben tal\u00e1n a legfontosabb v\u00e1ltoz\u00e1s, hogy az ad\u00f3hat\u00f3s\u00e1gi elj\u00e1r\u00e1sok k\u00f6re kieg\u00e9sz\u00fcl az \u00fan. <a href=\"https:\/\/hu.andersen.com\/hu\/andersen-adoszotar\/adategyeztetesi-eljaras-nav\/\">adategyeztet\u00e9si elj\u00e1r\u00e1ssal<\/a>. Eszerint, ha az ad\u00f3hat\u00f3s\u00e1g az ad\u00f3z\u00f3, illetve a vele kapcsolatban \u00e1ll\u00f3 m\u00e1sik ad\u00f3z\u00f3 \u00e1ltal ny\u00fajtott adatszolg\u00e1ltat\u00e1s adataiban hi\u00e1nyoss\u00e1got, elt\u00e9r\u00e9st t\u00e1r fel, az ad\u00f3z\u00f3t a felt\u00e1rt hi\u00e1nyoss\u00e1gok, elt\u00e9r\u00e9sek tiszt\u00e1z\u00e1s\u00e1ra (azaz adategyeztet\u00e9sre) h\u00edvn\u00e1 fel. Az elj\u00e1r\u00e1s keret\u00e9ben az ad\u00f3hat\u00f3s\u00e1g az adategyeztet\u00e9s teljes\u00edt\u00e9s\u00e9hez sz\u00fcks\u00e9ges adatokat az ad\u00f3z\u00f3 rendelkez\u00e9s\u00e9re bocs\u00e1tan\u00e1. Az ad\u00f3z\u00f3nak a felh\u00edv\u00e1s k\u00e9zbes\u00edt\u00e9s\u00e9t\u0151l sz\u00e1m\u00edtott tizen\u00f6t napon bel\u00fcl kellene az adategyeztet\u00e9st elv\u00e9gezni, ezt k\u00f6vet\u0151en az adategyeztet\u00e9s eredm\u00e9ny\u00e9r\u0151l az ad\u00f3hat\u00f3s\u00e1g nyolc napon bel\u00fcl \u00e9rtes\u00edten\u00e9 az ad\u00f3z\u00f3t. Az \u00faj t\u00edpus\u00fa elj\u00e1r\u00e1s nem titkolt c\u00e9lja az ad\u00f3z\u00f3i online sz\u00e1mla adatszolg\u00e1ltat\u00e1sok min\u0151s\u00e9g\u00e9nek jav\u00edt\u00e1sa.<\/p>\n\n\n\n<p>Egyes b\u00edrs\u00e1gt\u00e9telek n\u00f6vekedn\u00e9nek, de adminisztrat\u00edv k\u00f6nny\u00edt\u00e9s p\u00e9ld\u00e1ul, hogy a j\u00f6v\u0151ben a harmadik orsz\u00e1gbeli \u00e1llampolg\u00e1rok beutaz\u00e1s\u00e1ra \u00e9s tart\u00f3zkod\u00e1s\u00e1ra vonatkoz\u00f3 \u00e1ltal\u00e1nos szab\u00e1lyokr\u00f3l sz\u00f3l\u00f3 t\u00f6rv\u00e9ny szerinti k\u00fclf\u00f6ldi munkav\u00e1llal\u00f3k ad\u00f3azonos\u00edt\u00f3 jel\u00e9nek meg\u00e1llap\u00edt\u00e1s\u00e1t a munk\u00e1ltat\u00f3 is k\u00e9rhetn\u00e9 az \u00e1llami ad\u00f3- \u00e9s v\u00e1mhat\u00f3s\u00e1gt\u00f3l.<\/p>\n\n\n\n<p>2025-t\u0151l az ad\u00f3hat\u00f3s\u00e1g jogk\u00f6vet\u00e9si vizsg\u00e1lat keret\u00e9ben a bevall\u00e1si id\u0151szak lez\u00e1r\u00e1s\u00e1t megel\u0151z\u0151en is ellen\u0151rizhetn\u00e9, hogy az ad\u00f3z\u00f3 eleget tett-e a szok\u00e1sos piaci \u00e1r meghat\u00e1roz\u00e1s\u00e1val \u00f6sszef\u00fcgg\u0151 nyilv\u00e1ntart\u00e1si \u00e9s adatszolg\u00e1ltat\u00e1si k\u00f6telezetts\u00e9g\u00e9nek, illetve e nyilv\u00e1ntart\u00e1ssal \u00f6sszef\u00fcgg\u0151 iratmeg\u0151rz\u00e9si k\u00f6telezetts\u00e9g\u00e9nek, tov\u00e1bb\u00e1 ellen\u0151rizhetn\u00e9 az ad\u00f3z\u00f3 e nyilv\u00e1ntart\u00e1s\u00e1ban szerepl\u0151 adatok, t\u00e9nyek, k\u00f6r\u00fclm\u00e9nyek val\u00f3s\u00e1gtartalm\u00e1t, illetve ezek hiteless\u00e9g\u00e9t.<\/p>\n\n\n\n<p>Ha a k\u00fclf\u00f6ldi v\u00e1llalkoz\u00e1s magyarorsz\u00e1gi fi\u00f3ktelepe esetleg m\u00e9g nem rendelkezik legal\u00e1bb egy belf\u00f6ldi p\u00e9nzforgalmi sz\u00e1ml\u00e1val, 2025. janu\u00e1r 31. napj\u00e1ig k\u00f6teles lesz belf\u00f6ldi p\u00e9nzforgalmi sz\u00e1ml\u00e1t nyitni.<\/p>\n","protected":false},"excerpt":{"rendered":"<p>A PM okt\u00f3ber 16-\u00e1n bocs\u00e1totta t\u00e1rsadalmi egyeztet\u00e9sre a 2025-es ad\u00f3jogszab\u00e1ly-v\u00e1ltoz\u00e1sokat tartalmaz\u00f3 \u0151szi ad\u00f3csomag tervezet\u00e9t.<\/p>\n","protected":false},"author":1028,"featured_media":11956,"comment_status":"closed","ping_status":"closed","sticky":false,"template":"","format":"standard","meta":{"_acf_changed":false,"_genesis_hide_title":false,"_genesis_hide_breadcrumbs":false,"_genesis_hide_singular_image":false,"_genesis_hide_footer_widgets":false,"_genesis_custom_body_class":"","_genesis_custom_post_class":"","_genesis_layout":"","footnotes":""},"categories":[38],"tags":[41],"class_list":{"0":"post-11955","1":"post","2":"type-post","3":"status-publish","4":"format-standard","5":"has-post-thumbnail","7":"category-hirek","8":"tag-slider-2","9":"entry"},"acf":[],"featured_image_src":"https:\/\/hu.andersen.com\/wp-content\/uploads\/2024\/10\/oszi-adocsomag-tarsadalmi-egyeztetes-2024.jpg","author_info":{"display_name":"G\u00f6tz Attila","author_link":"https:\/\/hu.andersen.com\/hu\/author\/agotz\/"},"yoast_head":"<!-- This site is optimized with the Yoast SEO Premium plugin v27.4 (Yoast SEO v27.4) - https:\/\/yoast.com\/product\/yoast-seo-premium-wordpress\/ -->\n<title>Az \u0151szi ad\u00f3csomag fontosabb rendelkez\u00e9seinek \u00f6sszefoglal\u00f3ja<\/title>\n<meta name=\"description\" content=\"A PM 2024. okt\u00f3ber 16-\u00e1n bocs\u00e1totta t\u00e1rsadalmi egyeztet\u00e9sre a 2025-es ad\u00f3jogszab\u00e1ly-v\u00e1ltoz\u00e1sokat tartalmaz\u00f3 \u0151szi ad\u00f3csomag tervezet\u00e9t.\" \/>\n<meta name=\"robots\" content=\"index, follow, max-snippet:-1, max-image-preview:large, max-video-preview:-1\" \/>\n<link rel=\"canonical\" href=\"https:\/\/hu.andersen.com\/hu\/hirek\/oszi-adocsomag-2024-tarsadalmi-egyeztetes\/\" \/>\n<meta property=\"og:locale\" content=\"hu_HU\" \/>\n<meta property=\"og:type\" content=\"article\" \/>\n<meta property=\"og:title\" content=\"Az \u0151szi ad\u00f3csomag fontosabb rendelkez\u00e9seinek \u00f6sszefoglal\u00f3ja\" \/>\n<meta property=\"og:description\" content=\"A PM 2024. okt\u00f3ber 16-\u00e1n bocs\u00e1totta t\u00e1rsadalmi egyeztet\u00e9sre a 2025-es ad\u00f3jogszab\u00e1ly-v\u00e1ltoz\u00e1sokat tartalmaz\u00f3 \u0151szi ad\u00f3csomag tervezet\u00e9t.\" \/>\n<meta property=\"og:url\" content=\"https:\/\/hu.andersen.com\/hu\/hirek\/oszi-adocsomag-2024-tarsadalmi-egyeztetes\/\" \/>\n<meta property=\"og:site_name\" content=\"Andersen Magyarorsz\u00e1g\" \/>\n<meta property=\"article:published_time\" content=\"2024-10-21T13:21:40+00:00\" \/>\n<meta property=\"article:modified_time\" content=\"2025-09-28T19:03:01+00:00\" \/>\n<meta property=\"og:image\" content=\"https:\/\/hu.andersen.com\/wp-content\/uploads\/2024\/10\/oszi-adocsomag-tarsadalmi-egyeztetes-2024.jpg\" \/>\n\t<meta property=\"og:image:width\" content=\"1640\" \/>\n\t<meta property=\"og:image:height\" content=\"780\" \/>\n\t<meta property=\"og:image:type\" content=\"image\/jpeg\" \/>\n<meta name=\"author\" content=\"G\u00f6tz Attila\" \/>\n<meta name=\"twitter:card\" content=\"summary_large_image\" \/>\n<meta name=\"twitter:label1\" content=\"Szerz\u0151:\" \/>\n\t<meta name=\"twitter:data1\" content=\"G\u00f6tz Attila\" \/>\n\t<meta name=\"twitter:label2\" content=\"Becs\u00fclt olvas\u00e1si id\u0151\" \/>\n\t<meta name=\"twitter:data2\" content=\"6 perc\" \/>\n<script type=\"application\/ld+json\" class=\"yoast-schema-graph\">{\"@context\":\"https:\\\/\\\/schema.org\",\"@graph\":[{\"@type\":\"Article\",\"@id\":\"https:\\\/\\\/hu.andersen.com\\\/hu\\\/hirek\\\/oszi-adocsomag-2024-tarsadalmi-egyeztetes\\\/#article\",\"isPartOf\":{\"@id\":\"https:\\\/\\\/hu.andersen.com\\\/hu\\\/hirek\\\/oszi-adocsomag-2024-tarsadalmi-egyeztetes\\\/\"},\"author\":{\"name\":\"G\u00f6tz Attila\",\"@id\":\"https:\\\/\\\/hu.andersen.com\\\/#\\\/schema\\\/person\\\/57a8b81638277dac3324887812032990\"},\"headline\":\"Az \u0151szi ad\u00f3csomag fontosabb rendelkez\u00e9seinek \u00f6sszefoglal\u00f3ja\",\"datePublished\":\"2024-10-21T13:21:40+00:00\",\"dateModified\":\"2025-09-28T19:03:01+00:00\",\"mainEntityOfPage\":{\"@id\":\"https:\\\/\\\/hu.andersen.com\\\/hu\\\/hirek\\\/oszi-adocsomag-2024-tarsadalmi-egyeztetes\\\/\"},\"wordCount\":1275,\"image\":{\"@id\":\"https:\\\/\\\/hu.andersen.com\\\/hu\\\/hirek\\\/oszi-adocsomag-2024-tarsadalmi-egyeztetes\\\/#primaryimage\"},\"thumbnailUrl\":\"https:\\\/\\\/hu.andersen.com\\\/wp-content\\\/uploads\\\/2024\\\/10\\\/oszi-adocsomag-tarsadalmi-egyeztetes-2024.jpg\",\"keywords\":[\"slider\"],\"articleSection\":[\"H\u00edrek\"],\"inLanguage\":\"hu\"},{\"@type\":\"WebPage\",\"@id\":\"https:\\\/\\\/hu.andersen.com\\\/hu\\\/hirek\\\/oszi-adocsomag-2024-tarsadalmi-egyeztetes\\\/\",\"url\":\"https:\\\/\\\/hu.andersen.com\\\/hu\\\/hirek\\\/oszi-adocsomag-2024-tarsadalmi-egyeztetes\\\/\",\"name\":\"Az \u0151szi ad\u00f3csomag fontosabb rendelkez\u00e9seinek \u00f6sszefoglal\u00f3ja\",\"isPartOf\":{\"@id\":\"https:\\\/\\\/hu.andersen.com\\\/#website\"},\"primaryImageOfPage\":{\"@id\":\"https:\\\/\\\/hu.andersen.com\\\/hu\\\/hirek\\\/oszi-adocsomag-2024-tarsadalmi-egyeztetes\\\/#primaryimage\"},\"image\":{\"@id\":\"https:\\\/\\\/hu.andersen.com\\\/hu\\\/hirek\\\/oszi-adocsomag-2024-tarsadalmi-egyeztetes\\\/#primaryimage\"},\"thumbnailUrl\":\"https:\\\/\\\/hu.andersen.com\\\/wp-content\\\/uploads\\\/2024\\\/10\\\/oszi-adocsomag-tarsadalmi-egyeztetes-2024.jpg\",\"datePublished\":\"2024-10-21T13:21:40+00:00\",\"dateModified\":\"2025-09-28T19:03:01+00:00\",\"author\":{\"@id\":\"https:\\\/\\\/hu.andersen.com\\\/#\\\/schema\\\/person\\\/57a8b81638277dac3324887812032990\"},\"description\":\"A PM 2024. okt\u00f3ber 16-\u00e1n bocs\u00e1totta t\u00e1rsadalmi egyeztet\u00e9sre a 2025-es ad\u00f3jogszab\u00e1ly-v\u00e1ltoz\u00e1sokat tartalmaz\u00f3 \u0151szi ad\u00f3csomag tervezet\u00e9t.\",\"breadcrumb\":{\"@id\":\"https:\\\/\\\/hu.andersen.com\\\/hu\\\/hirek\\\/oszi-adocsomag-2024-tarsadalmi-egyeztetes\\\/#breadcrumb\"},\"inLanguage\":\"hu\",\"potentialAction\":[{\"@type\":\"ReadAction\",\"target\":[\"https:\\\/\\\/hu.andersen.com\\\/hu\\\/hirek\\\/oszi-adocsomag-2024-tarsadalmi-egyeztetes\\\/\"]}]},{\"@type\":\"ImageObject\",\"inLanguage\":\"hu\",\"@id\":\"https:\\\/\\\/hu.andersen.com\\\/hu\\\/hirek\\\/oszi-adocsomag-2024-tarsadalmi-egyeztetes\\\/#primaryimage\",\"url\":\"https:\\\/\\\/hu.andersen.com\\\/wp-content\\\/uploads\\\/2024\\\/10\\\/oszi-adocsomag-tarsadalmi-egyeztetes-2024.jpg\",\"contentUrl\":\"https:\\\/\\\/hu.andersen.com\\\/wp-content\\\/uploads\\\/2024\\\/10\\\/oszi-adocsomag-tarsadalmi-egyeztetes-2024.jpg\",\"width\":1640,\"height\":780,\"caption\":\"\u0150szi ad\u00f3csomag 2024\"},{\"@type\":\"BreadcrumbList\",\"@id\":\"https:\\\/\\\/hu.andersen.com\\\/hu\\\/hirek\\\/oszi-adocsomag-2024-tarsadalmi-egyeztetes\\\/#breadcrumb\",\"itemListElement\":[{\"@type\":\"ListItem\",\"position\":1,\"name\":\"Kezd\u0151lap\",\"item\":\"https:\\\/\\\/hu.andersen.com\\\/hu\\\/\"},{\"@type\":\"ListItem\",\"position\":2,\"name\":\"Az \u0151szi ad\u00f3csomag fontosabb rendelkez\u00e9seinek \u00f6sszefoglal\u00f3ja\"}]},{\"@type\":\"WebSite\",\"@id\":\"https:\\\/\\\/hu.andersen.com\\\/#website\",\"url\":\"https:\\\/\\\/hu.andersen.com\\\/\",\"name\":\"Andersen In Hungary\",\"description\":\"Ad\u00f3tan\u00e1csad\u00e1s \u00e9s jogi tan\u00e1csad\u00e1s\",\"potentialAction\":[{\"@type\":\"SearchAction\",\"target\":{\"@type\":\"EntryPoint\",\"urlTemplate\":\"https:\\\/\\\/hu.andersen.com\\\/?s={search_term_string}\"},\"query-input\":{\"@type\":\"PropertyValueSpecification\",\"valueRequired\":true,\"valueName\":\"search_term_string\"}}],\"inLanguage\":\"hu\"},{\"@type\":\"Person\",\"@id\":\"https:\\\/\\\/hu.andersen.com\\\/#\\\/schema\\\/person\\\/57a8b81638277dac3324887812032990\",\"name\":\"G\u00f6tz Attila\",\"image\":{\"@type\":\"ImageObject\",\"inLanguage\":\"hu\",\"@id\":\"https:\\\/\\\/secure.gravatar.com\\\/avatar\\\/2d4fd031a22fa340d80ae6058bee0ef10aa643338dbc8f7650a08f79a37958b7?s=96&d=mm&r=g\",\"url\":\"https:\\\/\\\/secure.gravatar.com\\\/avatar\\\/2d4fd031a22fa340d80ae6058bee0ef10aa643338dbc8f7650a08f79a37958b7?s=96&d=mm&r=g\",\"contentUrl\":\"https:\\\/\\\/secure.gravatar.com\\\/avatar\\\/2d4fd031a22fa340d80ae6058bee0ef10aa643338dbc8f7650a08f79a37958b7?s=96&d=mm&r=g\",\"caption\":\"G\u00f6tz Attila\"},\"sameAs\":[\"https:\\\/\\\/hu.andersen.com\"],\"url\":\"https:\\\/\\\/hu.andersen.com\\\/hu\\\/author\\\/agotz\\\/\"}]}<\/script>\n<!-- \/ Yoast SEO Premium plugin. -->","yoast_head_json":{"title":"Az \u0151szi ad\u00f3csomag fontosabb rendelkez\u00e9seinek \u00f6sszefoglal\u00f3ja","description":"A PM 2024. okt\u00f3ber 16-\u00e1n bocs\u00e1totta t\u00e1rsadalmi egyeztet\u00e9sre a 2025-es ad\u00f3jogszab\u00e1ly-v\u00e1ltoz\u00e1sokat tartalmaz\u00f3 \u0151szi ad\u00f3csomag tervezet\u00e9t.","robots":{"index":"index","follow":"follow","max-snippet":"max-snippet:-1","max-image-preview":"max-image-preview:large","max-video-preview":"max-video-preview:-1"},"canonical":"https:\/\/hu.andersen.com\/hu\/hirek\/oszi-adocsomag-2024-tarsadalmi-egyeztetes\/","og_locale":"hu_HU","og_type":"article","og_title":"Az \u0151szi ad\u00f3csomag fontosabb rendelkez\u00e9seinek \u00f6sszefoglal\u00f3ja","og_description":"A PM 2024. okt\u00f3ber 16-\u00e1n bocs\u00e1totta t\u00e1rsadalmi egyeztet\u00e9sre a 2025-es ad\u00f3jogszab\u00e1ly-v\u00e1ltoz\u00e1sokat tartalmaz\u00f3 \u0151szi ad\u00f3csomag tervezet\u00e9t.","og_url":"https:\/\/hu.andersen.com\/hu\/hirek\/oszi-adocsomag-2024-tarsadalmi-egyeztetes\/","og_site_name":"Andersen Magyarorsz\u00e1g","article_published_time":"2024-10-21T13:21:40+00:00","article_modified_time":"2025-09-28T19:03:01+00:00","og_image":[{"width":1640,"height":780,"url":"https:\/\/hu.andersen.com\/wp-content\/uploads\/2024\/10\/oszi-adocsomag-tarsadalmi-egyeztetes-2024.jpg","type":"image\/jpeg"}],"author":"G\u00f6tz Attila","twitter_card":"summary_large_image","twitter_misc":{"Szerz\u0151:":"G\u00f6tz Attila","Becs\u00fclt olvas\u00e1si id\u0151":"6 perc"},"schema":{"@context":"https:\/\/schema.org","@graph":[{"@type":"Article","@id":"https:\/\/hu.andersen.com\/hu\/hirek\/oszi-adocsomag-2024-tarsadalmi-egyeztetes\/#article","isPartOf":{"@id":"https:\/\/hu.andersen.com\/hu\/hirek\/oszi-adocsomag-2024-tarsadalmi-egyeztetes\/"},"author":{"name":"G\u00f6tz Attila","@id":"https:\/\/hu.andersen.com\/#\/schema\/person\/57a8b81638277dac3324887812032990"},"headline":"Az \u0151szi ad\u00f3csomag fontosabb rendelkez\u00e9seinek \u00f6sszefoglal\u00f3ja","datePublished":"2024-10-21T13:21:40+00:00","dateModified":"2025-09-28T19:03:01+00:00","mainEntityOfPage":{"@id":"https:\/\/hu.andersen.com\/hu\/hirek\/oszi-adocsomag-2024-tarsadalmi-egyeztetes\/"},"wordCount":1275,"image":{"@id":"https:\/\/hu.andersen.com\/hu\/hirek\/oszi-adocsomag-2024-tarsadalmi-egyeztetes\/#primaryimage"},"thumbnailUrl":"https:\/\/hu.andersen.com\/wp-content\/uploads\/2024\/10\/oszi-adocsomag-tarsadalmi-egyeztetes-2024.jpg","keywords":["slider"],"articleSection":["H\u00edrek"],"inLanguage":"hu"},{"@type":"WebPage","@id":"https:\/\/hu.andersen.com\/hu\/hirek\/oszi-adocsomag-2024-tarsadalmi-egyeztetes\/","url":"https:\/\/hu.andersen.com\/hu\/hirek\/oszi-adocsomag-2024-tarsadalmi-egyeztetes\/","name":"Az \u0151szi ad\u00f3csomag fontosabb rendelkez\u00e9seinek \u00f6sszefoglal\u00f3ja","isPartOf":{"@id":"https:\/\/hu.andersen.com\/#website"},"primaryImageOfPage":{"@id":"https:\/\/hu.andersen.com\/hu\/hirek\/oszi-adocsomag-2024-tarsadalmi-egyeztetes\/#primaryimage"},"image":{"@id":"https:\/\/hu.andersen.com\/hu\/hirek\/oszi-adocsomag-2024-tarsadalmi-egyeztetes\/#primaryimage"},"thumbnailUrl":"https:\/\/hu.andersen.com\/wp-content\/uploads\/2024\/10\/oszi-adocsomag-tarsadalmi-egyeztetes-2024.jpg","datePublished":"2024-10-21T13:21:40+00:00","dateModified":"2025-09-28T19:03:01+00:00","author":{"@id":"https:\/\/hu.andersen.com\/#\/schema\/person\/57a8b81638277dac3324887812032990"},"description":"A PM 2024. okt\u00f3ber 16-\u00e1n bocs\u00e1totta t\u00e1rsadalmi egyeztet\u00e9sre a 2025-es ad\u00f3jogszab\u00e1ly-v\u00e1ltoz\u00e1sokat tartalmaz\u00f3 \u0151szi ad\u00f3csomag tervezet\u00e9t.","breadcrumb":{"@id":"https:\/\/hu.andersen.com\/hu\/hirek\/oszi-adocsomag-2024-tarsadalmi-egyeztetes\/#breadcrumb"},"inLanguage":"hu","potentialAction":[{"@type":"ReadAction","target":["https:\/\/hu.andersen.com\/hu\/hirek\/oszi-adocsomag-2024-tarsadalmi-egyeztetes\/"]}]},{"@type":"ImageObject","inLanguage":"hu","@id":"https:\/\/hu.andersen.com\/hu\/hirek\/oszi-adocsomag-2024-tarsadalmi-egyeztetes\/#primaryimage","url":"https:\/\/hu.andersen.com\/wp-content\/uploads\/2024\/10\/oszi-adocsomag-tarsadalmi-egyeztetes-2024.jpg","contentUrl":"https:\/\/hu.andersen.com\/wp-content\/uploads\/2024\/10\/oszi-adocsomag-tarsadalmi-egyeztetes-2024.jpg","width":1640,"height":780,"caption":"\u0150szi ad\u00f3csomag 2024"},{"@type":"BreadcrumbList","@id":"https:\/\/hu.andersen.com\/hu\/hirek\/oszi-adocsomag-2024-tarsadalmi-egyeztetes\/#breadcrumb","itemListElement":[{"@type":"ListItem","position":1,"name":"Kezd\u0151lap","item":"https:\/\/hu.andersen.com\/hu\/"},{"@type":"ListItem","position":2,"name":"Az \u0151szi ad\u00f3csomag fontosabb rendelkez\u00e9seinek \u00f6sszefoglal\u00f3ja"}]},{"@type":"WebSite","@id":"https:\/\/hu.andersen.com\/#website","url":"https:\/\/hu.andersen.com\/","name":"Andersen In Hungary","description":"Ad\u00f3tan\u00e1csad\u00e1s \u00e9s jogi tan\u00e1csad\u00e1s","potentialAction":[{"@type":"SearchAction","target":{"@type":"EntryPoint","urlTemplate":"https:\/\/hu.andersen.com\/?s={search_term_string}"},"query-input":{"@type":"PropertyValueSpecification","valueRequired":true,"valueName":"search_term_string"}}],"inLanguage":"hu"},{"@type":"Person","@id":"https:\/\/hu.andersen.com\/#\/schema\/person\/57a8b81638277dac3324887812032990","name":"G\u00f6tz Attila","image":{"@type":"ImageObject","inLanguage":"hu","@id":"https:\/\/secure.gravatar.com\/avatar\/2d4fd031a22fa340d80ae6058bee0ef10aa643338dbc8f7650a08f79a37958b7?s=96&d=mm&r=g","url":"https:\/\/secure.gravatar.com\/avatar\/2d4fd031a22fa340d80ae6058bee0ef10aa643338dbc8f7650a08f79a37958b7?s=96&d=mm&r=g","contentUrl":"https:\/\/secure.gravatar.com\/avatar\/2d4fd031a22fa340d80ae6058bee0ef10aa643338dbc8f7650a08f79a37958b7?s=96&d=mm&r=g","caption":"G\u00f6tz Attila"},"sameAs":["https:\/\/hu.andersen.com"],"url":"https:\/\/hu.andersen.com\/hu\/author\/agotz\/"}]}},"_links":{"self":[{"href":"https:\/\/hu.andersen.com\/hu\/wp-json\/wp\/v2\/posts\/11955","targetHints":{"allow":["GET"]}}],"collection":[{"href":"https:\/\/hu.andersen.com\/hu\/wp-json\/wp\/v2\/posts"}],"about":[{"href":"https:\/\/hu.andersen.com\/hu\/wp-json\/wp\/v2\/types\/post"}],"author":[{"embeddable":true,"href":"https:\/\/hu.andersen.com\/hu\/wp-json\/wp\/v2\/users\/1028"}],"replies":[{"embeddable":true,"href":"https:\/\/hu.andersen.com\/hu\/wp-json\/wp\/v2\/comments?post=11955"}],"version-history":[{"count":6,"href":"https:\/\/hu.andersen.com\/hu\/wp-json\/wp\/v2\/posts\/11955\/revisions"}],"predecessor-version":[{"id":14087,"href":"https:\/\/hu.andersen.com\/hu\/wp-json\/wp\/v2\/posts\/11955\/revisions\/14087"}],"wp:featuredmedia":[{"embeddable":true,"href":"https:\/\/hu.andersen.com\/hu\/wp-json\/wp\/v2\/media\/11956"}],"wp:attachment":[{"href":"https:\/\/hu.andersen.com\/hu\/wp-json\/wp\/v2\/media?parent=11955"}],"wp:term":[{"taxonomy":"category","embeddable":true,"href":"https:\/\/hu.andersen.com\/hu\/wp-json\/wp\/v2\/categories?post=11955"},{"taxonomy":"post_tag","embeddable":true,"href":"https:\/\/hu.andersen.com\/hu\/wp-json\/wp\/v2\/tags?post=11955"}],"curies":[{"name":"wp","href":"https:\/\/api.w.org\/{rel}","templated":true}]}}