{"id":13941,"date":"2025-09-22T09:41:16","date_gmt":"2025-09-22T07:41:16","guid":{"rendered":"https:\/\/hu.andersen.com\/?p=13941"},"modified":"2025-09-22T09:53:19","modified_gmt":"2025-09-22T07:53:19","slug":"transzferar-ellenorzesek-leggyakoribb-hibak-2025","status":"publish","type":"post","link":"https:\/\/hu.andersen.com\/hu\/hirek\/transzferar-ellenorzesek-leggyakoribb-hibak-2025\/","title":{"rendered":"Fokoz\u00f3d\u00f3 transzfer\u00e1r ellen\u0151rz\u00e9sek: tipikus hib\u00e1k \u00e9s kock\u00e1zatok"},"content":{"rendered":"\n<p><strong>A kapcsolt \u00fcgyletek \u00e1raz\u00e1sa ma m\u00e1r nem \u201ecsak\u201d dokument\u00e1ci\u00f3s feladat: a NAV c\u00e9lzott, adatalap\u00fa kock\u00e1zatelemz\u00e9ssel \u00e9s speci\u00e1lis szak\u00e9rt\u0151i csapatokkal vizsg\u00e1lja a transzfer\u00e1r\u2011gyakorlatot. Az ellen\u0151rz\u00e9sek sz\u00e1ma \u00e9s m\u00e9lys\u00e9ge folyamatosan n\u0151, mik\u00f6zben a szankci\u00f3k is szigorodtak. Az al\u00e1bbi cikkben \u00f6sszefoglaltuk a leggyakoribb hib\u00e1kat, amelyeket az \u00e9rintett c\u00e9gek a transzfer\u00e1raz\u00e1s sor\u00e1n elk\u00f6vetnek. Egyben ismertetj\u00fck az Andersen Transzfer\u00e1r Diagnosztika szolg\u00e1ltat\u00e1s\u00e1nak el\u0151nyeit, amelynek seg\u00edts\u00e9g\u00e9vel ezekre a hib\u00e1kra lehet gyorsan f\u00e9nyt der\u00edteni.<\/strong><\/p>\n\n\n\n<h2 class=\"wp-block-heading has-text-color has-link-color has-medium-font-size wp-elements-6b4550333807ea44c4afed250f2d3315\" id=\"h-miert-kulcskerdes-most-a-transzferarazas\" style=\"color:#871818\"><strong>Mi\u00e9rt kulcsk\u00e9rd\u00e9s most a transzfer\u00e1raz\u00e1s?<\/strong><\/h2>\n\n\n\n<p><a href=\"https:\/\/nav.gov.hu\/ugyfeliranytu\/nezzen-utana\/tudjon_rola\/Transzferar-ellenorzes\">Az elm\u00falt \u00e9vekben Magyarorsz\u00e1gon a transzfer\u00e1r\u2011ellen\u0151rz\u00e9sek egyre kiterjedtebb\u00e9 \u00e9s c\u00e9lzottabb\u00e1 v\u00e1ltak<\/a>. A v\u00e1ltoz\u00e1s mozgat\u00f3rug\u00f3ja az, hogy a t\u00e1rsas\u00e1giad\u00f3\u2011bevall\u00e1s r\u00e9szek\u00e9nt a c\u00e9geknek 2023 m\u00e1jusa \u00f3ta r\u00e9szletes, struktur\u00e1lt transzfer\u00e1r\u2011adatokat kell szolg\u00e1ltatniuk, amiket a NAV kock\u00e1zatelemz\u00e9sre haszn\u00e1l \u00e9s ezek alapj\u00e1n v\u00e1lasztja ki a vizsg\u00e1latra a t\u00e1rsas\u00e1gokat. Az ad\u00f3hat\u00f3s\u00e1g 2024\u2011es \u00e9s 2025-\u00f6s ellen\u0151rz\u00e9si terv\u00e9ben is kiemelt hangs\u00falyt kapott a transzfer\u00e1raz\u00e1s, k\u00fcl\u00f6n felh\u00edvva a figyelmet a dokument\u00e1ci\u00f3 \u00e9s az adatszolg\u00e1ltat\u00e1s \u00f6sszhangj\u00e1ra, min\u0151s\u00e9g\u00e9re.\u00a0<\/p>\n\n\n\n<p>A NAV a be\u00e9rkez\u0151 struktur\u00e1lt adatokra t\u00e1maszkodva t\u0171pontosan k\u00e9pes c\u00e9lozni. Az adatszolg\u00e1ltat\u00e1sb\u00f3l \u00e9s a besz\u00e1mol\u00f3kb\u00f3l kirajzol\u00f3d\u00f3 mint\u00e1zatok, \u00fcgylett\u00edpusok \u00e9s \u00e1raz\u00e1si m\u00f3dszerek alapj\u00e1n v\u00e1logat az ad\u00f3z\u00f3k k\u00f6z\u00fcl, \u00e9s vizsg\u00e1latai nemcsak a nagy volumen\u0171 tranzakci\u00f3kra f\u00f3kusz\u00e1lnak.<\/p>\n\n\n\n<p>2023 \u00f3ta a kapcsol\u00f3d\u00f3 b\u00edrs\u00e1gt\u00e9telek is jelent\u0151sen szigorodtak, amelyek imm\u00e1r k\u00fcl\u00f6n-k\u00fcl\u00f6n nyilv\u00e1ntart\u00e1sonk\u00e9nt, l\u00e9nyeg\u00e9ben \u00fcgyletenk\u00e9nt is kiszabhat\u00f3k.<\/p>\n\n\n\n<h2 class=\"wp-block-heading has-text-color has-link-color has-medium-font-size wp-elements-8744b03f34b47545c2fe24c6a30b5389\" id=\"h-novekvo-tudatossag-de-sok-a-visszatero-transzferar-hiba\" style=\"color:#871818\"><strong>N\u00f6vekv\u0151 tudatoss\u00e1g, de sok a visszat\u00e9r\u0151 transzfer\u00e1r hiba<\/strong><\/h2>\n\n\n\n<p>A tapasztalatok azt mutatj\u00e1k, hogy az \u00e9rintett c\u00e9gekn\u00e9l folyamatosan n\u0151 a transzfer\u00e1r szaktud\u00e1s, egyre k\u00f6r\u00fcltekint\u0151bben j\u00e1rnak el ezen a t\u00e9ren, \u00e9s egyre t\u00f6bb helyen k\u00e9pzett, erre specializ\u00e1l\u00f3dott munkat\u00e1rsak l\u00e1tj\u00e1k el a kapcsol\u00f3d\u00f3 feladatokat. A trend pozit\u00edv, \u00e9rz\u00e9kelhet\u0151 a fejl\u0151d\u00e9s, ugyanakkor m\u00e9g mindig sok a hiba, a formai \u00e9s tartalmi hi\u00e1nyoss\u00e1g, amelyeket az ad\u00f3hat\u00f3s\u00e1g azonnal \u00e9szlel az ad\u00f3ellen\u0151rz\u00e9sek sor\u00e1n.<\/p>\n\n\n\n<p>Ezek nagy r\u00e9sze visszat\u00e9r\u0151, j\u00f3l kategoriz\u00e1lhat\u00f3 \u00e9s az <strong>Andersen Transzfer\u00e1r Diagnosztika szolg\u00e1ltat\u00e1sa<\/strong> seg\u00edts\u00e9g\u00e9vel gyorsan beazonos\u00edthat\u00f3, tan\u00e1csad\u00f3i t\u00e1mogat\u00e1ssal hat\u00e9konyan orvosolhat\u00f3. Az al\u00e1bbiakban a&nbsp;leggyakoribb hib\u00e1kat&nbsp;foglaltuk \u00f6ssze a teljess\u00e9g ig\u00e9nye n\u00e9lk\u00fcl.<\/p>\n\n\n\n<h2 class=\"wp-block-heading has-text-color has-link-color has-medium-font-size wp-elements-cac2ba0036088df797b40e712477eb91\" id=\"h-hiba-1-helytelen-foldrajzi-szures-a-benchmark-es-adatbazis-kutatas-soran\" style=\"color:#871818\"><strong>HIBA#1: Helytelen f\u00f6ldrajzi sz\u0171r\u00e9s a benchmark \u00e9s adatb\u00e1zis\u2011kutat\u00e1s sor\u00e1n<\/strong><\/h2>\n\n\n\n<p>Gyakori hiba, hogy egy nemzetk\u00f6zi, teh\u00e1t nem Magyarorsz\u00e1gra f\u00f3kusz\u00e1l\u00f3 adatb\u00e1zis-kutat\u00e1s (benchmark keres\u00e9s) nem a megfelel\u0151 m\u00f3dszertan alapj\u00e1n t\u00f6rt\u00e9nik, \u00e9s nem k\u00f6veti az ezzel kapcsolatos nemzetk\u00f6zileg elfogadott, illetve a magyar ad\u00f3hat\u00f3s\u00e1g \u00e1ltal kiadott ir\u00e1nyelveket. A f\u00f6ldrajzi sz\u0171r\u00e9st ez esetben az aj\u00e1nl\u00e1sok szerint Magyarorsz\u00e1gr\u00f3l sz\u00fcks\u00e9ges ind\u00edtani, majd \u2013 ha nincs elegend\u0151 sz\u00e1m\u00fa \u00f6sszehasonl\u00edthat\u00f3 v\u00e1llalat \u2013 fokozatosan b\u0151v\u00edteni a V4-ek, K\u00f6z\u00e9p-Eur\u00f3pa, az EU 27 tag\u00e1llama (+UK), legv\u00e9gs\u0151 esetben pedig a glob\u00e1lis mer\u00edt\u00e9s ir\u00e1ny\u00e1ba.<\/p>\n\n\n\n<p>Mi\u00e9rt fontos ez? A f\u00f6ldrajzi sz\u0171r\u00e9s nem megfelel\u0151 be\u00e1ll\u00edt\u00e1sai az \u00f6sszehasonl\u00edthat\u00f3s\u00e1gi hi\u00e1nyoss\u00e1gok miatt torz tartom\u00e1nyt \u00e9s t\u00e9ves j\u00f6vedelmez\u0151s\u00e9gi k\u00f6vetkeztet\u00e9seket eredm\u00e9nyezhet.<\/p>\n\n\n\n<h2 class=\"wp-block-heading has-text-color has-link-color has-medium-font-size wp-elements-2dd773e3277f3dcb0ccb52fdf4cc1f63\" id=\"h-hiba-2-a-manualis-szures-elnagyolasa\" style=\"color:#871818\"><strong>HIBA#2: A manu\u00e1lis sz\u0171r\u00e9s elnagyol\u00e1sa<\/strong><\/h2>\n\n\n\n<p>A Tranfer Pricing Catalyst az egyik leggyakrabban haszn\u00e1lt adatb\u00e1zis, amelyet kifejezetten az ad\u00f3szakemberek ig\u00e9nyeinek figyelembev\u00e9tel\u00e9vel fejlesztett\u00e9k ki a piaci \u00e1rk\u00e9pz\u00e9s meg\u00e1llap\u00edt\u00e1s\u00e1hoz \u00e9s ellen\u0151rz\u00e9s\u00e9hez. Ennek f\u00fcggetlens\u00e9gi sz\u0171r\u00e9se azonban nem mindig t\u00f6k\u00e9letes a tekintetben, hogy melyik c\u00e9g min\u0151s\u00fcl <a href=\"https:\/\/hu.andersen.com\/hu\/andersen-adoszotar\/kapcsolt-vallalkozas\/\">kapcsolt v\u00e1llalkoz\u00e1snak<\/a>. A sz\u0171r\u00e9si eredm\u00e9nyt minden esetben vizsg\u00e1lni kell, pl. oly m\u00f3don, hogy azt az adott c\u00e9gek honlapj\u00e1n el\u00e9rhet\u0151 inform\u00e1ci\u00f3k alapj\u00e1n verifik\u00e1lj\u00e1k. Ett\u0151l azonban id\u0151megtakar\u00edt\u00e1si okokb\u00f3l nagyon sok szolg\u00e1ltat\u00f3 (transzfer\u00e1r tan\u00e1csad\u00f3) eltekint. Ennek k\u00f6vetkezt\u00e9ben mind a magyar, mind a k\u00fclf\u00f6ldi c\u00e9gek eset\u00e9ben sok kapcsolt v\u00e1llalkoz\u00e1s marad a kapott sz\u0171r\u00e9sben, ami \u00e1ltal\u00e1nos hiba. Ez egyr\u00e9szt negat\u00edvan befoly\u00e1solja a benchmark megb\u00edzhat\u00f3s\u00e1g\u00e1t, ami b\u00edrs\u00e1g kiszab\u00e1s\u00e1t vonja maga ut\u00e1n, m\u00e1sr\u00e9szt pontatlan interkvartilis tartom\u00e1nyt eredm\u00e9nyez, mai mag\u00e1val vonhatja az ad\u00f3k\u00fcl\u00f6nb\u00f6zet meg\u00e1llap\u00edt\u00e1s\u00e1t is.<\/p>\n\n\n\n<h2 class=\"wp-block-heading has-text-color has-link-color has-medium-font-size wp-elements-8816984ca3d0d9c30d5970af24334a06\" id=\"h-hiba-3-a-tevekenysegi-kor-vizsgalatanak-elmaradasa\" style=\"color:#871818\"><strong>HIBA#3: A tev\u00e9kenys\u00e9gi k\u00f6r vizsg\u00e1lat\u00e1nak elmarad\u00e1sa<\/strong><\/h2>\n\n\n\n<p>A benchmark kutat\u00e1shoz kapcsol\u00f3d\u00f3 m\u00e1sik tipikus hi\u00e1nyoss\u00e1g, hogy nem vizsg\u00e1lj\u00e1k meg alaposan, mivel foglalkozik val\u00f3j\u00e1ban az adott c\u00e9g, amely a sz\u0171r\u00e9sbe ker\u00fclt? Itt t\u00f6bbek k\u00f6z\u00f6tt az al\u00e1bbi k\u00e9rd\u00e9sek mer\u00fclnek fel:<\/p>\n\n\n\n<ul class=\"wp-block-list\">\n<li>Mi a c\u00e9g f\u0151tev\u00e9kenys\u00e9ge?<\/li>\n\n\n\n<li>Milyen mell\u00e9ktev\u00e9kenys\u00e9geket v\u00e9gez emellett?<\/li>\n\n\n\n<li>Milyen funkcion\u00e1lis profillal v\u00e9gzi ezt a tev\u00e9kenys\u00e9get \/ ezeket a tev\u00e9kenys\u00e9geket? (gy\u00e1rt\u00f3, b\u00e9rmunk\u00e1ban gy\u00e1rt\u00f3, stb.)<\/li>\n\n\n\n<li>Ezeket mennyire lehet \u00f6sszekapcsolni azzal a tev\u00e9kenys\u00e9ggel, amit vizsg\u00e1lunk, vagy amit igazolni pr\u00f3b\u00e1lunk a transzfer\u00e1raz\u00e1s sor\u00e1n?<\/li>\n<\/ul>\n\n\n\n<p>Ha nem adunk pontos v\u00e1laszokat ezekre a k\u00e9rd\u00e9sekre, akkor az a 2. pontban le\u00edrt kock\u00e1zatokhoz vezethet.<\/p>\n\n\n\n<h2 class=\"wp-block-heading has-text-color has-link-color has-medium-font-size wp-elements-6c486af2ec9beb4501e3b7e9149b9b5b\" id=\"h-hiba-4-a-karakterizacio-meghatarozasa\" style=\"color:#871818\"><strong>HIBA#4: A karakteriz\u00e1ci\u00f3 meghat\u00e1roz\u00e1sa<\/strong><\/h2>\n\n\n\n<p>Sokszor tal\u00e1lkozni azzal a jelens\u00e9ggel, hogy a <a href=\"https:\/\/hu.andersen.com\/hu\/andersen-adoszotar\/funkcionalis-elemzes\/\">funkcion\u00e1lis anal\u00edzis<\/a> sor\u00e1n nem megfelel\u0151 m\u00f3don hat\u00e1rozz\u00e1k meg a sz\u00f3ban forg\u00f3 \u00fcgyletben r\u00e9sztvev\u0151 c\u00e9gek karakteriz\u00e1ci\u00f3j\u00e1t, szerep\u00e9t. Ez alapvet\u0151 probl\u00e9m\u00e1t okoz, hiszen a karakteriz\u00e1ci\u00f3t\u00f3l f\u00fcgg a szok\u00e1sos piaci \u00e1r meg\u00e1llap\u00edt\u00e1s\u00e1hoz alkalmazott transzfer\u00e1raz\u00e1si m\u00f3dszertan, illetve a j\u00f6vedelmez\u0151s\u00e9gi mutat\u00f3 kiv\u00e1laszt\u00e1sa is.<\/p>\n\n\n\n<h2 class=\"wp-block-heading has-text-color has-link-color has-medium-font-size wp-elements-46828976eaecd31062bd3aacc8201093\" id=\"h-hiba-5-a-transzferar-dokumentacio-formai-kriteriumai\" style=\"color:#871818\"><strong>HIBA#5: A transzfer\u00e1r dokument\u00e1ci\u00f3 formai krit\u00e9riumai<\/strong><\/h2>\n\n\n\n<p>2023-t\u00f3l \u00faj szab\u00e1lyok vonatkoznak a transzfer\u00e1r-dokumentum szerkezeti fel\u00e9p\u00edt\u00e9s\u00e9re \u00e9s tartalm\u00e1ra. Az egyik fontos v\u00e1ltoz\u00e1s, hogy a kor\u00e1bbiakhoz k\u00e9pest m\u00e1sk\u00e9pp kell el\u0151k\u00e9sz\u00edteni, illetve elk\u00e9sz\u00edteni a helyi dokumentumot, amely k\u00e9t r\u00e9szre bonthat\u00f3: egy k\u00f6z\u00f6s (ad\u00f3z\u00f3i) r\u00e9szre \u00e9s az \u00fcgyleti szint\u0171 r\u00e9szre. Gyakori hiba, hogy a c\u00e9gek nem a hat\u00e1lyos szab\u00e1lyok alapj\u00e1n k\u00e9sz\u00edtik el a dokument\u00e1ci\u00f3t, \u00e9s p\u00e9ld\u00e1ul a helyi dokumentumon bel\u00fcl nem k\u00fcl\u00f6n\u00edtik el megfelel\u0151en a k\u00e9t r\u00e9szt. El\u0151fordul az is, hogy a szigor\u00fabb\u00e1 v\u00e1lt \u00f6sszevonhat\u00f3s\u00e1gi szab\u00e1lyokat (pl. beszerz\u00e9s vs. \u00e9rt\u00e9kes\u00edt\u00e9s) sem veszik figyelembe.&nbsp;<\/p>\n\n\n\n<h2 class=\"wp-block-heading has-text-color has-link-color has-medium-font-size wp-elements-4d6ce092cc1ed210d81074a297df7f72\" id=\"h-hiba-6-fodokumentum-vs-helyi-dokumentum-inkonzisztenciak\" style=\"color:#871818\"><strong>HIBA#6: F\u0151dokumentum vs. helyi dokumentum inkonzisztenci\u00e1k<\/strong><\/h2>\n\n\n\n<p>Sokszor el\u0151fordul, hogy a k\u00fclf\u00f6ldi tan\u00e1csad\u00f3 \u00e1ltal k\u00e9sz\u00edtett csoportszint\u0171 <a href=\"https:\/\/hu.andersen.com\/hu\/andersen-adoszotar\/transzferar-fodokumentum\/\">f\u0151dokumentum<\/a> narrat\u00edv\u00e1ja (ell\u00e1t\u00e1si l\u00e1nc, szerepek, immateri\u00e1lis eszk\u00f6z\u00f6k, TP\u2011politika, stb.)\u00a0\u00fctk\u00f6zik\u00a0a helyi tan\u00e1csad\u00f3 \u00e1ltal elk\u00e9sz\u00edtett <a href=\"https:\/\/hu.andersen.com\/hu\/andersen-adoszotar\/transzferar-helyi-dokumentum\/\">helyi dokumentum<\/a> meg\u00e1llap\u00edt\u00e1saival. M\u00e1rpedig a k\u00e9t dokumentum\u00a0koherenci\u00e1ja\u00a0alapk\u00f6vetelm\u00e9ny: optim\u00e1lis esetben a f\u0151dokumentum a kiindul\u00f3pont; a helyi dokumentum ennek\u00a0lok\u00e1lis t\u00e9nyekkel \u00e9s sz\u00e1mokkal\u00a0al\u00e1t\u00e1masztott \u201elenyomata\u201d. Elt\u00e9r\u00e9s csak indokolt esetben, r\u00e9szletes magyar\u00e1zattal lehets\u00e9ges.<\/p>\n\n\n\n<h2 class=\"wp-block-heading has-text-color has-link-color has-medium-font-size wp-elements-fa9d325d2ceb03bdae29500d49284d5d\" id=\"h-milyen-szankciok-fenyegetnek\" style=\"color:#871818\"><strong>Milyen szankci\u00f3k fenyegetnek?<\/strong><\/h2>\n\n\n\n<p>A transzfer\u00e1r nyilv\u00e1ntart\u00e1s-k\u00e9sz\u00edt\u00e9si k\u00f6telezetts\u00e9g elmulaszt\u00e1s\u00e1n t\u00fal a hi\u00e1nyos vagy hib\u00e1s adatokat tartalmaz\u00f3 nyilv\u00e1ntart\u00e1s is mulaszt\u00e1si b\u00edrs\u00e1g kiszab\u00e1s\u00e1t eredm\u00e9nyezheti. Ennek m\u00e9rt\u00e9ke nyilv\u00e1ntart\u00e1sonk\u00e9nt \u00f6tmilli\u00f3 forintig terjedhet, m\u00edg ism\u00e9telt jogs\u00e9rt\u00e9s eset\u00e9n nyilv\u00e1ntart\u00e1sonk\u00e9nt t\u00edzmilli\u00f3 forintig terjed\u0151 b\u00edrs\u00e1ggal kell sz\u00e1molni.<\/p>\n\n\n\n<p>Ennek kapcs\u00e1n fontos megjegyezni, hogy 2023-t\u00f3l m\u00f3dosult a nyilv\u00e1ntart\u00e1s fogalma is. Kor\u00e1bban egy transzfer\u00e1r nyilv\u00e1ntart\u00e1s volt, mely egy f\u0151dokumentumb\u00f3l \u00e9s egy helyi dokumentumb\u00f3l \u00e1llt \u00edgy b\u00edrs\u00e1got egyszer lehetett kiszabni. A m\u00f3dos\u00edt\u00e1s ut\u00e1n azonban a f\u0151dokumentum \u00e9s az \u00fcgyletenk\u00e9nt elk\u00e9sz\u00edtend\u0151 helyi dokumentumok k\u00fcl\u00f6n-k\u00fcl\u00f6n nyilv\u00e1ntart\u00e1snak sz\u00e1m\u00edtanak, megsokszorozva a mulaszt\u00e1si b\u00edrs\u00e1g kock\u00e1zat\u00e1t.<\/p>\n\n\n\n<h2 class=\"wp-block-heading has-text-color has-link-color has-medium-font-size wp-elements-39600de899a37802043babb4d525e1c7\" id=\"h-milyen-elonyoket-nyujt-az-andersen-transzferar-diagnosztika-szolgaltatasa\" style=\"color:#871818\"><strong>Milyen el\u0151ny\u00f6ket ny\u00fajt az Andersen Transzfer\u00e1r Diagnosztika szolg\u00e1ltat\u00e1sa?<\/strong><\/h2>\n\n\n\n<p>C\u00e9g\u00fcnk szak\u00e9rt\u0151i sz\u00e9les k\u00f6r\u0171 tapasztalattal rendelkeznek a kapcsolt v\u00e1llalkoz\u00e1sok k\u00f6z\u00f6tti \u00fcgyletek szok\u00e1sos piaci \u00e1r\u00e1nak meghat\u00e1roz\u00e1s\u00e1ban, ennek megfelel\u0151en <a href=\"https:\/\/hu.andersen.com\/hu\/adotanacsadas-szolgaltatas\/transzferar-szolgaltatasok\/\">\u00e1tfog\u00f3 szolg\u00e1ltat\u00e1scsomaggal \u00e1llnak \u00fcgyfeleink rendelkez\u00e9s\u00e9re a transzfer\u00e1raz\u00e1s tekintet\u00e9ben<\/a>. Ennek k\u00e9pezi r\u00e9sz\u00e9t Transzfer\u00e1r Diagnosztika szolg\u00e1ltat\u00e1sunk, amelynek seg\u00edts\u00e9g\u00e9vel az olyan t\u00edpushib\u00e1k gyors felt\u00e1r\u00e1s\u00e1ra ker\u00fcl sor, mint amilyenek az el\u0151bbi felsorol\u00e1sban szerepelnek, ezzel minimaliz\u00e1lva a tetemes ad\u00f3b\u00edrs\u00e1g kock\u00e1zat\u00e1t.<\/p>\n\n\n\n<p>El\u0151ny\u00f6k:<\/p>\n\n\n\n<ul class=\"wp-block-list\">\n<li>Azonnali helyzetjelent\u00e9s a transzfer\u00e1raz\u00e1si m\u00f3dszertan megfelel\u0151s\u00e9g\u00e9r\u0151l.<\/li>\n\n\n\n<li>Id\u0151ben felt\u00e1rt kock\u00e1zatok<\/li>\n\n\n\n<li>Megold\u00e1si javaslatok a felt\u00e1rt transzfer\u00e1r hib\u00e1kra.<\/li>\n<\/ul>\n\n\n\n<p>   <\/p>\n\n\n<div style=\"background-color: #871818; color: #ffffff; border-left-color: #e54f4f; padding-top: var(--wp--preset--spacing--50); padding-left: var(--wp--preset--spacing--40); padding-right: var(--wp--preset--spacing--40); padding-bottom: var(--wp--preset--spacing--50); margin-top: var(--wp--preset--spacing--40); margin-left: var(--wp--preset--spacing--20); margin-right: var(--wp--preset--spacing--20); margin-bottom: var(--wp--preset--spacing--40); \" class=\"ub-styled-box ub-notification-box wp-block-ub-styled-box\" id=\"ub-styled-box-cf4dc15d-cba3-400a-9ec0-e571c22b57c4\">\n<p style=\"font-size:18px\" id=\"ub-styled-box-notification-content-\">A tekint\u00e9lyes nemzetk\u00f6zi ad\u00f3z\u00e1si magazin, az International Tax Review \u00e9rt\u00e9kel\u00e9se szerint <strong>2024-ben az Andersen Ad\u00f3tan\u00e1csad\u00f3 Zrt. ny\u00fajtotta a legjobb teljes\u00edtm\u00e9nyt a transzfer\u00e1r tan\u00e1csad\u00e1s ter\u00fclet\u00e9n Magyarorsz\u00e1gon<\/strong>, ez\u00e9rt ki\u00e9rdemelte az <strong>\u00c9V TRANSZFER\u00c1R TAN\u00c1CSAD\u00d3JA<\/strong> c\u00edmet. Tapasztalt szak\u00e9rt\u0151ink k\u00e9szs\u00e9ggel \u00e1llnak az \u00d6n rendelkez\u00e9s\u00e9re is.<\/p>\n\n\n<\/div>\n\n<div class=\"wp-block-image\">\n<figure class=\"aligncenter size-full\"><img loading=\"lazy\" decoding=\"async\" width=\"1024\" height=\"487\" src=\"https:\/\/hu.andersen.com\/wp-content\/uploads\/2025\/09\/ITR-AWARDS-ANDERSEN-2025.jpg\" alt=\"\" class=\"wp-image-13942\" srcset=\"https:\/\/hu.andersen.com\/wp-content\/uploads\/2025\/09\/ITR-AWARDS-ANDERSEN-2025.jpg 1024w, https:\/\/hu.andersen.com\/wp-content\/uploads\/2025\/09\/ITR-AWARDS-ANDERSEN-2025-300x143.jpg 300w, https:\/\/hu.andersen.com\/wp-content\/uploads\/2025\/09\/ITR-AWARDS-ANDERSEN-2025-768x365.jpg 768w\" sizes=\"auto, (max-width: 1024px) 100vw, 1024px\" \/><\/figure>\n<\/div>","protected":false},"excerpt":{"rendered":"<p>\u00d6sszefoglaltuk a leggyakoribb hib\u00e1kat, amelyeket az \u00e9rintett c\u00e9gek a transzfer\u00e1raz\u00e1s sor\u00e1n elk\u00f6vetnek. Bemutatjuk az Andersen Transzfer\u00e1r Diagnosztika szolg\u00e1ltat\u00e1s\u00e1t.<\/p>\n","protected":false},"author":1028,"featured_media":13951,"comment_status":"closed","ping_status":"closed","sticky":false,"template":"","format":"standard","meta":{"_acf_changed":false,"_genesis_hide_title":false,"_genesis_hide_breadcrumbs":false,"_genesis_hide_singular_image":false,"_genesis_hide_footer_widgets":false,"_genesis_custom_body_class":"","_genesis_custom_post_class":"","_genesis_layout":"","footnotes":""},"categories":[38],"tags":[41],"class_list":{"0":"post-13941","1":"post","2":"type-post","3":"status-publish","4":"format-standard","5":"has-post-thumbnail","7":"category-hirek","8":"tag-slider-2","9":"entry"},"acf":[],"featured_image_src":"https:\/\/hu.andersen.com\/wp-content\/uploads\/2025\/09\/transzferar-hibak-kockazatok-diagnosztika-2025.jpg","author_info":{"display_name":"G\u00f6tz Attila","author_link":"https:\/\/hu.andersen.com\/hu\/author\/agotz\/"},"yoast_head":"<!-- This site is optimized with the Yoast SEO Premium plugin v27.4 (Yoast SEO v27.4) - https:\/\/yoast.com\/product\/yoast-seo-premium-wordpress\/ -->\n<title>Fokoz\u00f3d\u00f3 transzfer\u00e1r ellen\u0151rz\u00e9sek: tipikus hib\u00e1k \u00e9s kock\u00e1zatok - Andersen Magyarorsz\u00e1g<\/title>\n<meta name=\"description\" content=\"Cikk\u00fcnkben \u00f6sszefoglaltuk a leggyakoribb hib\u00e1kat, amelyeket az \u00e9rintett c\u00e9gek a transzfer\u00e1raz\u00e1s sor\u00e1n elk\u00f6vetnek.\" \/>\n<meta name=\"robots\" content=\"index, follow, max-snippet:-1, max-image-preview:large, max-video-preview:-1\" \/>\n<link rel=\"canonical\" href=\"https:\/\/hu.andersen.com\/hu\/hirek\/transzferar-ellenorzesek-leggyakoribb-hibak-2025\/\" \/>\n<meta property=\"og:locale\" content=\"hu_HU\" \/>\n<meta property=\"og:type\" content=\"article\" \/>\n<meta property=\"og:title\" content=\"Fokoz\u00f3d\u00f3 transzfer\u00e1r ellen\u0151rz\u00e9sek: tipikus hib\u00e1k \u00e9s kock\u00e1zatok\" \/>\n<meta property=\"og:description\" content=\"Cikk\u00fcnkben \u00f6sszefoglaltuk a leggyakoribb hib\u00e1kat, amelyeket az \u00e9rintett c\u00e9gek a transzfer\u00e1raz\u00e1s sor\u00e1n elk\u00f6vetnek.\" \/>\n<meta property=\"og:url\" content=\"https:\/\/hu.andersen.com\/hu\/hirek\/transzferar-ellenorzesek-leggyakoribb-hibak-2025\/\" \/>\n<meta property=\"og:site_name\" content=\"Andersen Magyarorsz\u00e1g\" \/>\n<meta property=\"article:published_time\" content=\"2025-09-22T07:41:16+00:00\" \/>\n<meta property=\"article:modified_time\" content=\"2025-09-22T07:53:19+00:00\" \/>\n<meta property=\"og:image\" content=\"https:\/\/hu.andersen.com\/wp-content\/uploads\/2025\/09\/transzferar-hibak-kockazatok-diagnosztika-2025.jpg\" \/>\n\t<meta property=\"og:image:width\" content=\"1640\" \/>\n\t<meta property=\"og:image:height\" content=\"780\" \/>\n\t<meta property=\"og:image:type\" content=\"image\/jpeg\" \/>\n<meta name=\"author\" content=\"G\u00f6tz Attila\" \/>\n<meta name=\"twitter:card\" content=\"summary_large_image\" \/>\n<meta name=\"twitter:label1\" content=\"Szerz\u0151:\" \/>\n\t<meta name=\"twitter:data1\" content=\"G\u00f6tz Attila\" \/>\n\t<meta name=\"twitter:label2\" content=\"Becs\u00fclt olvas\u00e1si id\u0151\" \/>\n\t<meta name=\"twitter:data2\" content=\"9 perc\" \/>\n<script type=\"application\/ld+json\" class=\"yoast-schema-graph\">{\"@context\":\"https:\\\/\\\/schema.org\",\"@graph\":[{\"@type\":\"Article\",\"@id\":\"https:\\\/\\\/hu.andersen.com\\\/hu\\\/hirek\\\/transzferar-ellenorzesek-leggyakoribb-hibak-2025\\\/#article\",\"isPartOf\":{\"@id\":\"https:\\\/\\\/hu.andersen.com\\\/hu\\\/hirek\\\/transzferar-ellenorzesek-leggyakoribb-hibak-2025\\\/\"},\"author\":{\"name\":\"G\u00f6tz Attila\",\"@id\":\"https:\\\/\\\/hu.andersen.com\\\/#\\\/schema\\\/person\\\/57a8b81638277dac3324887812032990\"},\"headline\":\"Fokoz\u00f3d\u00f3 transzfer\u00e1r ellen\u0151rz\u00e9sek: tipikus hib\u00e1k \u00e9s kock\u00e1zatok\",\"datePublished\":\"2025-09-22T07:41:16+00:00\",\"dateModified\":\"2025-09-22T07:53:19+00:00\",\"mainEntityOfPage\":{\"@id\":\"https:\\\/\\\/hu.andersen.com\\\/hu\\\/hirek\\\/transzferar-ellenorzesek-leggyakoribb-hibak-2025\\\/\"},\"wordCount\":1727,\"image\":{\"@id\":\"https:\\\/\\\/hu.andersen.com\\\/hu\\\/hirek\\\/transzferar-ellenorzesek-leggyakoribb-hibak-2025\\\/#primaryimage\"},\"thumbnailUrl\":\"https:\\\/\\\/hu.andersen.com\\\/wp-content\\\/uploads\\\/2025\\\/09\\\/transzferar-hibak-kockazatok-diagnosztika-2025.jpg\",\"keywords\":[\"slider\"],\"articleSection\":[\"H\u00edrek\"],\"inLanguage\":\"hu\"},{\"@type\":\"WebPage\",\"@id\":\"https:\\\/\\\/hu.andersen.com\\\/hu\\\/hirek\\\/transzferar-ellenorzesek-leggyakoribb-hibak-2025\\\/\",\"url\":\"https:\\\/\\\/hu.andersen.com\\\/hu\\\/hirek\\\/transzferar-ellenorzesek-leggyakoribb-hibak-2025\\\/\",\"name\":\"Fokoz\u00f3d\u00f3 transzfer\u00e1r ellen\u0151rz\u00e9sek: tipikus hib\u00e1k \u00e9s kock\u00e1zatok - Andersen Magyarorsz\u00e1g\",\"isPartOf\":{\"@id\":\"https:\\\/\\\/hu.andersen.com\\\/#website\"},\"primaryImageOfPage\":{\"@id\":\"https:\\\/\\\/hu.andersen.com\\\/hu\\\/hirek\\\/transzferar-ellenorzesek-leggyakoribb-hibak-2025\\\/#primaryimage\"},\"image\":{\"@id\":\"https:\\\/\\\/hu.andersen.com\\\/hu\\\/hirek\\\/transzferar-ellenorzesek-leggyakoribb-hibak-2025\\\/#primaryimage\"},\"thumbnailUrl\":\"https:\\\/\\\/hu.andersen.com\\\/wp-content\\\/uploads\\\/2025\\\/09\\\/transzferar-hibak-kockazatok-diagnosztika-2025.jpg\",\"datePublished\":\"2025-09-22T07:41:16+00:00\",\"dateModified\":\"2025-09-22T07:53:19+00:00\",\"author\":{\"@id\":\"https:\\\/\\\/hu.andersen.com\\\/#\\\/schema\\\/person\\\/57a8b81638277dac3324887812032990\"},\"description\":\"Cikk\u00fcnkben \u00f6sszefoglaltuk a leggyakoribb hib\u00e1kat, amelyeket az \u00e9rintett c\u00e9gek a transzfer\u00e1raz\u00e1s sor\u00e1n elk\u00f6vetnek.\",\"breadcrumb\":{\"@id\":\"https:\\\/\\\/hu.andersen.com\\\/hu\\\/hirek\\\/transzferar-ellenorzesek-leggyakoribb-hibak-2025\\\/#breadcrumb\"},\"inLanguage\":\"hu\",\"potentialAction\":[{\"@type\":\"ReadAction\",\"target\":[\"https:\\\/\\\/hu.andersen.com\\\/hu\\\/hirek\\\/transzferar-ellenorzesek-leggyakoribb-hibak-2025\\\/\"]}]},{\"@type\":\"ImageObject\",\"inLanguage\":\"hu\",\"@id\":\"https:\\\/\\\/hu.andersen.com\\\/hu\\\/hirek\\\/transzferar-ellenorzesek-leggyakoribb-hibak-2025\\\/#primaryimage\",\"url\":\"https:\\\/\\\/hu.andersen.com\\\/wp-content\\\/uploads\\\/2025\\\/09\\\/transzferar-hibak-kockazatok-diagnosztika-2025.jpg\",\"contentUrl\":\"https:\\\/\\\/hu.andersen.com\\\/wp-content\\\/uploads\\\/2025\\\/09\\\/transzferar-hibak-kockazatok-diagnosztika-2025.jpg\",\"width\":1640,\"height\":780,\"caption\":\"Fokoz\u00f3d\u00f3 transzfer\u00e1r ellen\u0151rz\u00e9sek: tipikus hib\u00e1k \u00e9s kock\u00e1zatok\"},{\"@type\":\"BreadcrumbList\",\"@id\":\"https:\\\/\\\/hu.andersen.com\\\/hu\\\/hirek\\\/transzferar-ellenorzesek-leggyakoribb-hibak-2025\\\/#breadcrumb\",\"itemListElement\":[{\"@type\":\"ListItem\",\"position\":1,\"name\":\"Kezd\u0151lap\",\"item\":\"https:\\\/\\\/hu.andersen.com\\\/hu\\\/\"},{\"@type\":\"ListItem\",\"position\":2,\"name\":\"Fokoz\u00f3d\u00f3 transzfer\u00e1r ellen\u0151rz\u00e9sek: tipikus hib\u00e1k \u00e9s kock\u00e1zatok\"}]},{\"@type\":\"WebSite\",\"@id\":\"https:\\\/\\\/hu.andersen.com\\\/#website\",\"url\":\"https:\\\/\\\/hu.andersen.com\\\/\",\"name\":\"Andersen In Hungary\",\"description\":\"Ad\u00f3tan\u00e1csad\u00e1s \u00e9s jogi tan\u00e1csad\u00e1s\",\"potentialAction\":[{\"@type\":\"SearchAction\",\"target\":{\"@type\":\"EntryPoint\",\"urlTemplate\":\"https:\\\/\\\/hu.andersen.com\\\/?s={search_term_string}\"},\"query-input\":{\"@type\":\"PropertyValueSpecification\",\"valueRequired\":true,\"valueName\":\"search_term_string\"}}],\"inLanguage\":\"hu\"},{\"@type\":\"Person\",\"@id\":\"https:\\\/\\\/hu.andersen.com\\\/#\\\/schema\\\/person\\\/57a8b81638277dac3324887812032990\",\"name\":\"G\u00f6tz Attila\",\"image\":{\"@type\":\"ImageObject\",\"inLanguage\":\"hu\",\"@id\":\"https:\\\/\\\/secure.gravatar.com\\\/avatar\\\/2d4fd031a22fa340d80ae6058bee0ef10aa643338dbc8f7650a08f79a37958b7?s=96&d=mm&r=g\",\"url\":\"https:\\\/\\\/secure.gravatar.com\\\/avatar\\\/2d4fd031a22fa340d80ae6058bee0ef10aa643338dbc8f7650a08f79a37958b7?s=96&d=mm&r=g\",\"contentUrl\":\"https:\\\/\\\/secure.gravatar.com\\\/avatar\\\/2d4fd031a22fa340d80ae6058bee0ef10aa643338dbc8f7650a08f79a37958b7?s=96&d=mm&r=g\",\"caption\":\"G\u00f6tz Attila\"},\"sameAs\":[\"https:\\\/\\\/hu.andersen.com\"],\"url\":\"https:\\\/\\\/hu.andersen.com\\\/hu\\\/author\\\/agotz\\\/\"}]}<\/script>\n<!-- \/ Yoast SEO Premium plugin. -->","yoast_head_json":{"title":"Fokoz\u00f3d\u00f3 transzfer\u00e1r ellen\u0151rz\u00e9sek: tipikus hib\u00e1k \u00e9s kock\u00e1zatok - Andersen Magyarorsz\u00e1g","description":"Cikk\u00fcnkben \u00f6sszefoglaltuk a leggyakoribb hib\u00e1kat, amelyeket az \u00e9rintett c\u00e9gek a transzfer\u00e1raz\u00e1s sor\u00e1n elk\u00f6vetnek.","robots":{"index":"index","follow":"follow","max-snippet":"max-snippet:-1","max-image-preview":"max-image-preview:large","max-video-preview":"max-video-preview:-1"},"canonical":"https:\/\/hu.andersen.com\/hu\/hirek\/transzferar-ellenorzesek-leggyakoribb-hibak-2025\/","og_locale":"hu_HU","og_type":"article","og_title":"Fokoz\u00f3d\u00f3 transzfer\u00e1r ellen\u0151rz\u00e9sek: tipikus hib\u00e1k \u00e9s kock\u00e1zatok","og_description":"Cikk\u00fcnkben \u00f6sszefoglaltuk a leggyakoribb hib\u00e1kat, amelyeket az \u00e9rintett c\u00e9gek a transzfer\u00e1raz\u00e1s sor\u00e1n elk\u00f6vetnek.","og_url":"https:\/\/hu.andersen.com\/hu\/hirek\/transzferar-ellenorzesek-leggyakoribb-hibak-2025\/","og_site_name":"Andersen Magyarorsz\u00e1g","article_published_time":"2025-09-22T07:41:16+00:00","article_modified_time":"2025-09-22T07:53:19+00:00","og_image":[{"width":1640,"height":780,"url":"https:\/\/hu.andersen.com\/wp-content\/uploads\/2025\/09\/transzferar-hibak-kockazatok-diagnosztika-2025.jpg","type":"image\/jpeg"}],"author":"G\u00f6tz Attila","twitter_card":"summary_large_image","twitter_misc":{"Szerz\u0151:":"G\u00f6tz Attila","Becs\u00fclt olvas\u00e1si id\u0151":"9 perc"},"schema":{"@context":"https:\/\/schema.org","@graph":[{"@type":"Article","@id":"https:\/\/hu.andersen.com\/hu\/hirek\/transzferar-ellenorzesek-leggyakoribb-hibak-2025\/#article","isPartOf":{"@id":"https:\/\/hu.andersen.com\/hu\/hirek\/transzferar-ellenorzesek-leggyakoribb-hibak-2025\/"},"author":{"name":"G\u00f6tz Attila","@id":"https:\/\/hu.andersen.com\/#\/schema\/person\/57a8b81638277dac3324887812032990"},"headline":"Fokoz\u00f3d\u00f3 transzfer\u00e1r ellen\u0151rz\u00e9sek: tipikus hib\u00e1k \u00e9s kock\u00e1zatok","datePublished":"2025-09-22T07:41:16+00:00","dateModified":"2025-09-22T07:53:19+00:00","mainEntityOfPage":{"@id":"https:\/\/hu.andersen.com\/hu\/hirek\/transzferar-ellenorzesek-leggyakoribb-hibak-2025\/"},"wordCount":1727,"image":{"@id":"https:\/\/hu.andersen.com\/hu\/hirek\/transzferar-ellenorzesek-leggyakoribb-hibak-2025\/#primaryimage"},"thumbnailUrl":"https:\/\/hu.andersen.com\/wp-content\/uploads\/2025\/09\/transzferar-hibak-kockazatok-diagnosztika-2025.jpg","keywords":["slider"],"articleSection":["H\u00edrek"],"inLanguage":"hu"},{"@type":"WebPage","@id":"https:\/\/hu.andersen.com\/hu\/hirek\/transzferar-ellenorzesek-leggyakoribb-hibak-2025\/","url":"https:\/\/hu.andersen.com\/hu\/hirek\/transzferar-ellenorzesek-leggyakoribb-hibak-2025\/","name":"Fokoz\u00f3d\u00f3 transzfer\u00e1r ellen\u0151rz\u00e9sek: tipikus hib\u00e1k \u00e9s kock\u00e1zatok - Andersen Magyarorsz\u00e1g","isPartOf":{"@id":"https:\/\/hu.andersen.com\/#website"},"primaryImageOfPage":{"@id":"https:\/\/hu.andersen.com\/hu\/hirek\/transzferar-ellenorzesek-leggyakoribb-hibak-2025\/#primaryimage"},"image":{"@id":"https:\/\/hu.andersen.com\/hu\/hirek\/transzferar-ellenorzesek-leggyakoribb-hibak-2025\/#primaryimage"},"thumbnailUrl":"https:\/\/hu.andersen.com\/wp-content\/uploads\/2025\/09\/transzferar-hibak-kockazatok-diagnosztika-2025.jpg","datePublished":"2025-09-22T07:41:16+00:00","dateModified":"2025-09-22T07:53:19+00:00","author":{"@id":"https:\/\/hu.andersen.com\/#\/schema\/person\/57a8b81638277dac3324887812032990"},"description":"Cikk\u00fcnkben \u00f6sszefoglaltuk a leggyakoribb hib\u00e1kat, amelyeket az \u00e9rintett c\u00e9gek a transzfer\u00e1raz\u00e1s sor\u00e1n elk\u00f6vetnek.","breadcrumb":{"@id":"https:\/\/hu.andersen.com\/hu\/hirek\/transzferar-ellenorzesek-leggyakoribb-hibak-2025\/#breadcrumb"},"inLanguage":"hu","potentialAction":[{"@type":"ReadAction","target":["https:\/\/hu.andersen.com\/hu\/hirek\/transzferar-ellenorzesek-leggyakoribb-hibak-2025\/"]}]},{"@type":"ImageObject","inLanguage":"hu","@id":"https:\/\/hu.andersen.com\/hu\/hirek\/transzferar-ellenorzesek-leggyakoribb-hibak-2025\/#primaryimage","url":"https:\/\/hu.andersen.com\/wp-content\/uploads\/2025\/09\/transzferar-hibak-kockazatok-diagnosztika-2025.jpg","contentUrl":"https:\/\/hu.andersen.com\/wp-content\/uploads\/2025\/09\/transzferar-hibak-kockazatok-diagnosztika-2025.jpg","width":1640,"height":780,"caption":"Fokoz\u00f3d\u00f3 transzfer\u00e1r ellen\u0151rz\u00e9sek: tipikus hib\u00e1k \u00e9s kock\u00e1zatok"},{"@type":"BreadcrumbList","@id":"https:\/\/hu.andersen.com\/hu\/hirek\/transzferar-ellenorzesek-leggyakoribb-hibak-2025\/#breadcrumb","itemListElement":[{"@type":"ListItem","position":1,"name":"Kezd\u0151lap","item":"https:\/\/hu.andersen.com\/hu\/"},{"@type":"ListItem","position":2,"name":"Fokoz\u00f3d\u00f3 transzfer\u00e1r ellen\u0151rz\u00e9sek: tipikus hib\u00e1k \u00e9s kock\u00e1zatok"}]},{"@type":"WebSite","@id":"https:\/\/hu.andersen.com\/#website","url":"https:\/\/hu.andersen.com\/","name":"Andersen In Hungary","description":"Ad\u00f3tan\u00e1csad\u00e1s \u00e9s jogi tan\u00e1csad\u00e1s","potentialAction":[{"@type":"SearchAction","target":{"@type":"EntryPoint","urlTemplate":"https:\/\/hu.andersen.com\/?s={search_term_string}"},"query-input":{"@type":"PropertyValueSpecification","valueRequired":true,"valueName":"search_term_string"}}],"inLanguage":"hu"},{"@type":"Person","@id":"https:\/\/hu.andersen.com\/#\/schema\/person\/57a8b81638277dac3324887812032990","name":"G\u00f6tz Attila","image":{"@type":"ImageObject","inLanguage":"hu","@id":"https:\/\/secure.gravatar.com\/avatar\/2d4fd031a22fa340d80ae6058bee0ef10aa643338dbc8f7650a08f79a37958b7?s=96&d=mm&r=g","url":"https:\/\/secure.gravatar.com\/avatar\/2d4fd031a22fa340d80ae6058bee0ef10aa643338dbc8f7650a08f79a37958b7?s=96&d=mm&r=g","contentUrl":"https:\/\/secure.gravatar.com\/avatar\/2d4fd031a22fa340d80ae6058bee0ef10aa643338dbc8f7650a08f79a37958b7?s=96&d=mm&r=g","caption":"G\u00f6tz Attila"},"sameAs":["https:\/\/hu.andersen.com"],"url":"https:\/\/hu.andersen.com\/hu\/author\/agotz\/"}]}},"_links":{"self":[{"href":"https:\/\/hu.andersen.com\/hu\/wp-json\/wp\/v2\/posts\/13941","targetHints":{"allow":["GET"]}}],"collection":[{"href":"https:\/\/hu.andersen.com\/hu\/wp-json\/wp\/v2\/posts"}],"about":[{"href":"https:\/\/hu.andersen.com\/hu\/wp-json\/wp\/v2\/types\/post"}],"author":[{"embeddable":true,"href":"https:\/\/hu.andersen.com\/hu\/wp-json\/wp\/v2\/users\/1028"}],"replies":[{"embeddable":true,"href":"https:\/\/hu.andersen.com\/hu\/wp-json\/wp\/v2\/comments?post=13941"}],"version-history":[{"count":14,"href":"https:\/\/hu.andersen.com\/hu\/wp-json\/wp\/v2\/posts\/13941\/revisions"}],"predecessor-version":[{"id":14170,"href":"https:\/\/hu.andersen.com\/hu\/wp-json\/wp\/v2\/posts\/13941\/revisions\/14170"}],"wp:featuredmedia":[{"embeddable":true,"href":"https:\/\/hu.andersen.com\/hu\/wp-json\/wp\/v2\/media\/13951"}],"wp:attachment":[{"href":"https:\/\/hu.andersen.com\/hu\/wp-json\/wp\/v2\/media?parent=13941"}],"wp:term":[{"taxonomy":"category","embeddable":true,"href":"https:\/\/hu.andersen.com\/hu\/wp-json\/wp\/v2\/categories?post=13941"},{"taxonomy":"post_tag","embeddable":true,"href":"https:\/\/hu.andersen.com\/hu\/wp-json\/wp\/v2\/tags?post=13941"}],"curies":[{"name":"wp","href":"https:\/\/api.w.org\/{rel}","templated":true}]}}