{"id":14234,"date":"2025-10-21T10:23:28","date_gmt":"2025-10-21T08:23:28","guid":{"rendered":"https:\/\/hu.andersen.com\/?p=14234"},"modified":"2026-03-26T14:39:43","modified_gmt":"2026-03-26T13:39:43","slug":"andersen-bizalmi-vagyonkezeles-gyakorlat-cikksorozat","status":"publish","type":"post","link":"https:\/\/hu.andersen.com\/hu\/hirek\/andersen-bizalmi-vagyonkezeles-gyakorlat-cikksorozat\/","title":{"rendered":"Bizalmi vagyonkezel\u00e9s a gyakorlatban: el\u0151ny\u00f6k \u00e9s buktat\u00f3k"},"content":{"rendered":"\n<p><strong>A bizalmi vagyonkezel\u00e9s (BVK) az elm\u00falt \u00e9vekben a magyar vagyontervez\u00e9s egyik legfontosabb eszk\u00f6z\u00e9v\u00e9 v\u00e1lt. F\u0151 funkci\u00f3ja a tank\u00f6nyvi defin\u00edci\u00f3 szerint a gener\u00e1ci\u00f3k k\u00f6z\u00f6tti vagyon\u00e1tad\u00e1s g\u00f6rd\u00fcl\u00e9keny biztos\u00edt\u00e1sa. A konstrukci\u00f3 l\u00e9nyege r\u00f6viden az, hogy egy szem\u00e9ly \u2013 a vagyonrendel\u0151 \u2013 egy vagyonkezel\u0151re b\u00edzza az \u00e1ltala kijel\u00f6lt vagyonelemeket azzal a c\u00e9llal, hogy azokat a vagyonkezel\u0151 a kedvezm\u00e9nyezettek jav\u00e1ra kezelje. Ebben a fel\u00e1ll\u00e1sban b\u00e1rmely szem\u00e9ly ak\u00e1r t\u00f6bb szerepk\u00f6rt is bet\u00f6lthet, p\u00e9ld\u00e1ul a vagyonrendel\u0151 lehet egyben a vagyonkezel\u0151, s\u0151t, ak\u00e1r \u2013 nem egyed\u00fcli \u2013 kedvezm\u00e9nyezett is.<\/strong><\/p>\n\n\n\n<p>A <a href=\"https:\/\/hu.andersen.com\/hu\/adotanacsadas-szolgaltatas\/bizalmi-vagyonkezeles\/\">bizalmi vagyonkezel\u00e9s<\/a> egy olyan megold\u00e1st k\u00edn\u00e1l, amely haszn\u00e1lhat\u00f3 csal\u00e1di vagyontervez\u00e9sre, a merev \u00f6r\u00f6kl\u00e9si szab\u00e1lyok kiker\u00fcl\u00e9s\u00e9re vagy ak\u00e1r a befektet\u00e9sek ad\u00f3hat\u00e9kony struktur\u00e1l\u00e1s\u00e1ra. Egy ilyen konstrukci\u00f3 l\u00e9trehoz\u00e1sa hossz\u00fat\u00e1v\u00fa d\u00f6nt\u00e9s, amelynek r\u00e9v\u00e9n ak\u00e1r jelent\u0151s ad\u00f3megtakar\u00edt\u00e1s is el\u00e9rhet\u0151. A k\u00edn\u00e1lkoz\u00f3 el\u0151ny\u00f6k r\u00f6vid t\u00e1von gy\u00fcm\u00f6lcs\u00f6z\u0151nek gondolt kihaszn\u00e1l\u00e1s\u00e1val azonban a vagyonrendel\u0151 k\u00f6nnyen elsz\u00e1m\u00edthatja mag\u00e1t, k\u00fcl\u00f6n\u00f6sen akkor, ha nem m\u00e9rlegeli a lehets\u00e9ges kock\u00e1zatokat \u00e9s buktat\u00f3kat.<\/p>\n\n\n\n<p>Fontos azonban kiemelni, hogy b\u00e1r vannak mint\u00e1k, de nincs \u00e1ltal\u00e1nosan k\u00f6vetend\u0151 recept, pont \u00fagy, ahogy nincs k\u00e9t egyforma szitu\u00e1ci\u00f3 sem. K\u00fcl\u00f6nbs\u00e9gek vannak a vagyonok szerkezet\u00e9ben, a szem\u00e9lyes c\u00e9lrendszerekben, a lefedend\u0151 id\u0151t\u00e1vban, a vagyonelemek j\u00f6v\u0151beni sors\u00e1ban. Elengedhetetlen teh\u00e1t, hogy az implement\u00e1ci\u00f3t apr\u00f3l\u00e9kos tervez\u00e9s el\u0151zze meg.<\/p>\n\n\n\n<p>A fentiekb\u0151l m\u00e1r kider\u00fclt, hogy egy BVK el\u0151k\u00e9sz\u00edt\u00e9s\u00e9nek fontos r\u00e9sze az ad\u00f3z\u00e1s. Ez azonban nem azt jelenti, hogy az ad\u00f3z\u00e1si szempontb\u00f3l a lehet\u0151 leghat\u00e9konyabb megold\u00e1s lehet csak az elfogadhat\u00f3, hanem azt, hogy lehet\u0151s\u00e9g szerint a vagyonrendel\u0151 \u00e1ltal lefektetett \u2013 az ad\u00f3z\u00e1son j\u00f3val t\u00falmutat\u00f3 \u2013 c\u00e9lok mell\u00e9 egy olyan tervet k\u00e9sz\u00edts\u00fcnk, ami ad\u00f3z\u00e1si oldalr\u00f3l is tartalmaz el\u0151ny\u00f6ket. Ehhez ismerni kell a r\u00e9szletszab\u00e1lyokat \u00e9s a hat\u00f3s\u00e1gok \u00e9rtelmez\u00e9s\u00e9t is \u2013 nem elenged\u0151 kiz\u00e1r\u00f3lag a hangzatos ad\u00f3z\u00e1si el\u0151ny\u00f6kb\u0151l kiindulni.<\/p>\n\n\n\n<p>\u00d6nmag\u00e1ban az is kih\u00edv\u00e1st jelent az \u00e9rintettek sz\u00e1m\u00e1ra, hogy a szab\u00e1lyoz\u00e1s az elm\u00falt \u00e9vekben t\u00f6bbsz\u00f6r v\u00e1ltozott. Ebb\u0151l kifoly\u00f3lag jelent p\u00e9ld\u00e1ul neh\u00e9z feladatot annak az eld\u00f6nt\u00e9se, hogy a jelenleg hat\u00e1lyos szab\u00e1lyok mennyiben alkalmazand\u00f3ak a kor\u00e1bban l\u00e9trehozott BVK konstrukci\u00f3kra. Emellett a mindennapi m\u0171k\u00f6d\u00e9s kapcs\u00e1n sz\u00e1mos olyan k\u00e9rd\u00e9s mer\u00fcl fel, mint a kezelt vagyon ad\u00f3z\u00e1sa, a k\u00f6nyvel\u00e9si bizonytalans\u00e1gok, a k\u00fclf\u00f6ldi szerepl\u0151k bevon\u00e1s\u00e1nak hat\u00e1sai vagy a vagyonkezel\u0151i tev\u00e9kenys\u00e9g elsz\u00e1mol\u00e1sa.<\/p>\n\n\n\n<p>Az Andersen szak\u00e9rt\u0151inek most indul\u00f3 cikksorozat\u00e1ban a gyakorlatban tapasztalt tipikus probl\u00e9m\u00e1kb\u00f3l \u00e9s dilemm\u00e1kb\u00f3l v\u00e1logatunk. Nem c\u00e9lunk a jogszab\u00e1lyok sz\u00e1raz ismertet\u00e9se, sokkal ink\u00e1bb az, hogy bemutassuk, milyen helyzetekkel, k\u00e9rd\u00e9sekkel \u00e9s neh\u00e9zs\u00e9gekkel tal\u00e1lkoztunk a BVK-k m\u0171k\u00f6dtet\u00e9se sor\u00e1n, illetve azt, hogy ezekre milyen megold\u00e1sok sz\u00fclettek.<\/p>\n\n\n\n<p><a href=\"https:\/\/hu.andersen.com\/hu\/adotanacsadas-szolgaltatas\/bizalmi-vagyonkezeles\/\"><em>Az Andersen Ad\u00f3tan\u00e1csad\u00f3 Zrt. bizalmi vagyonkezel\u00e9ssel kapcsolatos szolg\u00e1ltat\u00e1sainak le\u00edr\u00e1sa ezen az oldalon \u00e9rhet\u0151 el.<\/em><\/a><em><\/em><\/p>\n\n\n\n<p>A cikksorozat eddig megjelent r\u00e9szei:<\/p>\n\n\n\n<p>(1) <a href=\"https:\/\/hu.andersen.com\/hu\/hirek\/csaladi-vagyonkezeles-maganszemely-ceg-vagyonkezelo\/\">Csal\u00e1di vagyonkezel\u00e9s: mag\u00e1nszem\u00e9ly vagy c\u00e9g kezelje a vagyont?<\/a><br>(2) <a href=\"https:\/\/hu.andersen.com\/hu\/hirek\/bvk-ba-bevitt-vagyon-ertekenek-meghatarozasa\/\">A BVK-ba bevitt vagyon \u00e9rt\u00e9k\u00e9nek meghat\u00e1roz\u00e1sa<\/a><br>(3) <a href=\"https:\/\/hu.andersen.com\/hu\/hirek\/ugyfelatvilagitas-bvk-pmt-kotelezettsegek\/\">\u00dcgyf\u00e9l-\u00e1tvil\u00e1g\u00edt\u00e1s \u00e9s BVK: a PMT k\u00f6telezetts\u00e9g nem \u00e1ll meg a bankokn\u00e1l<\/a><br>(4) <a href=\"https:\/\/hu.andersen.com\/hu\/hirek\/osztalekfizetes-bvk-hozameloleg-andersen\/\">Osztal\u00e9kfizet\u00e9s a BVK l\u00e9trej\u00f6tte ut\u00e1n: az osztal\u00e9k \u00fatja \u00e9s a hozamel\u0151leg<\/a><br>(5) <a href=\"https:\/\/hu.andersen.com\/hu\/hirek\/bizalmi-vagonkezelesbol-torteno-kifizetesek-fokuszban-a-kolcsonok\/\">Bizalmi vagonkezel\u00e9sb\u0151l t\u00f6rt\u00e9n\u0151 kifizet\u00e9sek: f\u00f3kuszban a k\u00f6lcs\u00f6n\u00f6k<\/a><\/p>\n\n\n\n<p><br><\/p>\n","protected":false},"excerpt":{"rendered":"<p>Az Andersen szak\u00e9rt\u0151inek most indul\u00f3 cikksorozat\u00e1ban a gyakorlatban tapasztalt tipikus probl\u00e9m\u00e1kb\u00f3l \u00e9s dilemm\u00e1kb\u00f3l v\u00e1logatunk.<\/p>\n","protected":false},"author":1028,"featured_media":14235,"comment_status":"closed","ping_status":"closed","sticky":false,"template":"","format":"standard","meta":{"_acf_changed":false,"_genesis_hide_title":false,"_genesis_hide_breadcrumbs":false,"_genesis_hide_singular_image":false,"_genesis_hide_footer_widgets":false,"_genesis_custom_body_class":"","_genesis_custom_post_class":"","_genesis_layout":"","footnotes":""},"categories":[38],"tags":[41],"class_list":{"0":"post-14234","1":"post","2":"type-post","3":"status-publish","4":"format-standard","5":"has-post-thumbnail","7":"category-hirek","8":"tag-slider-2","9":"entry"},"acf":[],"featured_image_src":"https:\/\/hu.andersen.com\/wp-content\/uploads\/2025\/10\/BVK-a-gyakorlatban-andersen-cikksorozat.jpg","author_info":{"display_name":"G\u00f6tz Attila","author_link":"https:\/\/hu.andersen.com\/hu\/author\/agotz\/"},"yoast_head":"<!-- This site is optimized with the Yoast SEO Premium plugin v27.4 (Yoast SEO v27.4) - https:\/\/yoast.com\/product\/yoast-seo-premium-wordpress\/ -->\n<title>Bizalmi vagyonkezel\u00e9s a gyakorlatban: el\u0151ny\u00f6k \u00e9s buktat\u00f3k<\/title>\n<meta name=\"description\" content=\"Az Andersen szak\u00e9rt\u0151inek most indul\u00f3 cikksorozat\u00e1ban a gyakorlatban tapasztalt tipikus probl\u00e9m\u00e1kb\u00f3l \u00e9s dilemm\u00e1kb\u00f3l v\u00e1logatunk.\" \/>\n<meta name=\"robots\" content=\"index, follow, max-snippet:-1, max-image-preview:large, max-video-preview:-1\" \/>\n<link rel=\"canonical\" href=\"https:\/\/hu.andersen.com\/hu\/hirek\/andersen-bizalmi-vagyonkezeles-gyakorlat-cikksorozat\/\" \/>\n<meta property=\"og:locale\" content=\"hu_HU\" \/>\n<meta property=\"og:type\" content=\"article\" \/>\n<meta property=\"og:title\" content=\"Bizalmi vagyonkezel\u00e9s a gyakorlatban: el\u0151ny\u00f6k \u00e9s buktat\u00f3k\" \/>\n<meta property=\"og:description\" content=\"Az Andersen szak\u00e9rt\u0151inek most indul\u00f3 cikksorozat\u00e1ban a gyakorlatban tapasztalt tipikus probl\u00e9m\u00e1kb\u00f3l \u00e9s dilemm\u00e1kb\u00f3l v\u00e1logatunk.\" \/>\n<meta property=\"og:url\" content=\"https:\/\/hu.andersen.com\/hu\/hirek\/andersen-bizalmi-vagyonkezeles-gyakorlat-cikksorozat\/\" \/>\n<meta property=\"og:site_name\" content=\"Andersen Magyarorsz\u00e1g\" \/>\n<meta property=\"article:published_time\" content=\"2025-10-21T08:23:28+00:00\" \/>\n<meta property=\"article:modified_time\" content=\"2026-03-26T13:39:43+00:00\" \/>\n<meta property=\"og:image\" content=\"https:\/\/hu.andersen.com\/wp-content\/uploads\/2025\/10\/BVK-a-gyakorlatban-andersen-cikksorozat.jpg\" \/>\n\t<meta property=\"og:image:width\" content=\"1640\" \/>\n\t<meta property=\"og:image:height\" content=\"780\" \/>\n\t<meta property=\"og:image:type\" content=\"image\/jpeg\" \/>\n<meta name=\"author\" content=\"G\u00f6tz Attila\" \/>\n<meta name=\"twitter:card\" content=\"summary_large_image\" \/>\n<meta name=\"twitter:label1\" content=\"Szerz\u0151:\" \/>\n\t<meta name=\"twitter:data1\" content=\"G\u00f6tz Attila\" \/>\n\t<meta name=\"twitter:label2\" content=\"Becs\u00fclt olvas\u00e1si id\u0151\" \/>\n\t<meta name=\"twitter:data2\" content=\"4 perc\" \/>\n<script type=\"application\/ld+json\" class=\"yoast-schema-graph\">{\"@context\":\"https:\\\/\\\/schema.org\",\"@graph\":[{\"@type\":\"Article\",\"@id\":\"https:\\\/\\\/hu.andersen.com\\\/hu\\\/hirek\\\/andersen-bizalmi-vagyonkezeles-gyakorlat-cikksorozat\\\/#article\",\"isPartOf\":{\"@id\":\"https:\\\/\\\/hu.andersen.com\\\/hu\\\/hirek\\\/andersen-bizalmi-vagyonkezeles-gyakorlat-cikksorozat\\\/\"},\"author\":{\"name\":\"G\u00f6tz Attila\",\"@id\":\"https:\\\/\\\/hu.andersen.com\\\/#\\\/schema\\\/person\\\/57a8b81638277dac3324887812032990\"},\"headline\":\"Bizalmi vagyonkezel\u00e9s a gyakorlatban: el\u0151ny\u00f6k \u00e9s buktat\u00f3k\",\"datePublished\":\"2025-10-21T08:23:28+00:00\",\"dateModified\":\"2026-03-26T13:39:43+00:00\",\"mainEntityOfPage\":{\"@id\":\"https:\\\/\\\/hu.andersen.com\\\/hu\\\/hirek\\\/andersen-bizalmi-vagyonkezeles-gyakorlat-cikksorozat\\\/\"},\"wordCount\":715,\"image\":{\"@id\":\"https:\\\/\\\/hu.andersen.com\\\/hu\\\/hirek\\\/andersen-bizalmi-vagyonkezeles-gyakorlat-cikksorozat\\\/#primaryimage\"},\"thumbnailUrl\":\"https:\\\/\\\/hu.andersen.com\\\/wp-content\\\/uploads\\\/2025\\\/10\\\/BVK-a-gyakorlatban-andersen-cikksorozat.jpg\",\"keywords\":[\"slider\"],\"articleSection\":[\"H\u00edrek\"],\"inLanguage\":\"hu\"},{\"@type\":\"WebPage\",\"@id\":\"https:\\\/\\\/hu.andersen.com\\\/hu\\\/hirek\\\/andersen-bizalmi-vagyonkezeles-gyakorlat-cikksorozat\\\/\",\"url\":\"https:\\\/\\\/hu.andersen.com\\\/hu\\\/hirek\\\/andersen-bizalmi-vagyonkezeles-gyakorlat-cikksorozat\\\/\",\"name\":\"Bizalmi vagyonkezel\u00e9s a gyakorlatban: el\u0151ny\u00f6k \u00e9s buktat\u00f3k\",\"isPartOf\":{\"@id\":\"https:\\\/\\\/hu.andersen.com\\\/#website\"},\"primaryImageOfPage\":{\"@id\":\"https:\\\/\\\/hu.andersen.com\\\/hu\\\/hirek\\\/andersen-bizalmi-vagyonkezeles-gyakorlat-cikksorozat\\\/#primaryimage\"},\"image\":{\"@id\":\"https:\\\/\\\/hu.andersen.com\\\/hu\\\/hirek\\\/andersen-bizalmi-vagyonkezeles-gyakorlat-cikksorozat\\\/#primaryimage\"},\"thumbnailUrl\":\"https:\\\/\\\/hu.andersen.com\\\/wp-content\\\/uploads\\\/2025\\\/10\\\/BVK-a-gyakorlatban-andersen-cikksorozat.jpg\",\"datePublished\":\"2025-10-21T08:23:28+00:00\",\"dateModified\":\"2026-03-26T13:39:43+00:00\",\"author\":{\"@id\":\"https:\\\/\\\/hu.andersen.com\\\/#\\\/schema\\\/person\\\/57a8b81638277dac3324887812032990\"},\"description\":\"Az Andersen szak\u00e9rt\u0151inek most indul\u00f3 cikksorozat\u00e1ban a gyakorlatban tapasztalt tipikus probl\u00e9m\u00e1kb\u00f3l \u00e9s dilemm\u00e1kb\u00f3l v\u00e1logatunk.\",\"breadcrumb\":{\"@id\":\"https:\\\/\\\/hu.andersen.com\\\/hu\\\/hirek\\\/andersen-bizalmi-vagyonkezeles-gyakorlat-cikksorozat\\\/#breadcrumb\"},\"inLanguage\":\"hu\",\"potentialAction\":[{\"@type\":\"ReadAction\",\"target\":[\"https:\\\/\\\/hu.andersen.com\\\/hu\\\/hirek\\\/andersen-bizalmi-vagyonkezeles-gyakorlat-cikksorozat\\\/\"]}]},{\"@type\":\"ImageObject\",\"inLanguage\":\"hu\",\"@id\":\"https:\\\/\\\/hu.andersen.com\\\/hu\\\/hirek\\\/andersen-bizalmi-vagyonkezeles-gyakorlat-cikksorozat\\\/#primaryimage\",\"url\":\"https:\\\/\\\/hu.andersen.com\\\/wp-content\\\/uploads\\\/2025\\\/10\\\/BVK-a-gyakorlatban-andersen-cikksorozat.jpg\",\"contentUrl\":\"https:\\\/\\\/hu.andersen.com\\\/wp-content\\\/uploads\\\/2025\\\/10\\\/BVK-a-gyakorlatban-andersen-cikksorozat.jpg\",\"width\":1640,\"height\":780,\"caption\":\"Bizalmi vagyonkezel\u00e9s a gyakorlatban - Andersen szakmai cikksorozat\"},{\"@type\":\"BreadcrumbList\",\"@id\":\"https:\\\/\\\/hu.andersen.com\\\/hu\\\/hirek\\\/andersen-bizalmi-vagyonkezeles-gyakorlat-cikksorozat\\\/#breadcrumb\",\"itemListElement\":[{\"@type\":\"ListItem\",\"position\":1,\"name\":\"Kezd\u0151lap\",\"item\":\"https:\\\/\\\/hu.andersen.com\\\/hu\\\/\"},{\"@type\":\"ListItem\",\"position\":2,\"name\":\"Bizalmi vagyonkezel\u00e9s a gyakorlatban: el\u0151ny\u00f6k \u00e9s buktat\u00f3k\"}]},{\"@type\":\"WebSite\",\"@id\":\"https:\\\/\\\/hu.andersen.com\\\/#website\",\"url\":\"https:\\\/\\\/hu.andersen.com\\\/\",\"name\":\"Andersen In Hungary\",\"description\":\"Ad\u00f3tan\u00e1csad\u00e1s \u00e9s jogi tan\u00e1csad\u00e1s\",\"potentialAction\":[{\"@type\":\"SearchAction\",\"target\":{\"@type\":\"EntryPoint\",\"urlTemplate\":\"https:\\\/\\\/hu.andersen.com\\\/?s={search_term_string}\"},\"query-input\":{\"@type\":\"PropertyValueSpecification\",\"valueRequired\":true,\"valueName\":\"search_term_string\"}}],\"inLanguage\":\"hu\"},{\"@type\":\"Person\",\"@id\":\"https:\\\/\\\/hu.andersen.com\\\/#\\\/schema\\\/person\\\/57a8b81638277dac3324887812032990\",\"name\":\"G\u00f6tz Attila\",\"image\":{\"@type\":\"ImageObject\",\"inLanguage\":\"hu\",\"@id\":\"https:\\\/\\\/secure.gravatar.com\\\/avatar\\\/2d4fd031a22fa340d80ae6058bee0ef10aa643338dbc8f7650a08f79a37958b7?s=96&d=mm&r=g\",\"url\":\"https:\\\/\\\/secure.gravatar.com\\\/avatar\\\/2d4fd031a22fa340d80ae6058bee0ef10aa643338dbc8f7650a08f79a37958b7?s=96&d=mm&r=g\",\"contentUrl\":\"https:\\\/\\\/secure.gravatar.com\\\/avatar\\\/2d4fd031a22fa340d80ae6058bee0ef10aa643338dbc8f7650a08f79a37958b7?s=96&d=mm&r=g\",\"caption\":\"G\u00f6tz Attila\"},\"sameAs\":[\"https:\\\/\\\/hu.andersen.com\"],\"url\":\"https:\\\/\\\/hu.andersen.com\\\/hu\\\/author\\\/agotz\\\/\"}]}<\/script>\n<!-- \/ Yoast SEO Premium plugin. -->","yoast_head_json":{"title":"Bizalmi vagyonkezel\u00e9s a gyakorlatban: el\u0151ny\u00f6k \u00e9s buktat\u00f3k","description":"Az Andersen szak\u00e9rt\u0151inek most indul\u00f3 cikksorozat\u00e1ban a gyakorlatban tapasztalt tipikus probl\u00e9m\u00e1kb\u00f3l \u00e9s dilemm\u00e1kb\u00f3l v\u00e1logatunk.","robots":{"index":"index","follow":"follow","max-snippet":"max-snippet:-1","max-image-preview":"max-image-preview:large","max-video-preview":"max-video-preview:-1"},"canonical":"https:\/\/hu.andersen.com\/hu\/hirek\/andersen-bizalmi-vagyonkezeles-gyakorlat-cikksorozat\/","og_locale":"hu_HU","og_type":"article","og_title":"Bizalmi vagyonkezel\u00e9s a gyakorlatban: el\u0151ny\u00f6k \u00e9s buktat\u00f3k","og_description":"Az Andersen szak\u00e9rt\u0151inek most indul\u00f3 cikksorozat\u00e1ban a gyakorlatban tapasztalt tipikus probl\u00e9m\u00e1kb\u00f3l \u00e9s dilemm\u00e1kb\u00f3l v\u00e1logatunk.","og_url":"https:\/\/hu.andersen.com\/hu\/hirek\/andersen-bizalmi-vagyonkezeles-gyakorlat-cikksorozat\/","og_site_name":"Andersen Magyarorsz\u00e1g","article_published_time":"2025-10-21T08:23:28+00:00","article_modified_time":"2026-03-26T13:39:43+00:00","og_image":[{"width":1640,"height":780,"url":"https:\/\/hu.andersen.com\/wp-content\/uploads\/2025\/10\/BVK-a-gyakorlatban-andersen-cikksorozat.jpg","type":"image\/jpeg"}],"author":"G\u00f6tz Attila","twitter_card":"summary_large_image","twitter_misc":{"Szerz\u0151:":"G\u00f6tz Attila","Becs\u00fclt olvas\u00e1si id\u0151":"4 perc"},"schema":{"@context":"https:\/\/schema.org","@graph":[{"@type":"Article","@id":"https:\/\/hu.andersen.com\/hu\/hirek\/andersen-bizalmi-vagyonkezeles-gyakorlat-cikksorozat\/#article","isPartOf":{"@id":"https:\/\/hu.andersen.com\/hu\/hirek\/andersen-bizalmi-vagyonkezeles-gyakorlat-cikksorozat\/"},"author":{"name":"G\u00f6tz Attila","@id":"https:\/\/hu.andersen.com\/#\/schema\/person\/57a8b81638277dac3324887812032990"},"headline":"Bizalmi vagyonkezel\u00e9s a gyakorlatban: el\u0151ny\u00f6k \u00e9s buktat\u00f3k","datePublished":"2025-10-21T08:23:28+00:00","dateModified":"2026-03-26T13:39:43+00:00","mainEntityOfPage":{"@id":"https:\/\/hu.andersen.com\/hu\/hirek\/andersen-bizalmi-vagyonkezeles-gyakorlat-cikksorozat\/"},"wordCount":715,"image":{"@id":"https:\/\/hu.andersen.com\/hu\/hirek\/andersen-bizalmi-vagyonkezeles-gyakorlat-cikksorozat\/#primaryimage"},"thumbnailUrl":"https:\/\/hu.andersen.com\/wp-content\/uploads\/2025\/10\/BVK-a-gyakorlatban-andersen-cikksorozat.jpg","keywords":["slider"],"articleSection":["H\u00edrek"],"inLanguage":"hu"},{"@type":"WebPage","@id":"https:\/\/hu.andersen.com\/hu\/hirek\/andersen-bizalmi-vagyonkezeles-gyakorlat-cikksorozat\/","url":"https:\/\/hu.andersen.com\/hu\/hirek\/andersen-bizalmi-vagyonkezeles-gyakorlat-cikksorozat\/","name":"Bizalmi vagyonkezel\u00e9s a gyakorlatban: el\u0151ny\u00f6k \u00e9s buktat\u00f3k","isPartOf":{"@id":"https:\/\/hu.andersen.com\/#website"},"primaryImageOfPage":{"@id":"https:\/\/hu.andersen.com\/hu\/hirek\/andersen-bizalmi-vagyonkezeles-gyakorlat-cikksorozat\/#primaryimage"},"image":{"@id":"https:\/\/hu.andersen.com\/hu\/hirek\/andersen-bizalmi-vagyonkezeles-gyakorlat-cikksorozat\/#primaryimage"},"thumbnailUrl":"https:\/\/hu.andersen.com\/wp-content\/uploads\/2025\/10\/BVK-a-gyakorlatban-andersen-cikksorozat.jpg","datePublished":"2025-10-21T08:23:28+00:00","dateModified":"2026-03-26T13:39:43+00:00","author":{"@id":"https:\/\/hu.andersen.com\/#\/schema\/person\/57a8b81638277dac3324887812032990"},"description":"Az Andersen szak\u00e9rt\u0151inek most indul\u00f3 cikksorozat\u00e1ban a gyakorlatban tapasztalt tipikus probl\u00e9m\u00e1kb\u00f3l \u00e9s dilemm\u00e1kb\u00f3l v\u00e1logatunk.","breadcrumb":{"@id":"https:\/\/hu.andersen.com\/hu\/hirek\/andersen-bizalmi-vagyonkezeles-gyakorlat-cikksorozat\/#breadcrumb"},"inLanguage":"hu","potentialAction":[{"@type":"ReadAction","target":["https:\/\/hu.andersen.com\/hu\/hirek\/andersen-bizalmi-vagyonkezeles-gyakorlat-cikksorozat\/"]}]},{"@type":"ImageObject","inLanguage":"hu","@id":"https:\/\/hu.andersen.com\/hu\/hirek\/andersen-bizalmi-vagyonkezeles-gyakorlat-cikksorozat\/#primaryimage","url":"https:\/\/hu.andersen.com\/wp-content\/uploads\/2025\/10\/BVK-a-gyakorlatban-andersen-cikksorozat.jpg","contentUrl":"https:\/\/hu.andersen.com\/wp-content\/uploads\/2025\/10\/BVK-a-gyakorlatban-andersen-cikksorozat.jpg","width":1640,"height":780,"caption":"Bizalmi vagyonkezel\u00e9s a gyakorlatban - Andersen szakmai cikksorozat"},{"@type":"BreadcrumbList","@id":"https:\/\/hu.andersen.com\/hu\/hirek\/andersen-bizalmi-vagyonkezeles-gyakorlat-cikksorozat\/#breadcrumb","itemListElement":[{"@type":"ListItem","position":1,"name":"Kezd\u0151lap","item":"https:\/\/hu.andersen.com\/hu\/"},{"@type":"ListItem","position":2,"name":"Bizalmi vagyonkezel\u00e9s a gyakorlatban: el\u0151ny\u00f6k \u00e9s buktat\u00f3k"}]},{"@type":"WebSite","@id":"https:\/\/hu.andersen.com\/#website","url":"https:\/\/hu.andersen.com\/","name":"Andersen In Hungary","description":"Ad\u00f3tan\u00e1csad\u00e1s \u00e9s jogi tan\u00e1csad\u00e1s","potentialAction":[{"@type":"SearchAction","target":{"@type":"EntryPoint","urlTemplate":"https:\/\/hu.andersen.com\/?s={search_term_string}"},"query-input":{"@type":"PropertyValueSpecification","valueRequired":true,"valueName":"search_term_string"}}],"inLanguage":"hu"},{"@type":"Person","@id":"https:\/\/hu.andersen.com\/#\/schema\/person\/57a8b81638277dac3324887812032990","name":"G\u00f6tz Attila","image":{"@type":"ImageObject","inLanguage":"hu","@id":"https:\/\/secure.gravatar.com\/avatar\/2d4fd031a22fa340d80ae6058bee0ef10aa643338dbc8f7650a08f79a37958b7?s=96&d=mm&r=g","url":"https:\/\/secure.gravatar.com\/avatar\/2d4fd031a22fa340d80ae6058bee0ef10aa643338dbc8f7650a08f79a37958b7?s=96&d=mm&r=g","contentUrl":"https:\/\/secure.gravatar.com\/avatar\/2d4fd031a22fa340d80ae6058bee0ef10aa643338dbc8f7650a08f79a37958b7?s=96&d=mm&r=g","caption":"G\u00f6tz Attila"},"sameAs":["https:\/\/hu.andersen.com"],"url":"https:\/\/hu.andersen.com\/hu\/author\/agotz\/"}]}},"_links":{"self":[{"href":"https:\/\/hu.andersen.com\/hu\/wp-json\/wp\/v2\/posts\/14234","targetHints":{"allow":["GET"]}}],"collection":[{"href":"https:\/\/hu.andersen.com\/hu\/wp-json\/wp\/v2\/posts"}],"about":[{"href":"https:\/\/hu.andersen.com\/hu\/wp-json\/wp\/v2\/types\/post"}],"author":[{"embeddable":true,"href":"https:\/\/hu.andersen.com\/hu\/wp-json\/wp\/v2\/users\/1028"}],"replies":[{"embeddable":true,"href":"https:\/\/hu.andersen.com\/hu\/wp-json\/wp\/v2\/comments?post=14234"}],"version-history":[{"count":8,"href":"https:\/\/hu.andersen.com\/hu\/wp-json\/wp\/v2\/posts\/14234\/revisions"}],"predecessor-version":[{"id":15235,"href":"https:\/\/hu.andersen.com\/hu\/wp-json\/wp\/v2\/posts\/14234\/revisions\/15235"}],"wp:featuredmedia":[{"embeddable":true,"href":"https:\/\/hu.andersen.com\/hu\/wp-json\/wp\/v2\/media\/14235"}],"wp:attachment":[{"href":"https:\/\/hu.andersen.com\/hu\/wp-json\/wp\/v2\/media?parent=14234"}],"wp:term":[{"taxonomy":"category","embeddable":true,"href":"https:\/\/hu.andersen.com\/hu\/wp-json\/wp\/v2\/categories?post=14234"},{"taxonomy":"post_tag","embeddable":true,"href":"https:\/\/hu.andersen.com\/hu\/wp-json\/wp\/v2\/tags?post=14234"}],"curies":[{"name":"wp","href":"https:\/\/api.w.org\/{rel}","templated":true}]}}