{"id":14269,"date":"2025-11-04T10:43:23","date_gmt":"2025-11-04T09:43:23","guid":{"rendered":"https:\/\/hu.andersen.com\/?p=14269"},"modified":"2025-11-04T12:29:50","modified_gmt":"2025-11-04T11:29:50","slug":"csaladi-vagyonkezeles-maganszemely-ceg-vagyonkezelo","status":"publish","type":"post","link":"https:\/\/hu.andersen.com\/hu\/hirek\/csaladi-vagyonkezeles-maganszemely-ceg-vagyonkezelo\/","title":{"rendered":"Csal\u00e1di vagyonkezel\u00e9s: mag\u00e1nszem\u00e9ly vagy c\u00e9g kezelje a vagyont?\u00a0"},"content":{"rendered":"\n<p><strong>A <a href=\"https:\/\/hu.andersen.com\/hu\/adotanacsadas-szolgaltatas\/bizalmi-vagyonkezeles\/\">bizalmi vagyonkezel\u00e9s<\/a> (BVK) l\u00e9trehoz\u00e1sakor az egyik legfontosabb k\u00e9rd\u00e9s, hogy csal\u00e1di k\u00f6r\u00f6n bel\u00fcl vagy professzion\u00e1lis (\u00fczletszer\u0171) vagyonkezel\u0151 bevon\u00e1s\u00e1val t\u00f6rt\u00e9njen a vagyon kezel\u00e9se. A d\u00f6nt\u00e9st t\u00f6bb t\u00e9nyez\u0151 befoly\u00e1solja \u2013 ilyen lehet a vagyon \u00f6sszet\u00e9tele, a csal\u00e1di viszonyok, a bizalmi szintek \u00e9s a szakmai kompetenci\u00e1k megl\u00e9te. Ez az Andersen bizalmi vagyonkezel\u00e9sr\u0151l sz\u00f3l\u00f3 szakmai cikksorozat\u00e1nak m\u00e1sodik r\u00e9sze.<\/strong>&nbsp;<\/p>\n\n\n\n<h2 class=\"wp-block-heading has-text-color has-link-color has-medium-font-size wp-elements-1601059afe7bece30f033aae84bcbce4\" id=\"h-mikor-indokolt-a-csaladi-vagyonkezeles\" style=\"color:#981717\"><strong>Mikor indokolt a csal\u00e1di vagyonkezel\u00e9s?<\/strong><\/h2>\n\n\n\n<p>Csal\u00e1di vagyonkezel\u00e9s akkor lehet indokolt, ha a vagyonrendel\u0151 \u00e9s a csal\u00e1dtagok k\u00f6z\u00f6tt magas a bizalom, a vagyonelemek \u00e1tl\u00e1that\u00f3ak \u00e9s rendelkez\u00e9sre \u00e1ll a kell\u0151 szakmai ismeret, tan\u00e1csad\u00f3i h\u00e1tt\u00e9r a vagyon mindennapi kezel\u00e9s\u00e9hez. El\u0151nye, hogy a d\u00f6nt\u00e9shozatal k\u00f6zelebb marad a csal\u00e1d \u00e9rt\u00e9krendj\u00e9hez, ez\u00e9rt a vagyon kezel\u00e9se rugalmasabb lehet.<\/p>\n\n\n\n<h2 class=\"wp-block-heading has-text-color has-link-color has-medium-font-size wp-elements-945f5247ff7cfad530c37559192a8fcd\" id=\"h-ki-legyen-a-vagyonkezelo\" style=\"color:#981717\"><strong>Ki legyen a vagyonkezel\u0151?<\/strong><\/h2>\n\n\n\n<p>A csal\u00e1di vagyonkezel\u00e9s kialak\u00edt\u00e1sakor a k\u00f6vetkez\u0151 d\u00f6nt\u00e9si pont, hogy a vagyonkezel\u0151 szerep\u00e9t egy mag\u00e1nszem\u00e9ly vagy egy olyan gazdas\u00e1gi t\u00e1rsas\u00e1g l\u00e1ssa el, amelyet a vagyonkezel\u00e9s \u00e9rintettje(i) (pl. a vagyonrendel\u0151) k\u00fcl\u00f6n erre a c\u00e9lra hozott l\u00e9tre (fontos hangs\u00falyozni, hogy ez nem ugyanaz a d\u00f6nt\u00e9si helyzet, amelyet a cikk bevezet\u0151j\u00e9ben v\u00e1zoltunk). Ehhez kapcsol\u00f3d\u00f3an gyakori percepci\u00f3, hogy <strong>a vagyonkezel\u00e9st c\u00e9gnek kell v\u00e9geznie, erre azonban nincs jogszab\u00e1lyi el\u0151\u00edr\u00e1s<\/strong>.\u00a0S\u0151t, sok esetben kifejezetten h\u00e1tr\u00e1nyos lehet, ha nem egy kiv\u00e1lasztott csal\u00e1dtag (ak\u00e1r a vagyonrendel\u0151), hanem egy, a vagyonrendel\u0151 \u00e1ltal l\u00e9trehozott Kft. t\u00f6lti be ezt a szerepet.<\/p>\n\n\n\n<p>A vagyonkezel\u00e9si szerz\u0151d\u00e9s alapj\u00e1n a kijel\u00f6lt csal\u00e1dtag (BVK l\u00e9trehoz\u00e1sakor jellemz\u0151en maga a vagyonrendel\u0151) egy\u00e9rtelm\u0171en jogosult \u00e9s k\u00f6teles a vagyon kezel\u00e9s\u00e9re. Tapasztalataink szerint legt\u00f6bb esetben ez a megold\u00e1s az \u00e9rintettek preferenci\u00e1it \u00e9s c\u00e9lkit\u0171z\u00e9seit megfelel\u0151en teljes\u00edteni tudja. Arr\u00f3l nem is besz\u00e9lve, hogy ez az egyszer\u0171bb \u00e9s k\u00f6lts\u00e9ghat\u00e9konyabb v\u00e1laszt\u00e1s is. <strong>Ekkor ugyanis nincs sz\u00fcks\u00e9g k\u00fcl\u00f6n t\u00e1rsas\u00e1g alap\u00edt\u00e1s\u00e1ra \u00e9s m\u0171k\u00f6dtet\u00e9s\u00e9re<\/strong>, \u00edgy a vagyonkezel\u00e9s fenntart\u00e1s\u00e1val kapcsolatos k\u00f6lts\u00e9gek \u00e9s a jogi, adminisztrat\u00edv terhek minim\u00e1lisak.<\/p>\n\n\n\n<h2 class=\"wp-block-heading has-text-color has-link-color has-medium-font-size wp-elements-05d1184a31c5bf12ae8b2aa497685567\" id=\"h-a-csaladi-vagyonkezeles-kockazatai\" style=\"color:#981717\"><strong>A csal\u00e1di vagyonkezel\u00e9s kock\u00e1zatai<\/strong><\/h2>\n\n\n\n<p>A teljess\u00e9g kedv\u00e9\u00e9rt mindenk\u00e9ppen \u00e9rdemes sz\u00f3t ejteni a kock\u00e1zatokr\u00f3l \u00e9s a buktat\u00f3kr\u00f3l is. A csal\u00e1di vagyonkezel\u00e9s sor\u00e1n kiemelt kock\u00e1zatot jelenthet a csal\u00e1dtagok k\u00f6z\u00f6tti bizalmi viszony meging\u00e1sa. A kock\u00e1zatok k\u00f6z\u00e9 tartozik a szakmai kompetenci\u00e1k hi\u00e1nya, ami a vagyon nem megfelel\u0151 kezel\u00e9s\u00e9hez vezethet. E t\u00e9nyez\u0151kb\u0151l ad\u00f3d\u00f3an kell\u0151 k\u00f6r\u00fcltekint\u00e9ssel sz\u00fcks\u00e9ges elj\u00e1rni a bizalmi vagyonkezel\u00e9si konstrukci\u00f3 megtervez\u00e9sekor, illetve kialak\u00edt\u00e1sakor egyar\u00e1nt.&nbsp;<\/p>\n\n\n\n<p><em>Az Andersen szak\u00e9rt\u0151inek bizalmi vagyonkezel\u00e9sr\u0151l sz\u00f3l\u00f3 cikksorozat\u00e1ban a gyakorlatban tapasztalt tipikus probl\u00e9m\u00e1kb\u00f3l \u00e9s dilemm\u00e1kb\u00f3l v\u00e1logatunk. <\/em><a href=\"https:\/\/hu.andersen.com\/hu\/hirek\/andersen-bizalmi-vagyonkezeles-gyakorlat-cikksorozat\/\" target=\"_blank\" rel=\"noreferrer noopener\"><em>A sorozat bevezet\u0151 r\u00e9sze ezen a linken \u00e9rhet\u0151 el&gt;&gt;.<\/em><\/a><\/p>\n\n\n\n<p><em><a href=\"https:\/\/hu.andersen.com\/hu\/adotanacsadas-szolgaltatas\/bizalmi-vagyonkezeles\/\">Az Andersen bizalmi vagyonkezel\u00e9ssel kapcsolatos szolg\u00e1ltat\u00e1sair\u00f3l ezen az oldalon lehet b\u0151vebben olvasni.<\/a><\/em><\/p>\n","protected":false},"excerpt":{"rendered":"<p>A bizalmi vagyonkezel\u00e9s l\u00e9trehoz\u00e1sakor az egyik legfontosabb k\u00e9rd\u00e9s, hogy csal\u00e1di k\u00f6r\u00f6n bel\u00fcl vagy professzion\u00e1lis (\u00fczletszer\u0171) vagyonkezel\u0151 bevon\u00e1s\u00e1val t\u00f6rt\u00e9njen a vagyon kezel\u00e9se. <\/p>\n","protected":false},"author":1028,"featured_media":14270,"comment_status":"closed","ping_status":"closed","sticky":false,"template":"","format":"standard","meta":{"_acf_changed":false,"_genesis_hide_title":false,"_genesis_hide_breadcrumbs":false,"_genesis_hide_singular_image":false,"_genesis_hide_footer_widgets":false,"_genesis_custom_body_class":"","_genesis_custom_post_class":"","_genesis_layout":"","footnotes":""},"categories":[38],"tags":[41],"class_list":{"0":"post-14269","1":"post","2":"type-post","3":"status-publish","4":"format-standard","5":"has-post-thumbnail","7":"category-hirek","8":"tag-slider-2","9":"entry"},"acf":[],"featured_image_src":"https:\/\/hu.andersen.com\/wp-content\/uploads\/2025\/11\/csaladi-vagyonkezeles-andersen-bvk.jpg","author_info":{"display_name":"G\u00f6tz Attila","author_link":"https:\/\/hu.andersen.com\/hu\/author\/agotz\/"},"yoast_head":"<!-- This site is optimized with the Yoast SEO Premium plugin v27.4 (Yoast SEO v27.4) - https:\/\/yoast.com\/product\/yoast-seo-premium-wordpress\/ -->\n<title>Csal\u00e1di vagyonkezel\u00e9s: mag\u00e1nszem\u00e9ly vagy c\u00e9g legyen a kezel\u0151?<\/title>\n<meta name=\"description\" content=\"Bizalmi vagyonkezel\u00e9s ind\u00edt\u00e1sakor fontos k\u00e9rd\u00e9s, hogy csal\u00e1don bel\u00fcl vagy professzion\u00e1lis vagyonkezel\u0151 \u00e1ltal t\u00f6rt\u00e9njen a csal\u00e1di vagyonkezel\u00e9s.\" \/>\n<meta name=\"robots\" content=\"index, follow, max-snippet:-1, max-image-preview:large, max-video-preview:-1\" \/>\n<link rel=\"canonical\" href=\"https:\/\/hu.andersen.com\/hu\/hirek\/csaladi-vagyonkezeles-maganszemely-ceg-vagyonkezelo\/\" \/>\n<meta property=\"og:locale\" content=\"hu_HU\" \/>\n<meta property=\"og:type\" content=\"article\" \/>\n<meta property=\"og:title\" content=\"Csal\u00e1di vagyonkezel\u00e9s: mag\u00e1nszem\u00e9ly vagy c\u00e9g kezelje a vagyont?\u00a0\" \/>\n<meta property=\"og:description\" content=\"Bizalmi vagyonkezel\u00e9s ind\u00edt\u00e1sakor fontos k\u00e9rd\u00e9s, hogy csal\u00e1don bel\u00fcl vagy professzion\u00e1lis vagyonkezel\u0151 \u00e1ltal t\u00f6rt\u00e9njen a csal\u00e1di vagyonkezel\u00e9s.\" \/>\n<meta property=\"og:url\" content=\"https:\/\/hu.andersen.com\/hu\/hirek\/csaladi-vagyonkezeles-maganszemely-ceg-vagyonkezelo\/\" \/>\n<meta property=\"og:site_name\" content=\"Andersen Magyarorsz\u00e1g\" \/>\n<meta property=\"article:published_time\" content=\"2025-11-04T09:43:23+00:00\" \/>\n<meta property=\"article:modified_time\" content=\"2025-11-04T11:29:50+00:00\" \/>\n<meta property=\"og:image\" content=\"https:\/\/hu.andersen.com\/wp-content\/uploads\/2025\/11\/csaladi-vagyonkezeles-andersen-bvk.jpg\" \/>\n\t<meta property=\"og:image:width\" content=\"1640\" \/>\n\t<meta property=\"og:image:height\" content=\"780\" \/>\n\t<meta property=\"og:image:type\" content=\"image\/jpeg\" \/>\n<meta name=\"author\" content=\"G\u00f6tz Attila\" \/>\n<meta name=\"twitter:card\" content=\"summary_large_image\" \/>\n<meta name=\"twitter:label1\" content=\"Szerz\u0151:\" \/>\n\t<meta name=\"twitter:data1\" content=\"G\u00f6tz Attila\" \/>\n\t<meta name=\"twitter:label2\" content=\"Becs\u00fclt olvas\u00e1si id\u0151\" \/>\n\t<meta name=\"twitter:data2\" content=\"3 perc\" \/>\n<script type=\"application\/ld+json\" class=\"yoast-schema-graph\">{\"@context\":\"https:\\\/\\\/schema.org\",\"@graph\":[{\"@type\":\"Article\",\"@id\":\"https:\\\/\\\/hu.andersen.com\\\/hu\\\/hirek\\\/csaladi-vagyonkezeles-maganszemely-ceg-vagyonkezelo\\\/#article\",\"isPartOf\":{\"@id\":\"https:\\\/\\\/hu.andersen.com\\\/hu\\\/hirek\\\/csaladi-vagyonkezeles-maganszemely-ceg-vagyonkezelo\\\/\"},\"author\":{\"name\":\"G\u00f6tz Attila\",\"@id\":\"https:\\\/\\\/hu.andersen.com\\\/#\\\/schema\\\/person\\\/57a8b81638277dac3324887812032990\"},\"headline\":\"Csal\u00e1di vagyonkezel\u00e9s: mag\u00e1nszem\u00e9ly vagy c\u00e9g kezelje a vagyont?\u00a0\",\"datePublished\":\"2025-11-04T09:43:23+00:00\",\"dateModified\":\"2025-11-04T11:29:50+00:00\",\"mainEntityOfPage\":{\"@id\":\"https:\\\/\\\/hu.andersen.com\\\/hu\\\/hirek\\\/csaladi-vagyonkezeles-maganszemely-ceg-vagyonkezelo\\\/\"},\"wordCount\":584,\"image\":{\"@id\":\"https:\\\/\\\/hu.andersen.com\\\/hu\\\/hirek\\\/csaladi-vagyonkezeles-maganszemely-ceg-vagyonkezelo\\\/#primaryimage\"},\"thumbnailUrl\":\"https:\\\/\\\/hu.andersen.com\\\/wp-content\\\/uploads\\\/2025\\\/11\\\/csaladi-vagyonkezeles-andersen-bvk.jpg\",\"keywords\":[\"slider\"],\"articleSection\":[\"H\u00edrek\"],\"inLanguage\":\"hu\"},{\"@type\":\"WebPage\",\"@id\":\"https:\\\/\\\/hu.andersen.com\\\/hu\\\/hirek\\\/csaladi-vagyonkezeles-maganszemely-ceg-vagyonkezelo\\\/\",\"url\":\"https:\\\/\\\/hu.andersen.com\\\/hu\\\/hirek\\\/csaladi-vagyonkezeles-maganszemely-ceg-vagyonkezelo\\\/\",\"name\":\"Csal\u00e1di vagyonkezel\u00e9s: mag\u00e1nszem\u00e9ly vagy c\u00e9g legyen a kezel\u0151?\",\"isPartOf\":{\"@id\":\"https:\\\/\\\/hu.andersen.com\\\/#website\"},\"primaryImageOfPage\":{\"@id\":\"https:\\\/\\\/hu.andersen.com\\\/hu\\\/hirek\\\/csaladi-vagyonkezeles-maganszemely-ceg-vagyonkezelo\\\/#primaryimage\"},\"image\":{\"@id\":\"https:\\\/\\\/hu.andersen.com\\\/hu\\\/hirek\\\/csaladi-vagyonkezeles-maganszemely-ceg-vagyonkezelo\\\/#primaryimage\"},\"thumbnailUrl\":\"https:\\\/\\\/hu.andersen.com\\\/wp-content\\\/uploads\\\/2025\\\/11\\\/csaladi-vagyonkezeles-andersen-bvk.jpg\",\"datePublished\":\"2025-11-04T09:43:23+00:00\",\"dateModified\":\"2025-11-04T11:29:50+00:00\",\"author\":{\"@id\":\"https:\\\/\\\/hu.andersen.com\\\/#\\\/schema\\\/person\\\/57a8b81638277dac3324887812032990\"},\"description\":\"Bizalmi vagyonkezel\u00e9s ind\u00edt\u00e1sakor fontos k\u00e9rd\u00e9s, hogy csal\u00e1don bel\u00fcl vagy professzion\u00e1lis vagyonkezel\u0151 \u00e1ltal t\u00f6rt\u00e9njen a csal\u00e1di vagyonkezel\u00e9s.\",\"breadcrumb\":{\"@id\":\"https:\\\/\\\/hu.andersen.com\\\/hu\\\/hirek\\\/csaladi-vagyonkezeles-maganszemely-ceg-vagyonkezelo\\\/#breadcrumb\"},\"inLanguage\":\"hu\",\"potentialAction\":[{\"@type\":\"ReadAction\",\"target\":[\"https:\\\/\\\/hu.andersen.com\\\/hu\\\/hirek\\\/csaladi-vagyonkezeles-maganszemely-ceg-vagyonkezelo\\\/\"]}]},{\"@type\":\"ImageObject\",\"inLanguage\":\"hu\",\"@id\":\"https:\\\/\\\/hu.andersen.com\\\/hu\\\/hirek\\\/csaladi-vagyonkezeles-maganszemely-ceg-vagyonkezelo\\\/#primaryimage\",\"url\":\"https:\\\/\\\/hu.andersen.com\\\/wp-content\\\/uploads\\\/2025\\\/11\\\/csaladi-vagyonkezeles-andersen-bvk.jpg\",\"contentUrl\":\"https:\\\/\\\/hu.andersen.com\\\/wp-content\\\/uploads\\\/2025\\\/11\\\/csaladi-vagyonkezeles-andersen-bvk.jpg\",\"width\":1640,\"height\":780,\"caption\":\"Csal\u00e1di vagyonkezel\u00e9s: mag\u00e1nszem\u00e9ly vagy c\u00e9g kezelje a vagyont?\"},{\"@type\":\"BreadcrumbList\",\"@id\":\"https:\\\/\\\/hu.andersen.com\\\/hu\\\/hirek\\\/csaladi-vagyonkezeles-maganszemely-ceg-vagyonkezelo\\\/#breadcrumb\",\"itemListElement\":[{\"@type\":\"ListItem\",\"position\":1,\"name\":\"Kezd\u0151lap\",\"item\":\"https:\\\/\\\/hu.andersen.com\\\/hu\\\/\"},{\"@type\":\"ListItem\",\"position\":2,\"name\":\"Csal\u00e1di vagyonkezel\u00e9s: mag\u00e1nszem\u00e9ly vagy c\u00e9g kezelje a vagyont?\u00a0\"}]},{\"@type\":\"WebSite\",\"@id\":\"https:\\\/\\\/hu.andersen.com\\\/#website\",\"url\":\"https:\\\/\\\/hu.andersen.com\\\/\",\"name\":\"Andersen In Hungary\",\"description\":\"Ad\u00f3tan\u00e1csad\u00e1s \u00e9s jogi tan\u00e1csad\u00e1s\",\"potentialAction\":[{\"@type\":\"SearchAction\",\"target\":{\"@type\":\"EntryPoint\",\"urlTemplate\":\"https:\\\/\\\/hu.andersen.com\\\/?s={search_term_string}\"},\"query-input\":{\"@type\":\"PropertyValueSpecification\",\"valueRequired\":true,\"valueName\":\"search_term_string\"}}],\"inLanguage\":\"hu\"},{\"@type\":\"Person\",\"@id\":\"https:\\\/\\\/hu.andersen.com\\\/#\\\/schema\\\/person\\\/57a8b81638277dac3324887812032990\",\"name\":\"G\u00f6tz Attila\",\"image\":{\"@type\":\"ImageObject\",\"inLanguage\":\"hu\",\"@id\":\"https:\\\/\\\/secure.gravatar.com\\\/avatar\\\/2d4fd031a22fa340d80ae6058bee0ef10aa643338dbc8f7650a08f79a37958b7?s=96&d=mm&r=g\",\"url\":\"https:\\\/\\\/secure.gravatar.com\\\/avatar\\\/2d4fd031a22fa340d80ae6058bee0ef10aa643338dbc8f7650a08f79a37958b7?s=96&d=mm&r=g\",\"contentUrl\":\"https:\\\/\\\/secure.gravatar.com\\\/avatar\\\/2d4fd031a22fa340d80ae6058bee0ef10aa643338dbc8f7650a08f79a37958b7?s=96&d=mm&r=g\",\"caption\":\"G\u00f6tz Attila\"},\"sameAs\":[\"https:\\\/\\\/hu.andersen.com\"],\"url\":\"https:\\\/\\\/hu.andersen.com\\\/hu\\\/author\\\/agotz\\\/\"}]}<\/script>\n<!-- \/ Yoast SEO Premium plugin. -->","yoast_head_json":{"title":"Csal\u00e1di vagyonkezel\u00e9s: mag\u00e1nszem\u00e9ly vagy c\u00e9g legyen a kezel\u0151?","description":"Bizalmi vagyonkezel\u00e9s ind\u00edt\u00e1sakor fontos k\u00e9rd\u00e9s, hogy csal\u00e1don bel\u00fcl vagy professzion\u00e1lis vagyonkezel\u0151 \u00e1ltal t\u00f6rt\u00e9njen a csal\u00e1di vagyonkezel\u00e9s.","robots":{"index":"index","follow":"follow","max-snippet":"max-snippet:-1","max-image-preview":"max-image-preview:large","max-video-preview":"max-video-preview:-1"},"canonical":"https:\/\/hu.andersen.com\/hu\/hirek\/csaladi-vagyonkezeles-maganszemely-ceg-vagyonkezelo\/","og_locale":"hu_HU","og_type":"article","og_title":"Csal\u00e1di vagyonkezel\u00e9s: mag\u00e1nszem\u00e9ly vagy c\u00e9g kezelje a vagyont?\u00a0","og_description":"Bizalmi vagyonkezel\u00e9s ind\u00edt\u00e1sakor fontos k\u00e9rd\u00e9s, hogy csal\u00e1don bel\u00fcl vagy professzion\u00e1lis vagyonkezel\u0151 \u00e1ltal t\u00f6rt\u00e9njen a csal\u00e1di vagyonkezel\u00e9s.","og_url":"https:\/\/hu.andersen.com\/hu\/hirek\/csaladi-vagyonkezeles-maganszemely-ceg-vagyonkezelo\/","og_site_name":"Andersen Magyarorsz\u00e1g","article_published_time":"2025-11-04T09:43:23+00:00","article_modified_time":"2025-11-04T11:29:50+00:00","og_image":[{"width":1640,"height":780,"url":"https:\/\/hu.andersen.com\/wp-content\/uploads\/2025\/11\/csaladi-vagyonkezeles-andersen-bvk.jpg","type":"image\/jpeg"}],"author":"G\u00f6tz Attila","twitter_card":"summary_large_image","twitter_misc":{"Szerz\u0151:":"G\u00f6tz Attila","Becs\u00fclt olvas\u00e1si id\u0151":"3 perc"},"schema":{"@context":"https:\/\/schema.org","@graph":[{"@type":"Article","@id":"https:\/\/hu.andersen.com\/hu\/hirek\/csaladi-vagyonkezeles-maganszemely-ceg-vagyonkezelo\/#article","isPartOf":{"@id":"https:\/\/hu.andersen.com\/hu\/hirek\/csaladi-vagyonkezeles-maganszemely-ceg-vagyonkezelo\/"},"author":{"name":"G\u00f6tz Attila","@id":"https:\/\/hu.andersen.com\/#\/schema\/person\/57a8b81638277dac3324887812032990"},"headline":"Csal\u00e1di vagyonkezel\u00e9s: mag\u00e1nszem\u00e9ly vagy c\u00e9g kezelje a vagyont?\u00a0","datePublished":"2025-11-04T09:43:23+00:00","dateModified":"2025-11-04T11:29:50+00:00","mainEntityOfPage":{"@id":"https:\/\/hu.andersen.com\/hu\/hirek\/csaladi-vagyonkezeles-maganszemely-ceg-vagyonkezelo\/"},"wordCount":584,"image":{"@id":"https:\/\/hu.andersen.com\/hu\/hirek\/csaladi-vagyonkezeles-maganszemely-ceg-vagyonkezelo\/#primaryimage"},"thumbnailUrl":"https:\/\/hu.andersen.com\/wp-content\/uploads\/2025\/11\/csaladi-vagyonkezeles-andersen-bvk.jpg","keywords":["slider"],"articleSection":["H\u00edrek"],"inLanguage":"hu"},{"@type":"WebPage","@id":"https:\/\/hu.andersen.com\/hu\/hirek\/csaladi-vagyonkezeles-maganszemely-ceg-vagyonkezelo\/","url":"https:\/\/hu.andersen.com\/hu\/hirek\/csaladi-vagyonkezeles-maganszemely-ceg-vagyonkezelo\/","name":"Csal\u00e1di vagyonkezel\u00e9s: mag\u00e1nszem\u00e9ly vagy c\u00e9g legyen a kezel\u0151?","isPartOf":{"@id":"https:\/\/hu.andersen.com\/#website"},"primaryImageOfPage":{"@id":"https:\/\/hu.andersen.com\/hu\/hirek\/csaladi-vagyonkezeles-maganszemely-ceg-vagyonkezelo\/#primaryimage"},"image":{"@id":"https:\/\/hu.andersen.com\/hu\/hirek\/csaladi-vagyonkezeles-maganszemely-ceg-vagyonkezelo\/#primaryimage"},"thumbnailUrl":"https:\/\/hu.andersen.com\/wp-content\/uploads\/2025\/11\/csaladi-vagyonkezeles-andersen-bvk.jpg","datePublished":"2025-11-04T09:43:23+00:00","dateModified":"2025-11-04T11:29:50+00:00","author":{"@id":"https:\/\/hu.andersen.com\/#\/schema\/person\/57a8b81638277dac3324887812032990"},"description":"Bizalmi vagyonkezel\u00e9s ind\u00edt\u00e1sakor fontos k\u00e9rd\u00e9s, hogy csal\u00e1don bel\u00fcl vagy professzion\u00e1lis vagyonkezel\u0151 \u00e1ltal t\u00f6rt\u00e9njen a csal\u00e1di vagyonkezel\u00e9s.","breadcrumb":{"@id":"https:\/\/hu.andersen.com\/hu\/hirek\/csaladi-vagyonkezeles-maganszemely-ceg-vagyonkezelo\/#breadcrumb"},"inLanguage":"hu","potentialAction":[{"@type":"ReadAction","target":["https:\/\/hu.andersen.com\/hu\/hirek\/csaladi-vagyonkezeles-maganszemely-ceg-vagyonkezelo\/"]}]},{"@type":"ImageObject","inLanguage":"hu","@id":"https:\/\/hu.andersen.com\/hu\/hirek\/csaladi-vagyonkezeles-maganszemely-ceg-vagyonkezelo\/#primaryimage","url":"https:\/\/hu.andersen.com\/wp-content\/uploads\/2025\/11\/csaladi-vagyonkezeles-andersen-bvk.jpg","contentUrl":"https:\/\/hu.andersen.com\/wp-content\/uploads\/2025\/11\/csaladi-vagyonkezeles-andersen-bvk.jpg","width":1640,"height":780,"caption":"Csal\u00e1di vagyonkezel\u00e9s: mag\u00e1nszem\u00e9ly vagy c\u00e9g kezelje a vagyont?"},{"@type":"BreadcrumbList","@id":"https:\/\/hu.andersen.com\/hu\/hirek\/csaladi-vagyonkezeles-maganszemely-ceg-vagyonkezelo\/#breadcrumb","itemListElement":[{"@type":"ListItem","position":1,"name":"Kezd\u0151lap","item":"https:\/\/hu.andersen.com\/hu\/"},{"@type":"ListItem","position":2,"name":"Csal\u00e1di vagyonkezel\u00e9s: mag\u00e1nszem\u00e9ly vagy c\u00e9g kezelje a vagyont?\u00a0"}]},{"@type":"WebSite","@id":"https:\/\/hu.andersen.com\/#website","url":"https:\/\/hu.andersen.com\/","name":"Andersen In Hungary","description":"Ad\u00f3tan\u00e1csad\u00e1s \u00e9s jogi tan\u00e1csad\u00e1s","potentialAction":[{"@type":"SearchAction","target":{"@type":"EntryPoint","urlTemplate":"https:\/\/hu.andersen.com\/?s={search_term_string}"},"query-input":{"@type":"PropertyValueSpecification","valueRequired":true,"valueName":"search_term_string"}}],"inLanguage":"hu"},{"@type":"Person","@id":"https:\/\/hu.andersen.com\/#\/schema\/person\/57a8b81638277dac3324887812032990","name":"G\u00f6tz Attila","image":{"@type":"ImageObject","inLanguage":"hu","@id":"https:\/\/secure.gravatar.com\/avatar\/2d4fd031a22fa340d80ae6058bee0ef10aa643338dbc8f7650a08f79a37958b7?s=96&d=mm&r=g","url":"https:\/\/secure.gravatar.com\/avatar\/2d4fd031a22fa340d80ae6058bee0ef10aa643338dbc8f7650a08f79a37958b7?s=96&d=mm&r=g","contentUrl":"https:\/\/secure.gravatar.com\/avatar\/2d4fd031a22fa340d80ae6058bee0ef10aa643338dbc8f7650a08f79a37958b7?s=96&d=mm&r=g","caption":"G\u00f6tz Attila"},"sameAs":["https:\/\/hu.andersen.com"],"url":"https:\/\/hu.andersen.com\/hu\/author\/agotz\/"}]}},"_links":{"self":[{"href":"https:\/\/hu.andersen.com\/hu\/wp-json\/wp\/v2\/posts\/14269","targetHints":{"allow":["GET"]}}],"collection":[{"href":"https:\/\/hu.andersen.com\/hu\/wp-json\/wp\/v2\/posts"}],"about":[{"href":"https:\/\/hu.andersen.com\/hu\/wp-json\/wp\/v2\/types\/post"}],"author":[{"embeddable":true,"href":"https:\/\/hu.andersen.com\/hu\/wp-json\/wp\/v2\/users\/1028"}],"replies":[{"embeddable":true,"href":"https:\/\/hu.andersen.com\/hu\/wp-json\/wp\/v2\/comments?post=14269"}],"version-history":[{"count":3,"href":"https:\/\/hu.andersen.com\/hu\/wp-json\/wp\/v2\/posts\/14269\/revisions"}],"predecessor-version":[{"id":14275,"href":"https:\/\/hu.andersen.com\/hu\/wp-json\/wp\/v2\/posts\/14269\/revisions\/14275"}],"wp:featuredmedia":[{"embeddable":true,"href":"https:\/\/hu.andersen.com\/hu\/wp-json\/wp\/v2\/media\/14270"}],"wp:attachment":[{"href":"https:\/\/hu.andersen.com\/hu\/wp-json\/wp\/v2\/media?parent=14269"}],"wp:term":[{"taxonomy":"category","embeddable":true,"href":"https:\/\/hu.andersen.com\/hu\/wp-json\/wp\/v2\/categories?post=14269"},{"taxonomy":"post_tag","embeddable":true,"href":"https:\/\/hu.andersen.com\/hu\/wp-json\/wp\/v2\/tags?post=14269"}],"curies":[{"name":"wp","href":"https:\/\/api.w.org\/{rel}","templated":true}]}}