{"id":14728,"date":"2025-12-10T12:25:53","date_gmt":"2025-12-10T11:25:53","guid":{"rendered":"https:\/\/hu.andersen.com\/?p=14728"},"modified":"2025-12-10T12:53:36","modified_gmt":"2025-12-10T11:53:36","slug":"ev-vegi-transzferar-kiigazitasok-2026","status":"publish","type":"post","link":"https:\/\/hu.andersen.com\/hu\/hirek\/ev-vegi-transzferar-kiigazitasok-2026\/","title":{"rendered":"F\u00f3kuszban az \u00e9v v\u00e9gi transzfer\u00e1r-kiigaz\u00edt\u00e1sok"},"content":{"rendered":"\n<p><strong>A c\u00e9gcsoportok eset\u00e9ben az \u00fczleti \u00e9v z\u00e1r\u00e1sakor a legfontosabb ad\u00f3z\u00e1si teend\u0151k k\u00f6z\u00e9 tartozik a csoporton bel\u00fcli tagv\u00e1llalatok k\u00f6z\u00f6tti \u00fcgyletekben alkalmazott transzfer\u00e1rak fel\u00fclvizsg\u00e1lata. Ha meg\u00e1llap\u00edt\u00e1st nyer, hogy a kapcsolt felek \u00e1ltal az \u00e9v k\u00f6zben elsz\u00e1molt ellen\u00e9rt\u00e9kek a szok\u00e1sos piaci \u00e1r elvnek nem felelnek meg, akkor sz\u00fcks\u00e9gess\u00e9 v\u00e1lik az ut\u00f3lagos transzfer\u00e1r korrekci\u00f3k elv\u00e9gz\u00e9se. Ennek sor\u00e1n speci\u00e1lis elsz\u00e1mol\u00e1si szab\u00e1lyok ir\u00e1nyad\u00f3ak, amelyek k\u00f6vetkezetes alkalmaz\u00e1sa kihathat a transzfer\u00e1raz\u00e1ssal \u00e9rintett ad\u00f3nemekben keletkez\u0151 ad\u00f3k\u00f6telezetts\u00e9g v\u00e1ltoz\u00e1s m\u00e9rt\u00e9k\u00e9re is.<\/strong><\/p>\n\n\n\n<p>A multinacion\u00e1lis v\u00e1llalathoz tartoz\u00f3 magyar csoportc\u00e9gekn\u00e9l az\u00e9rt is ig\u00e9nyel k\u00fcl\u00f6n\u00f6s k\u00f6r\u00fcltekint\u00e9st az \u00e9v v\u00e9gi kiigaz\u00edt\u00e1sok v\u00e9grehajt\u00e1sa, mivel a k\u00fclf\u00f6ldi \u00e9rintetts\u00e9gre tekintettel egyidej\u0171leg t\u00f6bb orsz\u00e1g transzfer\u00e1r szab\u00e1lyait kell figyelembe venni. Ezek elt\u00e9r\u00e9sei koll\u00edzi\u00f3s kock\u00e1zatot hordoznak \u00e9s kett\u0151s ad\u00f3ztat\u00e1shoz vezethetnek. A kock\u00e1zat m\u00e9rs\u00e9kl\u00e9se \u00e9rdek\u00e9ben kiemelt jelent\u0151s\u00e9g\u0171 az <a href=\"https:\/\/www.oecd.org\/hu\/publications\/2010\/08\/oecd-transfer-pricing-guidelines-for-multinational-enterprises-and-tax-administrations-2010_g1g1127e.html\">OECD Ir\u00e1nyelveken<\/a> alapul\u00f3 szimmetrikus ad\u00f3kezel\u00e9s biztos\u00edt\u00e1s\u00e1val a csoportszinten egys\u00e9ges transzfer\u00e1r politika \u00e9s elsz\u00e1mol\u00e1si gyakorlat kialak\u00edt\u00e1sa, valamint a kapcsol\u00f3d\u00f3 dokument\u00e1ci\u00f3s k\u00f6vetelm\u00e9nyek teljes\u00edt\u00e9se.<\/p>\n\n\n\n<h2 class=\"wp-block-heading has-text-color has-link-color has-medium-font-size wp-elements-bc9bd63300f063966811e76135d1dc98\" id=\"h-az-ev-vegi-transzferar-kiigazitas-elszamolasanak-modja\" style=\"color:#760f0f\"><strong>Az \u00e9v v\u00e9gi transzfer\u00e1r-kiigaz\u00edt\u00e1s elsz\u00e1mol\u00e1s\u00e1nak m\u00f3dja<\/strong><\/h2>\n\n\n\n<p>A magyar jogszab\u00e1lyi k\u00f6rnyezet a kapcsolt v\u00e1llalkoz\u00e1sok r\u00e9sz\u00e9re az egym\u00e1s k\u00f6z\u00f6tti \u00fcgyleteikben alkalmazott \u00e1rak ut\u00f3lagos m\u00f3dos\u00edt\u00e1s\u00e1nak sz\u00fcks\u00e9gess\u00e9ge eset\u00e9n t\u00f6bbf\u00e9le korrekci\u00f3s technik\u00e1t biztos\u00edt. Ezek az al\u00e1bbiak:<\/p>\n\n\n\n<ul class=\"wp-block-list\">\n<li>az \u00fcgyletr\u0151l ki\u00e1ll\u00edtott sz\u00e1ml\u00e1k m\u00f3dos\u00edt\u00e1sa;<\/li>\n\n\n\n<li>a Sz\u00e1mv tv. szerinti sz\u00e1mviteli bizonylattal t\u00f6rt\u00e9n\u0151 ellen\u00e9rt\u00e9k-korrekci\u00f3;<\/li>\n\n\n\n<li>kiz\u00e1r\u00f3lag a t\u00e1rsas\u00e1giad\u00f3-alapot \u00e9rint\u0151en v\u00e9grehajtott m\u00f3dos\u00edt\u00e1s.\u00a0\u00a0\u00a0\u00a0\u00a0<\/li>\n<\/ul>\n\n\n\n<p>A felsorolt lehet\u0151s\u00e9gek k\u00f6z\u00f6tti v\u00e1laszt\u00e1s meghat\u00e1rozza, hogy a kapcsolt \u00fcgyletekben elsz\u00e1molt ellen\u00e9rt\u00e9knek a szok\u00e1sos piaci \u00e1r tartom\u00e1ny b\u00e1rmely \u00e9rt\u00e9k\u00e9re t\u00f6rt\u00e9nhet a kiigaz\u00edt\u00e1sa vagy azt k\u00f6telez\u0151 a k\u00f6z\u00e9ps\u0151 (medi\u00e1n) \u00e9rt\u00e9kre elv\u00e9gezni. Az ezzel kapcsolatos megalapozott d\u00f6nt\u00e9sek meghozatala ez\u00e9rt kulcsfontoss\u00e1g\u00fa, mert ez v\u00e9gs\u0151 soron befoly\u00e1solhatja az alkalmazott transzfer\u00e1rak ut\u00f3lagos m\u00f3dos\u00edt\u00e1sa k\u00f6vetkezt\u00e9ben csoportszinten elsz\u00e1moland\u00f3 j\u00f6vedelemad\u00f3-k\u00f6telezetts\u00e9g-v\u00e1ltoz\u00e1s m\u00e9rt\u00e9k\u00e9t is. Ez \u00e9rv\u00e9nyes\u00fcl akkor, ha az \u00fcgyletben r\u00e9szt vev\u0151 m\u00e1sik f\u00e9l k\u00fclf\u00f6ldi csoportc\u00e9g, amelyre az \u00e9v v\u00e9g\u00e9n kimutatott ad\u00f3alap-m\u00f3dos\u00edt\u00e1ssal \u00f6sszef\u00fcgg\u00e9sben elt\u00e9r\u0151 j\u00f6vedelemad\u00f3 m\u00e9rt\u00e9k vonatkozik, illetve akkor is, ha valamelyik kapcsolt v\u00e1llalkoz\u00e1s nem alanya a szok\u00e1sos piaci \u00e1r miatti korrekci\u00f3val \u00e9rintett ad\u00f3nemnek.<\/p>\n\n\n\n<p>Ha a transzfer\u00e1rak ut\u00f3lagos m\u00f3dos\u00edt\u00e1sa k\u00fclf\u00f6ldi tagv\u00e1llalattal folytatott \u00fcgyletet \u00e9rint, az ellen\u00e9rt\u00e9k-korrekci\u00f3 m\u00f3dj\u00e1nak megv\u00e1laszt\u00e1sa sor\u00e1n arra is figyelemmel kell lenni, hogy ehhez az \u00fcgyben ir\u00e1nyad\u00f3 k\u00fcl\u00f6nb\u00f6z\u0151 nemzeti el\u0151\u00edr\u00e1sok egy\u00fcttes alkalmaz\u00e1s\u00e1val milyen lehet\u0151s\u00e9gek \u00e1llnak rendelkez\u00e9sre. A korrekci\u00f3s lehet\u0151s\u00e9gek k\u00f6z\u00f6tti v\u00e1laszt\u00e1st illet\u0151en tov\u00e1bb\u00e1 a magyar szab\u00e1lyoz\u00e1s is szigorodik a 2026. janu\u00e1r 1-t\u0151l kezd\u0151d\u0151 \u00fczleti \u00e9vt\u0151l, amely szerint a sz\u00e1mviteli t\u00f6rv\u00e9ny \u00e1ltal biztos\u00edtott transzfer\u00e1r kiigaz\u00edt\u00e1st kiz\u00e1r\u00f3lag a m\u00e9rlegk\u00e9sz\u00edt\u00e9s id\u0151pontj\u00e1ig lehet majd v\u00e9grehajtani.<\/p>\n\n\n\n<h2 class=\"wp-block-heading has-text-color has-link-color has-medium-font-size wp-elements-177656cced47ebad74f4d0303c3facd3\" id=\"h-a-transzferarazassal-erintett-adokotelezettsegek\" style=\"color:#760f0f\"><strong>A transzfer\u00e1raz\u00e1ssal \u00e9rintett ad\u00f3k\u00f6telezetts\u00e9gek<\/strong><\/h2>\n\n\n\n<p><a href=\"https:\/\/hu.andersen.com\/hu\/andersen-adoszotar\/kapcsolt-vallalkozas\/\">A kapcsolt felek<\/a> az egym\u00e1s k\u00f6zti \u00fcgyleteik ellen\u00e9rt\u00e9k\u00e9nek meghat\u00e1roz\u00e1sakor a <a href=\"https:\/\/hu.andersen.com\/hu\/andersen-adoszotar\/szokasos-piaci-ar-elve\/\">szok\u00e1sos piaci \u00e1r elv\u00e9t<\/a> a t\u00e1rsas\u00e1gi ad\u00f3 mellett m\u00e1s j\u00f6vedelemad\u00f3 nemekben \u2013 helyi ipar\u0171z\u00e9si ad\u00f3, innov\u00e1ci\u00f3s j\u00e1rul\u00e9k \u00e9s energiaell\u00e1t\u00f3k j\u00f6vedelemad\u00f3ja tekintet\u00e9ben \u2013 is k\u00f6telesek \u00e9rv\u00e9nyes\u00edteni. Ezekre a korrekci\u00f3kra az \u00e9rintett ad\u00f3k\u00f6telezetts\u00e9gre vonatkoz\u00f3 speci\u00e1lis szab\u00e1lyokhoz igazod\u00f3an ker\u00fclhet sor, amelyek megfelel\u0151 alkalmaz\u00e1s\u00e1nak el\u0151felt\u00e9tele a kapcsolt \u00fcgylet transzfer\u00e1r szempontb\u00f3l t\u00f6rt\u00e9n\u0151 funkcion\u00e1lis elemz\u00e9se \u00e9s ez alapj\u00e1n a legink\u00e1bb megb\u00edzhat\u00f3 \u00e1r-k\u00e9pz\u00e9si m\u00f3dszer kiv\u00e1laszt\u00e1sa. \u00a0Ez alapozhatja meg ugyanis az \u00fcgylettel \u00f6sszef\u00fcgg\u00e9sben elsz\u00e1molt ellen\u00e9rt\u00e9k helyes min\u0151s\u00edt\u00e9s\u00e9t \u00e9s annak az ad\u00f3konzekvenci\u00e1inak meg\u00e1llap\u00edt\u00e1s\u00e1t.<\/p>\n\n\n\n<p>Az \u00e9v v\u00e9gi transzfer kiigaz\u00edt\u00e1sok keret\u00e9ben alkalmazott korrekci\u00f3s mechanizmusok megfelel\u0151s\u00e9g\u00e9nek \u00e1tfog\u00f3 fel\u00fclvizsg\u00e1lat\u00e1t k\u00fcl\u00f6n\u00f6sen aktu\u00e1liss\u00e1 teszik az elm\u00falt id\u0151szakban az Eur\u00f3pai Uni\u00f3 B\u00edr\u00f3s\u00e1ga (EUB) \u00e1ltal meghozott azon \u00edt\u00e9letek, amelyek azt vizsg\u00e1lt\u00e1k, hogy a csoporton bel\u00fcli \u00fcgyletek ellen\u00e9rt\u00e9k\u00e9nek t\u00e1rsas\u00e1gi ad\u00f3 szempont\u00fa m\u00f3dos\u00edt\u00e1sa milyen \u00e1fa k\u00f6vetkezm\u00e9nyekkel j\u00e1r. Ezek k\u00f6z\u00fcl is kiemelend\u0151 a C-726\/23 sz\u00e1m\u00fa Arcomet-\u00fcgy, amelyben a B\u00edr\u00f3s\u00e1g a kor\u00e1bban a hasonl\u00f3 elsz\u00e1mol\u00e1sokat az \u00e1fa hat\u00e1ly\u00e1n k\u00edv\u00fclik\u00e9nt kezel\u0151 megk\u00f6zel\u00edt\u00e9st fel\u00fcl\u00edrva elvi jelleggel mondta ki azt, hogy az olyan \u00e9v v\u00e9gi kiigaz\u00edt\u00e1sok, amelyek a korl\u00e1tozott kock\u00e1zat\u00fak\u00e9nt karakteriz\u00e1lhat\u00f3 csoportc\u00e9gek j\u00f6vedelmez\u0151s\u00e9g\u00e9nek a csoporton bel\u00fcli strat\u00e9giai szint\u0171 gazdas\u00e1gi funkci\u00f3kat ell\u00e1t\u00f3 entit\u00e1shoz allok\u00e1l\u00e1s\u00e1t \u00e9rintik, ad\u00f3k\u00f6teles szolg\u00e1ltat\u00e1s ny\u00fajt\u00e1s ellen\u00e9rt\u00e9k\u00e9nek min\u0151s\u00fclnek \u00e9s \u00e1fa k\u00f6telezetts\u00e9get eredm\u00e9nyeznek. Az ilyen esetekben ez\u00e9rt, amikor a c\u00e9gcsoporton bel\u00fcli strat\u00e9giai menedzsment szolg\u00e1ltat\u00e1sok ellen\u00e9rt\u00e9k\u00e9nek meghat\u00e1roz\u00e1s\u00e1ra az \u00fcgyleti nett\u00f3 nyeres\u00e9gen alapul\u00f3 m\u00f3dszer a legink\u00e1bb alkalmas \u00e1raz\u00e1si m\u00f3dszernek tekinthet\u0151 \u00e9s eszerint az \u00e9v v\u00e9g\u00e9n a garant\u00e1lt j\u00f6vedelmez\u0151s\u00e9g biztos\u00edt\u00e1sa \u00e9rdek\u00e9ben transzfer\u00e1r szempontb\u00f3l ellen\u00e9rt\u00e9k-korrekci\u00f3 sz\u00fcks\u00e9ges, ennek a kapcsolt felek k\u00f6z\u00f6tti elsz\u00e1mol\u00e1snak az \u00e1fa kezel\u00e9s\u00e9t k\u00fcl\u00f6n is indokolt megvizsg\u00e1lni. Ezt pedig az EUB \u00edt\u00e9lkez\u00e9si gyakorlat\u00e1nak \u00faj ir\u00e1nyaival \u00f6sszhangban a kor\u00e1bbi form\u00e1lis szempontok helyett tartalmi alapon kell elv\u00e9gezni.<\/p>\n\n\n\n<p>Mindezek mellett a szok\u00e1sos piaci \u00e1r meg\u00e1llap\u00edt\u00e1s\u00e1ra vonatkoz\u00f3 szab\u00e1lyok alapj\u00e1n elv\u00e9gzett ut\u00f3lagos transzfer\u00e1r-korrekci\u00f3 a v\u00e1mk\u00f6telezetts\u00e9g meghat\u00e1roz\u00e1s\u00e1ban is relev\u00e1ns lehet. E k\u00f6rben az EUB az idei \u00e9vben szint\u00e9n hozott az \u00fcgy t\u00e1rgy\u00e1t k\u00e9pez\u0151 elvi k\u00e9rd\u00e9s jelent\u0151s\u00e9g\u00e9re tekintettel precedens\u00e9rt\u00e9k\u0171nek min\u0151s\u00fcl\u0151 d\u00f6nt\u00e9st (C-782\/23 sz\u00e1m\u00fa Tauritus-\u00edt\u00e9let), amely \u2013 az \u00e1f\u00e1s \u00fcgyekhez hasonl\u00f3an \u2013 a transzfer\u00e1raz\u00e1si okokb\u00f3l elsz\u00e1molt \u00e9v v\u00e9gi j\u00f6vedelmez\u0151s\u00e9gi kiigaz\u00edt\u00e1soknak a meg\u00edt\u00e9l\u00e9s\u00e9t \u00e9rint\u0151en a kor\u00e1bbi uni\u00f3s joggyakorlathoz k\u00e9pest (ld. e tekintetben a C-529\/16. sz. Hamamatsu-\u00edt\u00e9letet) fordulatot jelent. Ez alapj\u00e1n a c\u00e9gcsoporton bel\u00fcli \u00fcgyletekben elsz\u00e1molt ellen\u00e9rt\u00e9knek a transzfer\u00e1r szab\u00e1lyok miatti korrekci\u00f3ja a v\u00e1mk\u00f6telezetts\u00e9gre akkor is kihathat, ha annak els\u0151dleges c\u00e9lja nem az \u00e9v sor\u00e1n teljes\u00edtett konkr\u00e9t \u00fcgyletek ellen\u00e9rt\u00e9k\u00e9nek a m\u00f3dos\u00edt\u00e1sa, hanem az \u00fcgyletben r\u00e9szes f\u00e9l r\u00e9sz\u00e9re az ad\u00f3\u00e9vben \u00e1ltala realiz\u00e1land\u00f3 szok\u00e1sos piaci j\u00f6vedelmez\u0151s\u00e9gi szint biztos\u00edt\u00e1sa. A v\u00e1ltoz\u00f3 jog\u00e9rtelmez\u00e9s szerint, amennyiben az \u00e9v v\u00e9g\u00e9n v\u00e9grehajtott \u00e1r-kiigaz\u00edt\u00e1s a felek szerz\u0151d\u00e9ses meg\u00e1llapod\u00e1s\u00e1ra tekintettel el\u0151re prognosztiz\u00e1lhat\u00f3 \u00e9s objekt\u00edv t\u00e9nyez\u0151k alapj\u00e1n ker\u00fcl v\u00e9grehajt\u00e1sra, akkor azt a v\u00e1m\u00e9rt\u00e9k-meghat\u00e1roz\u00e1s alapj\u00e1ul szolg\u00e1l\u00f3 v\u00e9gleges \u00e1rban ut\u00f3lagosan figyelembe kell venni.<\/p>\n\n\n\n<h2 class=\"wp-block-heading has-text-color has-link-color has-medium-font-size wp-elements-85711dafb1bfc61172b7ee963bf68917\" id=\"h-az-utolagos-transzferar-korrekciokkal-osszefuggo-adoellenorzesi-kockazat\" style=\"color:#760f0f\"><strong>Az ut\u00f3lagos transzfer\u00e1r korrekci\u00f3kkal \u00f6sszef\u00fcgg\u0151 ad\u00f3ellen\u0151rz\u00e9si kock\u00e1zat<\/strong><\/h2>\n\n\n\n<p>A csoporton bel\u00fcli \u00fcgyletekre transzfer\u00e1r-adatszolg\u00e1ltat\u00e1si k\u00f6telezetts\u00e9g 2022-es bevezet\u00e9se \u00f3ta eltelt id\u0151ben az ad\u00f3hat\u00f3s\u00e1g \u00e9ves ellen\u0151rz\u00e9si terveiben dedik\u00e1lt c\u00e9lk\u00e9nt jelenik meg a rendelkez\u00e9s\u00e9re \u00e1ll\u00f3, kock\u00e1zatelemz\u00e9shez haszn\u00e1lhat\u00f3 adatok alapj\u00e1n c\u00e9lzott \u00e9s mind hat\u00e9konyabb ad\u00f3ellen\u0151rz\u00e9sek elv\u00e9gz\u00e9se. Ennek let\u00e9tem\u00e9nyesei azok a NAV szervezet\u00e9n bel\u00fcl \u00fajonnan l\u00e9trehozott kompetencia-k\u00f6zpontok, amelyek els\u0151dleges feladata a kapcsolt v\u00e1llalkoz\u00e1sok k\u00f6z\u00f6tti \u00fcgyletekben alkalmazott transzfer\u00e1rak vizsg\u00e1lat\u00e1ra ir\u00e1nyul\u00f3 ad\u00f3ellen\u0151rz\u00e9sek szakszer\u0171 lefolytat\u00e1sa.<\/p>\n\n\n\n<p>Az \u00e9v v\u00e9gi transzfer\u00e1r korrekci\u00f3kra vonatkoz\u00f3 adatok elemz\u00e9s\u00e9re az ad\u00f3hat\u00f3s\u00e1g k\u00fcl\u00f6n\u00f6s figyelmet ford\u00edt. Ezekkel \u00f6sszef\u00fcgg\u00e9sben b\u00e1rmely inkonzisztencia (\u00e9s \u00edgy p\u00e9ld\u00e1ul az ipar\u00e1gi \u00e1tlagos j\u00f6vedelmez\u0151s\u00e9gt\u0151l val\u00f3 elt\u00e9r\u00e9s, a t\u00e9nylegesen elsz\u00e1molt ellen\u00e9rt\u00e9kek \u00e9s a kiigaz\u00edt\u00e1s \u00f6sszege k\u00f6z\u00f6tti k\u00fcl\u00f6nb\u00f6zet nagys\u00e1ga) megalapozhatja az ad\u00f3kock\u00e1zat felmer\u00fcl\u00e9se miatt az ad\u00f3ellen\u0151rz\u00e9sre t\u00f6rt\u00e9n\u0151 kiv\u00e1laszt\u00e1st.<\/p>\n\n\n\n<p>A transzfer\u00e1rak ut\u00f3lagos m\u00f3dos\u00edt\u00e1s\u00e1t ez\u00e9rt minden esetben fokozott k\u00f6r\u00fcltekint\u00e9ssel kell v\u00e9grehajtani, amelynek sor\u00e1n a t\u00e1rsas\u00e1gi ad\u00f3 mellett t\u00f6bb m\u00e1sik ad\u00f3nemben is egyidej\u0171leg meg kell vizsg\u00e1lni a szok\u00e1sos piaci \u00e1r elv \u00e9rv\u00e9nyes\u00edt\u00e9se \u00e9rdek\u00e9ben v\u00e1lasztott elsz\u00e1mol\u00e1si m\u00f3d ad\u00f3kihat\u00e1s\u00e1t. Ennek keret\u00e9ben pedig a kapcsolt v\u00e1llalkoz\u00e1soknak lehet\u0151s\u00e9ge ny\u00edlik arra, hogy a jogszab\u00e1lyok \u00e1ltal biztos\u00edtott keretek k\u00f6z\u00f6tt m\u00e9rlegelj\u00e9k az adott \u00fcgylet k\u00f6r\u00fclm\u00e9nyeihez igazod\u00f3an az ad\u00f3z\u00e1si szempontb\u00f3l legkedvez\u0151bb korrekci\u00f3s technika haszn\u00e1lat\u00e1t.<\/p>\n\n\n\n<p>A szok\u00e1sos piaci \u00e1r elv alkalmaz\u00e1sa miatti kiigaz\u00edt\u00e1sokkal \u00f6sszef\u00fcgg\u0151 ad\u00f3hat\u00f3s\u00e1gi meg\u00e1llap\u00edt\u00e1sokb\u00f3l ered\u0151 jogvit\u00e1k kock\u00e1zat\u00e1t a c\u00e9gcsoportok \u00e9rdemben tudj\u00e1k tov\u00e1bb\u00e1 azzal cs\u00f6kkenteni, ha el\u0151re r\u00f6gz\u00edtik a csoporton bel\u00fcli \u00fcgyletekben v\u00e1lasztott \u00e1r-k\u00e9pz\u00e9si m\u00f3dszert \u00e9s az ahhoz kapcsol\u00f3d\u00f3an teljes\u00edtett elsz\u00e1mol\u00e1sokat al\u00e1t\u00e1maszt\u00f3 bizonylatol\u00e1si rendet. A megfelel\u0151 strat\u00e9giai tervez\u00e9s ugyanis biztos\u00edthatja azt, hogy az \u00e9v k\u00f6zben elsz\u00e1molt transzfer\u00e1rak \u00f6sszhangban legyenek a szok\u00e1sos piaci \u00e1rakkal, \u00e9s \u00edgy az \u00e9v v\u00e9g\u00e9n jelent\u0151s \u00f6sszegben t\u00f6rt\u00e9n\u0151 ad\u00f3alap-m\u00f3dos\u00edt\u00e1si k\u00f6telezetts\u00e9g elker\u00fclhet\u0151 legyen. Ennek a jelent\u0151s\u00e9g\u00e9t az is n\u00f6veli, amennyiben a kapcsolt \u00fcgyletben k\u00fclf\u00f6ldi tagv\u00e1llalat is r\u00e9szt vesz, amely eset\u00e9ben elt\u00e9r\u0151 szab\u00e1lyok vonatkoznak az ut\u00f3lagos ellen\u00e9rt\u00e9k-korrekci\u00f3k elv\u00e9gz\u00e9s\u00e9re \u00e9s emiatt ezzel \u00f6sszef\u00fcgg\u00e9sben a kett\u0151s ad\u00f3ztat\u00e1s kock\u00e1zata felmer\u00fclhet.<\/p>\n\n\n\n<p><em>Az Andersen Magyarorsz\u00e1g szak\u00e9rt\u0151i csapata\u00a0sz\u00e9les k\u00f6r\u0171 tapasztalattal rendelkeznek a kapcsolt v\u00e1llalkoz\u00e1sok k\u00f6z\u00f6tti \u00fcgyletek szok\u00e1sos piaci \u00e1r\u00e1nak meghat\u00e1roz\u00e1s\u00e1ban. Ennek megfelel\u0151en\u00a0<a href=\"https:\/\/hu.andersen.com\/hu\/adotanacsadas-szolgaltatas\/transzferar-szolgaltatasok\/\" target=\"_blank\" rel=\"noreferrer noopener\">\u00e1tfog\u00f3 szolg\u00e1ltat\u00e1scsomaggal \u00e1llnak \u00fcgyfeleink rendelkez\u00e9s\u00e9re a transzfer\u00e1raz\u00e1s tekintet\u00e9ben<\/a>.\u00a0<\/em><\/p>\n","protected":false},"excerpt":{"rendered":"<p>A c\u00e9gcsoportok eset\u00e9ben az \u00fczleti \u00e9v z\u00e1r\u00e1sakor a legfontosabb ad\u00f3z\u00e1si teend\u0151k k\u00f6z\u00e9 tartozik a csoporton bel\u00fcli tagv\u00e1llalatok k\u00f6z\u00f6tti \u00fcgyletekben alkalmazott transzfer\u00e1rak fel\u00fclvizsg\u00e1lata.<\/p>\n","protected":false},"author":1028,"featured_media":14729,"comment_status":"closed","ping_status":"closed","sticky":false,"template":"","format":"standard","meta":{"_acf_changed":false,"_genesis_hide_title":false,"_genesis_hide_breadcrumbs":false,"_genesis_hide_singular_image":false,"_genesis_hide_footer_widgets":false,"_genesis_custom_body_class":"","_genesis_custom_post_class":"","_genesis_layout":"","footnotes":""},"categories":[38],"tags":[41],"class_list":{"0":"post-14728","1":"post","2":"type-post","3":"status-publish","4":"format-standard","5":"has-post-thumbnail","7":"category-hirek","8":"tag-slider-2","9":"entry"},"acf":[],"featured_image_src":"https:\/\/hu.andersen.com\/wp-content\/uploads\/2025\/12\/ev-vegi-transzferar-kiigazitasok-andersen.jpg","author_info":{"display_name":"G\u00f6tz Attila","author_link":"https:\/\/hu.andersen.com\/hu\/author\/agotz\/"},"yoast_head":"<!-- This site is optimized with the Yoast SEO Premium plugin v27.4 (Yoast SEO v27.4) - https:\/\/yoast.com\/product\/yoast-seo-premium-wordpress\/ -->\n<title>F\u00f3kuszban az \u00e9v v\u00e9gi transzfer\u00e1r-kiigaz\u00edt\u00e1sok<\/title>\n<meta name=\"description\" content=\"Az \u00fczleti \u00e9vz\u00e1r\u00e1skor a legfontosabb ad\u00f3z\u00e1si teend\u0151k egyike a csoporton bel\u00fcli tagv\u00e1llalatok k\u00f6z\u00f6tt alkalmazott transzfer\u00e1rak fel\u00fclvizsg\u00e1lata.\" \/>\n<meta name=\"robots\" content=\"index, follow, max-snippet:-1, max-image-preview:large, max-video-preview:-1\" \/>\n<link rel=\"canonical\" href=\"https:\/\/hu.andersen.com\/hu\/hirek\/ev-vegi-transzferar-kiigazitasok-2026\/\" \/>\n<meta property=\"og:locale\" content=\"hu_HU\" \/>\n<meta property=\"og:type\" content=\"article\" \/>\n<meta property=\"og:title\" content=\"F\u00f3kuszban az \u00e9v v\u00e9gi transzfer\u00e1r-kiigaz\u00edt\u00e1sok\" \/>\n<meta property=\"og:description\" content=\"Az \u00fczleti \u00e9vz\u00e1r\u00e1skor a legfontosabb ad\u00f3z\u00e1si teend\u0151k egyike a csoporton bel\u00fcli tagv\u00e1llalatok k\u00f6z\u00f6tt alkalmazott transzfer\u00e1rak fel\u00fclvizsg\u00e1lata.\" \/>\n<meta property=\"og:url\" content=\"https:\/\/hu.andersen.com\/hu\/hirek\/ev-vegi-transzferar-kiigazitasok-2026\/\" \/>\n<meta property=\"og:site_name\" content=\"Andersen Magyarorsz\u00e1g\" \/>\n<meta property=\"article:published_time\" content=\"2025-12-10T11:25:53+00:00\" \/>\n<meta property=\"article:modified_time\" content=\"2025-12-10T11:53:36+00:00\" \/>\n<meta property=\"og:image\" content=\"https:\/\/hu.andersen.com\/wp-content\/uploads\/2025\/12\/ev-vegi-transzferar-kiigazitasok-andersen.jpg\" \/>\n\t<meta property=\"og:image:width\" content=\"1640\" \/>\n\t<meta property=\"og:image:height\" content=\"780\" \/>\n\t<meta property=\"og:image:type\" content=\"image\/jpeg\" \/>\n<meta name=\"author\" content=\"G\u00f6tz Attila\" \/>\n<meta name=\"twitter:card\" content=\"summary_large_image\" \/>\n<meta name=\"twitter:label1\" content=\"Szerz\u0151:\" \/>\n\t<meta name=\"twitter:data1\" content=\"G\u00f6tz Attila\" \/>\n\t<meta name=\"twitter:label2\" content=\"Becs\u00fclt olvas\u00e1si id\u0151\" \/>\n\t<meta name=\"twitter:data2\" content=\"10 perc\" \/>\n<script type=\"application\/ld+json\" class=\"yoast-schema-graph\">{\"@context\":\"https:\\\/\\\/schema.org\",\"@graph\":[{\"@type\":\"Article\",\"@id\":\"https:\\\/\\\/hu.andersen.com\\\/hu\\\/hirek\\\/ev-vegi-transzferar-kiigazitasok-2026\\\/#article\",\"isPartOf\":{\"@id\":\"https:\\\/\\\/hu.andersen.com\\\/hu\\\/hirek\\\/ev-vegi-transzferar-kiigazitasok-2026\\\/\"},\"author\":{\"name\":\"G\u00f6tz Attila\",\"@id\":\"https:\\\/\\\/hu.andersen.com\\\/#\\\/schema\\\/person\\\/57a8b81638277dac3324887812032990\"},\"headline\":\"F\u00f3kuszban az \u00e9v v\u00e9gi transzfer\u00e1r-kiigaz\u00edt\u00e1sok\",\"datePublished\":\"2025-12-10T11:25:53+00:00\",\"dateModified\":\"2025-12-10T11:53:36+00:00\",\"mainEntityOfPage\":{\"@id\":\"https:\\\/\\\/hu.andersen.com\\\/hu\\\/hirek\\\/ev-vegi-transzferar-kiigazitasok-2026\\\/\"},\"wordCount\":1974,\"image\":{\"@id\":\"https:\\\/\\\/hu.andersen.com\\\/hu\\\/hirek\\\/ev-vegi-transzferar-kiigazitasok-2026\\\/#primaryimage\"},\"thumbnailUrl\":\"https:\\\/\\\/hu.andersen.com\\\/wp-content\\\/uploads\\\/2025\\\/12\\\/ev-vegi-transzferar-kiigazitasok-andersen.jpg\",\"keywords\":[\"slider\"],\"articleSection\":[\"H\u00edrek\"],\"inLanguage\":\"hu\"},{\"@type\":\"WebPage\",\"@id\":\"https:\\\/\\\/hu.andersen.com\\\/hu\\\/hirek\\\/ev-vegi-transzferar-kiigazitasok-2026\\\/\",\"url\":\"https:\\\/\\\/hu.andersen.com\\\/hu\\\/hirek\\\/ev-vegi-transzferar-kiigazitasok-2026\\\/\",\"name\":\"F\u00f3kuszban az \u00e9v v\u00e9gi transzfer\u00e1r-kiigaz\u00edt\u00e1sok\",\"isPartOf\":{\"@id\":\"https:\\\/\\\/hu.andersen.com\\\/#website\"},\"primaryImageOfPage\":{\"@id\":\"https:\\\/\\\/hu.andersen.com\\\/hu\\\/hirek\\\/ev-vegi-transzferar-kiigazitasok-2026\\\/#primaryimage\"},\"image\":{\"@id\":\"https:\\\/\\\/hu.andersen.com\\\/hu\\\/hirek\\\/ev-vegi-transzferar-kiigazitasok-2026\\\/#primaryimage\"},\"thumbnailUrl\":\"https:\\\/\\\/hu.andersen.com\\\/wp-content\\\/uploads\\\/2025\\\/12\\\/ev-vegi-transzferar-kiigazitasok-andersen.jpg\",\"datePublished\":\"2025-12-10T11:25:53+00:00\",\"dateModified\":\"2025-12-10T11:53:36+00:00\",\"author\":{\"@id\":\"https:\\\/\\\/hu.andersen.com\\\/#\\\/schema\\\/person\\\/57a8b81638277dac3324887812032990\"},\"description\":\"Az \u00fczleti \u00e9vz\u00e1r\u00e1skor a legfontosabb ad\u00f3z\u00e1si teend\u0151k egyike a csoporton bel\u00fcli tagv\u00e1llalatok k\u00f6z\u00f6tt alkalmazott transzfer\u00e1rak fel\u00fclvizsg\u00e1lata.\",\"breadcrumb\":{\"@id\":\"https:\\\/\\\/hu.andersen.com\\\/hu\\\/hirek\\\/ev-vegi-transzferar-kiigazitasok-2026\\\/#breadcrumb\"},\"inLanguage\":\"hu\",\"potentialAction\":[{\"@type\":\"ReadAction\",\"target\":[\"https:\\\/\\\/hu.andersen.com\\\/hu\\\/hirek\\\/ev-vegi-transzferar-kiigazitasok-2026\\\/\"]}]},{\"@type\":\"ImageObject\",\"inLanguage\":\"hu\",\"@id\":\"https:\\\/\\\/hu.andersen.com\\\/hu\\\/hirek\\\/ev-vegi-transzferar-kiigazitasok-2026\\\/#primaryimage\",\"url\":\"https:\\\/\\\/hu.andersen.com\\\/wp-content\\\/uploads\\\/2025\\\/12\\\/ev-vegi-transzferar-kiigazitasok-andersen.jpg\",\"contentUrl\":\"https:\\\/\\\/hu.andersen.com\\\/wp-content\\\/uploads\\\/2025\\\/12\\\/ev-vegi-transzferar-kiigazitasok-andersen.jpg\",\"width\":1640,\"height\":780,\"caption\":\"F\u00f3kuszban az \u00e9v v\u00e9gi transzfer\u00e1r-kiigaz\u00edt\u00e1sok\"},{\"@type\":\"BreadcrumbList\",\"@id\":\"https:\\\/\\\/hu.andersen.com\\\/hu\\\/hirek\\\/ev-vegi-transzferar-kiigazitasok-2026\\\/#breadcrumb\",\"itemListElement\":[{\"@type\":\"ListItem\",\"position\":1,\"name\":\"Kezd\u0151lap\",\"item\":\"https:\\\/\\\/hu.andersen.com\\\/hu\\\/\"},{\"@type\":\"ListItem\",\"position\":2,\"name\":\"F\u00f3kuszban az \u00e9v v\u00e9gi transzfer\u00e1r-kiigaz\u00edt\u00e1sok\"}]},{\"@type\":\"WebSite\",\"@id\":\"https:\\\/\\\/hu.andersen.com\\\/#website\",\"url\":\"https:\\\/\\\/hu.andersen.com\\\/\",\"name\":\"Andersen In Hungary\",\"description\":\"Ad\u00f3tan\u00e1csad\u00e1s \u00e9s jogi tan\u00e1csad\u00e1s\",\"potentialAction\":[{\"@type\":\"SearchAction\",\"target\":{\"@type\":\"EntryPoint\",\"urlTemplate\":\"https:\\\/\\\/hu.andersen.com\\\/?s={search_term_string}\"},\"query-input\":{\"@type\":\"PropertyValueSpecification\",\"valueRequired\":true,\"valueName\":\"search_term_string\"}}],\"inLanguage\":\"hu\"},{\"@type\":\"Person\",\"@id\":\"https:\\\/\\\/hu.andersen.com\\\/#\\\/schema\\\/person\\\/57a8b81638277dac3324887812032990\",\"name\":\"G\u00f6tz Attila\",\"image\":{\"@type\":\"ImageObject\",\"inLanguage\":\"hu\",\"@id\":\"https:\\\/\\\/secure.gravatar.com\\\/avatar\\\/2d4fd031a22fa340d80ae6058bee0ef10aa643338dbc8f7650a08f79a37958b7?s=96&d=mm&r=g\",\"url\":\"https:\\\/\\\/secure.gravatar.com\\\/avatar\\\/2d4fd031a22fa340d80ae6058bee0ef10aa643338dbc8f7650a08f79a37958b7?s=96&d=mm&r=g\",\"contentUrl\":\"https:\\\/\\\/secure.gravatar.com\\\/avatar\\\/2d4fd031a22fa340d80ae6058bee0ef10aa643338dbc8f7650a08f79a37958b7?s=96&d=mm&r=g\",\"caption\":\"G\u00f6tz Attila\"},\"sameAs\":[\"https:\\\/\\\/hu.andersen.com\"],\"url\":\"https:\\\/\\\/hu.andersen.com\\\/hu\\\/author\\\/agotz\\\/\"}]}<\/script>\n<!-- \/ Yoast SEO Premium plugin. -->","yoast_head_json":{"title":"F\u00f3kuszban az \u00e9v v\u00e9gi transzfer\u00e1r-kiigaz\u00edt\u00e1sok","description":"Az \u00fczleti \u00e9vz\u00e1r\u00e1skor a legfontosabb ad\u00f3z\u00e1si teend\u0151k egyike a csoporton bel\u00fcli tagv\u00e1llalatok k\u00f6z\u00f6tt alkalmazott transzfer\u00e1rak fel\u00fclvizsg\u00e1lata.","robots":{"index":"index","follow":"follow","max-snippet":"max-snippet:-1","max-image-preview":"max-image-preview:large","max-video-preview":"max-video-preview:-1"},"canonical":"https:\/\/hu.andersen.com\/hu\/hirek\/ev-vegi-transzferar-kiigazitasok-2026\/","og_locale":"hu_HU","og_type":"article","og_title":"F\u00f3kuszban az \u00e9v v\u00e9gi transzfer\u00e1r-kiigaz\u00edt\u00e1sok","og_description":"Az \u00fczleti \u00e9vz\u00e1r\u00e1skor a legfontosabb ad\u00f3z\u00e1si teend\u0151k egyike a csoporton bel\u00fcli tagv\u00e1llalatok k\u00f6z\u00f6tt alkalmazott transzfer\u00e1rak fel\u00fclvizsg\u00e1lata.","og_url":"https:\/\/hu.andersen.com\/hu\/hirek\/ev-vegi-transzferar-kiigazitasok-2026\/","og_site_name":"Andersen Magyarorsz\u00e1g","article_published_time":"2025-12-10T11:25:53+00:00","article_modified_time":"2025-12-10T11:53:36+00:00","og_image":[{"width":1640,"height":780,"url":"https:\/\/hu.andersen.com\/wp-content\/uploads\/2025\/12\/ev-vegi-transzferar-kiigazitasok-andersen.jpg","type":"image\/jpeg"}],"author":"G\u00f6tz Attila","twitter_card":"summary_large_image","twitter_misc":{"Szerz\u0151:":"G\u00f6tz Attila","Becs\u00fclt olvas\u00e1si id\u0151":"10 perc"},"schema":{"@context":"https:\/\/schema.org","@graph":[{"@type":"Article","@id":"https:\/\/hu.andersen.com\/hu\/hirek\/ev-vegi-transzferar-kiigazitasok-2026\/#article","isPartOf":{"@id":"https:\/\/hu.andersen.com\/hu\/hirek\/ev-vegi-transzferar-kiigazitasok-2026\/"},"author":{"name":"G\u00f6tz Attila","@id":"https:\/\/hu.andersen.com\/#\/schema\/person\/57a8b81638277dac3324887812032990"},"headline":"F\u00f3kuszban az \u00e9v v\u00e9gi transzfer\u00e1r-kiigaz\u00edt\u00e1sok","datePublished":"2025-12-10T11:25:53+00:00","dateModified":"2025-12-10T11:53:36+00:00","mainEntityOfPage":{"@id":"https:\/\/hu.andersen.com\/hu\/hirek\/ev-vegi-transzferar-kiigazitasok-2026\/"},"wordCount":1974,"image":{"@id":"https:\/\/hu.andersen.com\/hu\/hirek\/ev-vegi-transzferar-kiigazitasok-2026\/#primaryimage"},"thumbnailUrl":"https:\/\/hu.andersen.com\/wp-content\/uploads\/2025\/12\/ev-vegi-transzferar-kiigazitasok-andersen.jpg","keywords":["slider"],"articleSection":["H\u00edrek"],"inLanguage":"hu"},{"@type":"WebPage","@id":"https:\/\/hu.andersen.com\/hu\/hirek\/ev-vegi-transzferar-kiigazitasok-2026\/","url":"https:\/\/hu.andersen.com\/hu\/hirek\/ev-vegi-transzferar-kiigazitasok-2026\/","name":"F\u00f3kuszban az \u00e9v v\u00e9gi transzfer\u00e1r-kiigaz\u00edt\u00e1sok","isPartOf":{"@id":"https:\/\/hu.andersen.com\/#website"},"primaryImageOfPage":{"@id":"https:\/\/hu.andersen.com\/hu\/hirek\/ev-vegi-transzferar-kiigazitasok-2026\/#primaryimage"},"image":{"@id":"https:\/\/hu.andersen.com\/hu\/hirek\/ev-vegi-transzferar-kiigazitasok-2026\/#primaryimage"},"thumbnailUrl":"https:\/\/hu.andersen.com\/wp-content\/uploads\/2025\/12\/ev-vegi-transzferar-kiigazitasok-andersen.jpg","datePublished":"2025-12-10T11:25:53+00:00","dateModified":"2025-12-10T11:53:36+00:00","author":{"@id":"https:\/\/hu.andersen.com\/#\/schema\/person\/57a8b81638277dac3324887812032990"},"description":"Az \u00fczleti \u00e9vz\u00e1r\u00e1skor a legfontosabb ad\u00f3z\u00e1si teend\u0151k egyike a csoporton bel\u00fcli tagv\u00e1llalatok k\u00f6z\u00f6tt alkalmazott transzfer\u00e1rak fel\u00fclvizsg\u00e1lata.","breadcrumb":{"@id":"https:\/\/hu.andersen.com\/hu\/hirek\/ev-vegi-transzferar-kiigazitasok-2026\/#breadcrumb"},"inLanguage":"hu","potentialAction":[{"@type":"ReadAction","target":["https:\/\/hu.andersen.com\/hu\/hirek\/ev-vegi-transzferar-kiigazitasok-2026\/"]}]},{"@type":"ImageObject","inLanguage":"hu","@id":"https:\/\/hu.andersen.com\/hu\/hirek\/ev-vegi-transzferar-kiigazitasok-2026\/#primaryimage","url":"https:\/\/hu.andersen.com\/wp-content\/uploads\/2025\/12\/ev-vegi-transzferar-kiigazitasok-andersen.jpg","contentUrl":"https:\/\/hu.andersen.com\/wp-content\/uploads\/2025\/12\/ev-vegi-transzferar-kiigazitasok-andersen.jpg","width":1640,"height":780,"caption":"F\u00f3kuszban az \u00e9v v\u00e9gi transzfer\u00e1r-kiigaz\u00edt\u00e1sok"},{"@type":"BreadcrumbList","@id":"https:\/\/hu.andersen.com\/hu\/hirek\/ev-vegi-transzferar-kiigazitasok-2026\/#breadcrumb","itemListElement":[{"@type":"ListItem","position":1,"name":"Kezd\u0151lap","item":"https:\/\/hu.andersen.com\/hu\/"},{"@type":"ListItem","position":2,"name":"F\u00f3kuszban az \u00e9v v\u00e9gi transzfer\u00e1r-kiigaz\u00edt\u00e1sok"}]},{"@type":"WebSite","@id":"https:\/\/hu.andersen.com\/#website","url":"https:\/\/hu.andersen.com\/","name":"Andersen In Hungary","description":"Ad\u00f3tan\u00e1csad\u00e1s \u00e9s jogi tan\u00e1csad\u00e1s","potentialAction":[{"@type":"SearchAction","target":{"@type":"EntryPoint","urlTemplate":"https:\/\/hu.andersen.com\/?s={search_term_string}"},"query-input":{"@type":"PropertyValueSpecification","valueRequired":true,"valueName":"search_term_string"}}],"inLanguage":"hu"},{"@type":"Person","@id":"https:\/\/hu.andersen.com\/#\/schema\/person\/57a8b81638277dac3324887812032990","name":"G\u00f6tz Attila","image":{"@type":"ImageObject","inLanguage":"hu","@id":"https:\/\/secure.gravatar.com\/avatar\/2d4fd031a22fa340d80ae6058bee0ef10aa643338dbc8f7650a08f79a37958b7?s=96&d=mm&r=g","url":"https:\/\/secure.gravatar.com\/avatar\/2d4fd031a22fa340d80ae6058bee0ef10aa643338dbc8f7650a08f79a37958b7?s=96&d=mm&r=g","contentUrl":"https:\/\/secure.gravatar.com\/avatar\/2d4fd031a22fa340d80ae6058bee0ef10aa643338dbc8f7650a08f79a37958b7?s=96&d=mm&r=g","caption":"G\u00f6tz Attila"},"sameAs":["https:\/\/hu.andersen.com"],"url":"https:\/\/hu.andersen.com\/hu\/author\/agotz\/"}]}},"_links":{"self":[{"href":"https:\/\/hu.andersen.com\/hu\/wp-json\/wp\/v2\/posts\/14728","targetHints":{"allow":["GET"]}}],"collection":[{"href":"https:\/\/hu.andersen.com\/hu\/wp-json\/wp\/v2\/posts"}],"about":[{"href":"https:\/\/hu.andersen.com\/hu\/wp-json\/wp\/v2\/types\/post"}],"author":[{"embeddable":true,"href":"https:\/\/hu.andersen.com\/hu\/wp-json\/wp\/v2\/users\/1028"}],"replies":[{"embeddable":true,"href":"https:\/\/hu.andersen.com\/hu\/wp-json\/wp\/v2\/comments?post=14728"}],"version-history":[{"count":2,"href":"https:\/\/hu.andersen.com\/hu\/wp-json\/wp\/v2\/posts\/14728\/revisions"}],"predecessor-version":[{"id":14733,"href":"https:\/\/hu.andersen.com\/hu\/wp-json\/wp\/v2\/posts\/14728\/revisions\/14733"}],"wp:featuredmedia":[{"embeddable":true,"href":"https:\/\/hu.andersen.com\/hu\/wp-json\/wp\/v2\/media\/14729"}],"wp:attachment":[{"href":"https:\/\/hu.andersen.com\/hu\/wp-json\/wp\/v2\/media?parent=14728"}],"wp:term":[{"taxonomy":"category","embeddable":true,"href":"https:\/\/hu.andersen.com\/hu\/wp-json\/wp\/v2\/categories?post=14728"},{"taxonomy":"post_tag","embeddable":true,"href":"https:\/\/hu.andersen.com\/hu\/wp-json\/wp\/v2\/tags?post=14728"}],"curies":[{"name":"wp","href":"https:\/\/api.w.org\/{rel}","templated":true}]}}