{"id":14734,"date":"2025-12-11T11:44:59","date_gmt":"2025-12-11T10:44:59","guid":{"rendered":"https:\/\/hu.andersen.com\/?p=14734"},"modified":"2025-12-11T11:45:01","modified_gmt":"2025-12-11T10:45:01","slug":"filmtorveny-modositas-fel-even-belul-indulnia-kell-a-forgatasnak","status":"publish","type":"post","link":"https:\/\/hu.andersen.com\/hu\/hirek\/filmtorveny-modositas-fel-even-belul-indulnia-kell-a-forgatasnak\/","title":{"rendered":"Filmt\u00f6rv\u00e9ny-m\u00f3dos\u00edt\u00e1s: f\u00e9l \u00e9ven bel\u00fcl indulnia kell a forgat\u00e1snak"},"content":{"rendered":"\n<p><strong>2025. december 10-\u00e9n a parlament megszavazott egy filmt\u00f6rv\u00e9nyt \u00e9rint\u0151 m\u00f3dos\u00edt\u00e1st, amelynek \u00e9rtelm\u00e9ben a t\u00e1mogat\u00e1sra val\u00f3 jogosults\u00e1got meg\u00e1llap\u00edt\u00f3 hat\u00e1rozat k\u00f6zl\u00e9s\u00e9t\u0151l sz\u00e1m\u00edtott 6 h\u00f3napon bel\u00fcl meg kell kezdeni a forgat\u00e1st, ellenkez\u0151 esetben a Nemzeti Filmiroda jogosult a hat\u00e1rozatot m\u00f3dos\u00edtani vagy visszavonni. Tov\u00e1bb\u00e1, ha a hat\u00e1rozathozatalt\u00f3l sz\u00e1m\u00edtott 12 h\u00f3napon bel\u00fcl nem t\u00f6rt\u00e9nik meg a forgat\u00e1s megkezd\u00e9se, akkor a hat\u00e1rozatot egy ellen\u0151rz\u00e9si elj\u00e1r\u00e1s keret\u00e9ben visszavonj\u00e1k.<\/strong><\/p>\n\n\n\n<p>Az \u00faj szab\u00e1lyt m\u00e1r a 2026. janu\u00e1r 1-j\u00e9n folyamatban l\u00e9v\u0151 elj\u00e1r\u00e1sokra is alkalmazni kell, vagyis a Nemzeti Filmiroda v\u00e1rhat\u00f3an nyilatkozatt\u00e9telre fogja felsz\u00f3l\u00edtani mindazokat a k\u00e9relmez\u0151ket, akik a k\u00e9relm\u00fcket a 2025. j\u00fanius 6-\u00e1n kihirdetett korm\u00e1nyrendelet miatti felf\u00fcggeszt\u00e9s \u00f3ta ny\u00fajtott\u00e1k be.<\/p>\n\n\n\n<h2 class=\"wp-block-heading has-text-color has-link-color has-medium-font-size wp-elements-ce2ba187a12a95f12a994762f6023452\" id=\"h-a-modositas-hatasa-a-filmes-tamogatasi-rendszerre\" style=\"color:#760f0f\"><strong>A m\u00f3dos\u00edt\u00e1s hat\u00e1sa a filmes t\u00e1mogat\u00e1si rendszerre<\/strong><\/h2>\n\n\n\n<p>A m\u00f3dos\u00edt\u00e1s annyiban megnyugtat\u00f3, hogy a jogalkot\u00f3 r\u00e9sz\u00e9r\u0151l, \u00fagy t\u0171nik, egyel\u0151re nincs sz\u00e1nd\u00e9k arra, hogy \u00e9rdemben v\u00e1ltoztassanak a k\u00f6zvetett t\u00e1mogat\u00e1s felt\u00e9telein \u00e9s m\u00e9rt\u00e9k\u00e9n. A l\u00e9p\u00e9s els\u0151sorban a tervezhet\u0151s\u00e9get seg\u00edti el\u0151 azzal, hogy pontosabban fogja l\u00e1tni a <a href=\"https:\/\/www.nemzetifilmiroda.hu\/\">Nemzeti Filmiroda<\/a> az adott \u00e9vben t\u00e9nylegesen indul\u00f3 filmes produkci\u00f3kat, tov\u00e1bb\u00e1, hogy id\u0151r\u0151l-id\u0151re kisz\u0171rje a t\u00e1mogat\u00e1si rendszerb\u0151l a bizonytalan \u00e9s v\u00e9g\u00fcl meg nem val\u00f3sul\u00f3 projekteket.<\/p>\n\n\n\n<h2 class=\"wp-block-heading has-text-color has-link-color has-medium-font-size wp-elements-eb5c8fa5358fa7a9730ae752772baffa\" id=\"h-a-filmes-tamogatasa-kerelem-benyujtasanak-idozitese\" style=\"color:#760f0f\"><strong>A filmes t\u00e1mogat\u00e1sa k\u00e9relem beny\u00fajt\u00e1s\u00e1nak id\u0151z\u00edt\u00e9se<\/strong><\/h2>\n\n\n\n<p>A fenti v\u00e1ltoz\u00e1sra, valamint arra tekintettel, hogy a Nemzeti Filmiroda a t\u00e1mogat\u00e1sra val\u00f3 jogosults\u00e1g meg\u00e1llap\u00edt\u00e1s\u00e1ra ir\u00e1nyul\u00f3 k\u00e9relmeket be\u00e9rkez\u00e9si sorrendben b\u00edr\u00e1lja el, k\u00fcl\u00f6n\u00f6s odafigyel\u00e9st ig\u00e9nyel a k\u00e9relem beny\u00fajt\u00e1s\u00e1nak id\u0151z\u00edt\u00e9se. A helyzetet tov\u00e1bb \u00e1rnyalja, hogy jelen pillanatban m\u00e9g mindig nagy a bizonytalans\u00e1g abban a tekintetben, hogy 2026-ra vonatkoz\u00f3an is meghat\u00e1roznak-e valamilyen \u00f6sszegszer\u0171 korl\u00e1toz\u00e1st a nyilv\u00e1ntart\u00e1sba vehet\u0151 produkci\u00f3k sz\u00e1m\u00e1t \u00e9s elsz\u00e1molt k\u00f6lts\u00e9g\u00e9t illet\u0151en.<\/p>\n\n\n\n<p><em>Az Andersenn\u00e9l folyamatosan nyomon k\u00f6vetj\u00fck a mozg\u00f3k\u00e9pr\u0151l sz\u00f3l\u00f3 t\u00f6rv\u00e9nyt, valamint a kapcsol\u00f3d\u00f3 korm\u00e1nyrendeletet \u00e9s h\u00edrt adunk a v\u00e1ltoz\u00e1sokr\u00f3l. A t\u00e9m\u00e1ban k\u00f6z\u00f6lt kor\u00e1bbi \u00edr\u00e1saink:<\/em><\/p>\n\n\n\n<p>2025.08.08. &#8211; <a href=\"https:\/\/hu.andersen.com\/news\/government-decree-regulating-new-film-registration-still-on-hold\/\">Government decree regulating new film registration process is still on hold<\/a><\/p>\n\n\n\n<p>2025.07.21. &#8211; <a href=\"https:\/\/hu.andersen.com\/news\/film-registrations-are-reopened-but-process-takes-longer\/\">Film registrations are reopened, but process takes longer<\/a><\/p>\n\n\n\n<p>2025.06.16. &#8211; <a href=\"https:\/\/hu.andersen.com\/news\/hungarian-film-funding-rises-81-billion-2025\/\">Hungarian film funding rises to HUF 81 billion in 2025<\/a><\/p>\n","protected":false},"excerpt":{"rendered":"<p>Ha ez nem t\u00f6rt\u00e9nik meg, a Nemzeti Filmiroda m\u00f3dos\u00edthatja vagy vissza is vonhatja a jogosults\u00e1got meg\u00e1llap\u00edt\u00f3 hat\u00e1rozatot.<\/p>\n","protected":false},"author":1028,"featured_media":14735,"comment_status":"closed","ping_status":"closed","sticky":false,"template":"","format":"standard","meta":{"_acf_changed":false,"_genesis_hide_title":false,"_genesis_hide_breadcrumbs":false,"_genesis_hide_singular_image":false,"_genesis_hide_footer_widgets":false,"_genesis_custom_body_class":"","_genesis_custom_post_class":"","_genesis_layout":"","footnotes":""},"categories":[38],"tags":[41],"class_list":{"0":"post-14734","1":"post","2":"type-post","3":"status-publish","4":"format-standard","5":"has-post-thumbnail","7":"category-hirek","8":"tag-slider-2","9":"entry"},"acf":[],"featured_image_src":"https:\/\/hu.andersen.com\/wp-content\/uploads\/2025\/12\/filmtorveny-modositas-ev-vege-2026.jpg","author_info":{"display_name":"G\u00f6tz Attila","author_link":"https:\/\/hu.andersen.com\/hu\/author\/agotz\/"},"yoast_head":"<!-- This site is optimized with the Yoast SEO Premium plugin v27.4 (Yoast SEO v27.4) - https:\/\/yoast.com\/product\/yoast-seo-premium-wordpress\/ -->\n<title>Filmt\u00f6rv\u00e9ny-m\u00f3dos\u00edt\u00e1s: f\u00e9l \u00e9ven bel\u00fcl indulnia kell a forgat\u00e1snak<\/title>\n<meta name=\"description\" content=\"Ha ez nem t\u00f6rt\u00e9nik meg, a Nemzeti Filmiroda m\u00f3dos\u00edthatja vagy vissza is vonhatja a jogosults\u00e1got meg\u00e1llap\u00edt\u00f3 hat\u00e1rozatot.\" \/>\n<meta name=\"robots\" content=\"index, follow, max-snippet:-1, max-image-preview:large, max-video-preview:-1\" \/>\n<link rel=\"canonical\" href=\"https:\/\/hu.andersen.com\/hu\/hirek\/filmtorveny-modositas-fel-even-belul-indulnia-kell-a-forgatasnak\/\" \/>\n<meta property=\"og:locale\" content=\"hu_HU\" \/>\n<meta property=\"og:type\" content=\"article\" \/>\n<meta property=\"og:title\" content=\"Filmt\u00f6rv\u00e9ny-m\u00f3dos\u00edt\u00e1s: f\u00e9l \u00e9ven bel\u00fcl indulnia kell a forgat\u00e1snak\" \/>\n<meta property=\"og:description\" content=\"Ha ez nem t\u00f6rt\u00e9nik meg, a Nemzeti Filmiroda m\u00f3dos\u00edthatja vagy vissza is vonhatja a jogosults\u00e1got meg\u00e1llap\u00edt\u00f3 hat\u00e1rozatot.\" \/>\n<meta property=\"og:url\" content=\"https:\/\/hu.andersen.com\/hu\/hirek\/filmtorveny-modositas-fel-even-belul-indulnia-kell-a-forgatasnak\/\" \/>\n<meta property=\"og:site_name\" content=\"Andersen Magyarorsz\u00e1g\" \/>\n<meta property=\"article:published_time\" content=\"2025-12-11T10:44:59+00:00\" \/>\n<meta property=\"article:modified_time\" content=\"2025-12-11T10:45:01+00:00\" \/>\n<meta property=\"og:image\" content=\"https:\/\/hu.andersen.com\/wp-content\/uploads\/2025\/12\/filmtorveny-modositas-ev-vege-2026.jpg\" \/>\n\t<meta property=\"og:image:width\" content=\"1640\" \/>\n\t<meta property=\"og:image:height\" content=\"780\" \/>\n\t<meta property=\"og:image:type\" content=\"image\/jpeg\" \/>\n<meta name=\"author\" content=\"G\u00f6tz Attila\" \/>\n<meta name=\"twitter:card\" content=\"summary_large_image\" \/>\n<meta name=\"twitter:label1\" content=\"Szerz\u0151:\" \/>\n\t<meta name=\"twitter:data1\" content=\"G\u00f6tz Attila\" \/>\n\t<meta name=\"twitter:label2\" content=\"Becs\u00fclt olvas\u00e1si id\u0151\" \/>\n\t<meta name=\"twitter:data2\" content=\"2 perc\" \/>\n<script type=\"application\/ld+json\" class=\"yoast-schema-graph\">{\"@context\":\"https:\\\/\\\/schema.org\",\"@graph\":[{\"@type\":\"Article\",\"@id\":\"https:\\\/\\\/hu.andersen.com\\\/hu\\\/hirek\\\/filmtorveny-modositas-fel-even-belul-indulnia-kell-a-forgatasnak\\\/#article\",\"isPartOf\":{\"@id\":\"https:\\\/\\\/hu.andersen.com\\\/hu\\\/hirek\\\/filmtorveny-modositas-fel-even-belul-indulnia-kell-a-forgatasnak\\\/\"},\"author\":{\"name\":\"G\u00f6tz Attila\",\"@id\":\"https:\\\/\\\/hu.andersen.com\\\/#\\\/schema\\\/person\\\/57a8b81638277dac3324887812032990\"},\"headline\":\"Filmt\u00f6rv\u00e9ny-m\u00f3dos\u00edt\u00e1s: f\u00e9l \u00e9ven bel\u00fcl indulnia kell a forgat\u00e1snak\",\"datePublished\":\"2025-12-11T10:44:59+00:00\",\"dateModified\":\"2025-12-11T10:45:01+00:00\",\"mainEntityOfPage\":{\"@id\":\"https:\\\/\\\/hu.andersen.com\\\/hu\\\/hirek\\\/filmtorveny-modositas-fel-even-belul-indulnia-kell-a-forgatasnak\\\/\"},\"wordCount\":481,\"image\":{\"@id\":\"https:\\\/\\\/hu.andersen.com\\\/hu\\\/hirek\\\/filmtorveny-modositas-fel-even-belul-indulnia-kell-a-forgatasnak\\\/#primaryimage\"},\"thumbnailUrl\":\"https:\\\/\\\/hu.andersen.com\\\/wp-content\\\/uploads\\\/2025\\\/12\\\/filmtorveny-modositas-ev-vege-2026.jpg\",\"keywords\":[\"slider\"],\"articleSection\":[\"H\u00edrek\"],\"inLanguage\":\"hu\"},{\"@type\":\"WebPage\",\"@id\":\"https:\\\/\\\/hu.andersen.com\\\/hu\\\/hirek\\\/filmtorveny-modositas-fel-even-belul-indulnia-kell-a-forgatasnak\\\/\",\"url\":\"https:\\\/\\\/hu.andersen.com\\\/hu\\\/hirek\\\/filmtorveny-modositas-fel-even-belul-indulnia-kell-a-forgatasnak\\\/\",\"name\":\"Filmt\u00f6rv\u00e9ny-m\u00f3dos\u00edt\u00e1s: f\u00e9l \u00e9ven bel\u00fcl indulnia kell a forgat\u00e1snak\",\"isPartOf\":{\"@id\":\"https:\\\/\\\/hu.andersen.com\\\/#website\"},\"primaryImageOfPage\":{\"@id\":\"https:\\\/\\\/hu.andersen.com\\\/hu\\\/hirek\\\/filmtorveny-modositas-fel-even-belul-indulnia-kell-a-forgatasnak\\\/#primaryimage\"},\"image\":{\"@id\":\"https:\\\/\\\/hu.andersen.com\\\/hu\\\/hirek\\\/filmtorveny-modositas-fel-even-belul-indulnia-kell-a-forgatasnak\\\/#primaryimage\"},\"thumbnailUrl\":\"https:\\\/\\\/hu.andersen.com\\\/wp-content\\\/uploads\\\/2025\\\/12\\\/filmtorveny-modositas-ev-vege-2026.jpg\",\"datePublished\":\"2025-12-11T10:44:59+00:00\",\"dateModified\":\"2025-12-11T10:45:01+00:00\",\"author\":{\"@id\":\"https:\\\/\\\/hu.andersen.com\\\/#\\\/schema\\\/person\\\/57a8b81638277dac3324887812032990\"},\"description\":\"Ha ez nem t\u00f6rt\u00e9nik meg, a Nemzeti Filmiroda m\u00f3dos\u00edthatja vagy vissza is vonhatja a jogosults\u00e1got meg\u00e1llap\u00edt\u00f3 hat\u00e1rozatot.\",\"breadcrumb\":{\"@id\":\"https:\\\/\\\/hu.andersen.com\\\/hu\\\/hirek\\\/filmtorveny-modositas-fel-even-belul-indulnia-kell-a-forgatasnak\\\/#breadcrumb\"},\"inLanguage\":\"hu\",\"potentialAction\":[{\"@type\":\"ReadAction\",\"target\":[\"https:\\\/\\\/hu.andersen.com\\\/hu\\\/hirek\\\/filmtorveny-modositas-fel-even-belul-indulnia-kell-a-forgatasnak\\\/\"]}]},{\"@type\":\"ImageObject\",\"inLanguage\":\"hu\",\"@id\":\"https:\\\/\\\/hu.andersen.com\\\/hu\\\/hirek\\\/filmtorveny-modositas-fel-even-belul-indulnia-kell-a-forgatasnak\\\/#primaryimage\",\"url\":\"https:\\\/\\\/hu.andersen.com\\\/wp-content\\\/uploads\\\/2025\\\/12\\\/filmtorveny-modositas-ev-vege-2026.jpg\",\"contentUrl\":\"https:\\\/\\\/hu.andersen.com\\\/wp-content\\\/uploads\\\/2025\\\/12\\\/filmtorveny-modositas-ev-vege-2026.jpg\",\"width\":1640,\"height\":780,\"caption\":\"Filmt\u00f6rv\u00e9ny-m\u00f3dos\u00edt\u00e1s: f\u00e9l \u00e9ven bel\u00fcl indulnia kell a forgat\u00e1snak\"},{\"@type\":\"BreadcrumbList\",\"@id\":\"https:\\\/\\\/hu.andersen.com\\\/hu\\\/hirek\\\/filmtorveny-modositas-fel-even-belul-indulnia-kell-a-forgatasnak\\\/#breadcrumb\",\"itemListElement\":[{\"@type\":\"ListItem\",\"position\":1,\"name\":\"Kezd\u0151lap\",\"item\":\"https:\\\/\\\/hu.andersen.com\\\/hu\\\/\"},{\"@type\":\"ListItem\",\"position\":2,\"name\":\"Filmt\u00f6rv\u00e9ny-m\u00f3dos\u00edt\u00e1s: f\u00e9l \u00e9ven bel\u00fcl indulnia kell a forgat\u00e1snak\"}]},{\"@type\":\"WebSite\",\"@id\":\"https:\\\/\\\/hu.andersen.com\\\/#website\",\"url\":\"https:\\\/\\\/hu.andersen.com\\\/\",\"name\":\"Andersen In Hungary\",\"description\":\"Ad\u00f3tan\u00e1csad\u00e1s \u00e9s jogi tan\u00e1csad\u00e1s\",\"potentialAction\":[{\"@type\":\"SearchAction\",\"target\":{\"@type\":\"EntryPoint\",\"urlTemplate\":\"https:\\\/\\\/hu.andersen.com\\\/?s={search_term_string}\"},\"query-input\":{\"@type\":\"PropertyValueSpecification\",\"valueRequired\":true,\"valueName\":\"search_term_string\"}}],\"inLanguage\":\"hu\"},{\"@type\":\"Person\",\"@id\":\"https:\\\/\\\/hu.andersen.com\\\/#\\\/schema\\\/person\\\/57a8b81638277dac3324887812032990\",\"name\":\"G\u00f6tz Attila\",\"image\":{\"@type\":\"ImageObject\",\"inLanguage\":\"hu\",\"@id\":\"https:\\\/\\\/secure.gravatar.com\\\/avatar\\\/2d4fd031a22fa340d80ae6058bee0ef10aa643338dbc8f7650a08f79a37958b7?s=96&d=mm&r=g\",\"url\":\"https:\\\/\\\/secure.gravatar.com\\\/avatar\\\/2d4fd031a22fa340d80ae6058bee0ef10aa643338dbc8f7650a08f79a37958b7?s=96&d=mm&r=g\",\"contentUrl\":\"https:\\\/\\\/secure.gravatar.com\\\/avatar\\\/2d4fd031a22fa340d80ae6058bee0ef10aa643338dbc8f7650a08f79a37958b7?s=96&d=mm&r=g\",\"caption\":\"G\u00f6tz Attila\"},\"sameAs\":[\"https:\\\/\\\/hu.andersen.com\"],\"url\":\"https:\\\/\\\/hu.andersen.com\\\/hu\\\/author\\\/agotz\\\/\"}]}<\/script>\n<!-- \/ Yoast SEO Premium plugin. -->","yoast_head_json":{"title":"Filmt\u00f6rv\u00e9ny-m\u00f3dos\u00edt\u00e1s: f\u00e9l \u00e9ven bel\u00fcl indulnia kell a forgat\u00e1snak","description":"Ha ez nem t\u00f6rt\u00e9nik meg, a Nemzeti Filmiroda m\u00f3dos\u00edthatja vagy vissza is vonhatja a jogosults\u00e1got meg\u00e1llap\u00edt\u00f3 hat\u00e1rozatot.","robots":{"index":"index","follow":"follow","max-snippet":"max-snippet:-1","max-image-preview":"max-image-preview:large","max-video-preview":"max-video-preview:-1"},"canonical":"https:\/\/hu.andersen.com\/hu\/hirek\/filmtorveny-modositas-fel-even-belul-indulnia-kell-a-forgatasnak\/","og_locale":"hu_HU","og_type":"article","og_title":"Filmt\u00f6rv\u00e9ny-m\u00f3dos\u00edt\u00e1s: f\u00e9l \u00e9ven bel\u00fcl indulnia kell a forgat\u00e1snak","og_description":"Ha ez nem t\u00f6rt\u00e9nik meg, a Nemzeti Filmiroda m\u00f3dos\u00edthatja vagy vissza is vonhatja a jogosults\u00e1got meg\u00e1llap\u00edt\u00f3 hat\u00e1rozatot.","og_url":"https:\/\/hu.andersen.com\/hu\/hirek\/filmtorveny-modositas-fel-even-belul-indulnia-kell-a-forgatasnak\/","og_site_name":"Andersen Magyarorsz\u00e1g","article_published_time":"2025-12-11T10:44:59+00:00","article_modified_time":"2025-12-11T10:45:01+00:00","og_image":[{"width":1640,"height":780,"url":"https:\/\/hu.andersen.com\/wp-content\/uploads\/2025\/12\/filmtorveny-modositas-ev-vege-2026.jpg","type":"image\/jpeg"}],"author":"G\u00f6tz Attila","twitter_card":"summary_large_image","twitter_misc":{"Szerz\u0151:":"G\u00f6tz Attila","Becs\u00fclt olvas\u00e1si id\u0151":"2 perc"},"schema":{"@context":"https:\/\/schema.org","@graph":[{"@type":"Article","@id":"https:\/\/hu.andersen.com\/hu\/hirek\/filmtorveny-modositas-fel-even-belul-indulnia-kell-a-forgatasnak\/#article","isPartOf":{"@id":"https:\/\/hu.andersen.com\/hu\/hirek\/filmtorveny-modositas-fel-even-belul-indulnia-kell-a-forgatasnak\/"},"author":{"name":"G\u00f6tz Attila","@id":"https:\/\/hu.andersen.com\/#\/schema\/person\/57a8b81638277dac3324887812032990"},"headline":"Filmt\u00f6rv\u00e9ny-m\u00f3dos\u00edt\u00e1s: f\u00e9l \u00e9ven bel\u00fcl indulnia kell a forgat\u00e1snak","datePublished":"2025-12-11T10:44:59+00:00","dateModified":"2025-12-11T10:45:01+00:00","mainEntityOfPage":{"@id":"https:\/\/hu.andersen.com\/hu\/hirek\/filmtorveny-modositas-fel-even-belul-indulnia-kell-a-forgatasnak\/"},"wordCount":481,"image":{"@id":"https:\/\/hu.andersen.com\/hu\/hirek\/filmtorveny-modositas-fel-even-belul-indulnia-kell-a-forgatasnak\/#primaryimage"},"thumbnailUrl":"https:\/\/hu.andersen.com\/wp-content\/uploads\/2025\/12\/filmtorveny-modositas-ev-vege-2026.jpg","keywords":["slider"],"articleSection":["H\u00edrek"],"inLanguage":"hu"},{"@type":"WebPage","@id":"https:\/\/hu.andersen.com\/hu\/hirek\/filmtorveny-modositas-fel-even-belul-indulnia-kell-a-forgatasnak\/","url":"https:\/\/hu.andersen.com\/hu\/hirek\/filmtorveny-modositas-fel-even-belul-indulnia-kell-a-forgatasnak\/","name":"Filmt\u00f6rv\u00e9ny-m\u00f3dos\u00edt\u00e1s: f\u00e9l \u00e9ven bel\u00fcl indulnia kell a forgat\u00e1snak","isPartOf":{"@id":"https:\/\/hu.andersen.com\/#website"},"primaryImageOfPage":{"@id":"https:\/\/hu.andersen.com\/hu\/hirek\/filmtorveny-modositas-fel-even-belul-indulnia-kell-a-forgatasnak\/#primaryimage"},"image":{"@id":"https:\/\/hu.andersen.com\/hu\/hirek\/filmtorveny-modositas-fel-even-belul-indulnia-kell-a-forgatasnak\/#primaryimage"},"thumbnailUrl":"https:\/\/hu.andersen.com\/wp-content\/uploads\/2025\/12\/filmtorveny-modositas-ev-vege-2026.jpg","datePublished":"2025-12-11T10:44:59+00:00","dateModified":"2025-12-11T10:45:01+00:00","author":{"@id":"https:\/\/hu.andersen.com\/#\/schema\/person\/57a8b81638277dac3324887812032990"},"description":"Ha ez nem t\u00f6rt\u00e9nik meg, a Nemzeti Filmiroda m\u00f3dos\u00edthatja vagy vissza is vonhatja a jogosults\u00e1got meg\u00e1llap\u00edt\u00f3 hat\u00e1rozatot.","breadcrumb":{"@id":"https:\/\/hu.andersen.com\/hu\/hirek\/filmtorveny-modositas-fel-even-belul-indulnia-kell-a-forgatasnak\/#breadcrumb"},"inLanguage":"hu","potentialAction":[{"@type":"ReadAction","target":["https:\/\/hu.andersen.com\/hu\/hirek\/filmtorveny-modositas-fel-even-belul-indulnia-kell-a-forgatasnak\/"]}]},{"@type":"ImageObject","inLanguage":"hu","@id":"https:\/\/hu.andersen.com\/hu\/hirek\/filmtorveny-modositas-fel-even-belul-indulnia-kell-a-forgatasnak\/#primaryimage","url":"https:\/\/hu.andersen.com\/wp-content\/uploads\/2025\/12\/filmtorveny-modositas-ev-vege-2026.jpg","contentUrl":"https:\/\/hu.andersen.com\/wp-content\/uploads\/2025\/12\/filmtorveny-modositas-ev-vege-2026.jpg","width":1640,"height":780,"caption":"Filmt\u00f6rv\u00e9ny-m\u00f3dos\u00edt\u00e1s: f\u00e9l \u00e9ven bel\u00fcl indulnia kell a forgat\u00e1snak"},{"@type":"BreadcrumbList","@id":"https:\/\/hu.andersen.com\/hu\/hirek\/filmtorveny-modositas-fel-even-belul-indulnia-kell-a-forgatasnak\/#breadcrumb","itemListElement":[{"@type":"ListItem","position":1,"name":"Kezd\u0151lap","item":"https:\/\/hu.andersen.com\/hu\/"},{"@type":"ListItem","position":2,"name":"Filmt\u00f6rv\u00e9ny-m\u00f3dos\u00edt\u00e1s: f\u00e9l \u00e9ven bel\u00fcl indulnia kell a forgat\u00e1snak"}]},{"@type":"WebSite","@id":"https:\/\/hu.andersen.com\/#website","url":"https:\/\/hu.andersen.com\/","name":"Andersen In Hungary","description":"Ad\u00f3tan\u00e1csad\u00e1s \u00e9s jogi tan\u00e1csad\u00e1s","potentialAction":[{"@type":"SearchAction","target":{"@type":"EntryPoint","urlTemplate":"https:\/\/hu.andersen.com\/?s={search_term_string}"},"query-input":{"@type":"PropertyValueSpecification","valueRequired":true,"valueName":"search_term_string"}}],"inLanguage":"hu"},{"@type":"Person","@id":"https:\/\/hu.andersen.com\/#\/schema\/person\/57a8b81638277dac3324887812032990","name":"G\u00f6tz Attila","image":{"@type":"ImageObject","inLanguage":"hu","@id":"https:\/\/secure.gravatar.com\/avatar\/2d4fd031a22fa340d80ae6058bee0ef10aa643338dbc8f7650a08f79a37958b7?s=96&d=mm&r=g","url":"https:\/\/secure.gravatar.com\/avatar\/2d4fd031a22fa340d80ae6058bee0ef10aa643338dbc8f7650a08f79a37958b7?s=96&d=mm&r=g","contentUrl":"https:\/\/secure.gravatar.com\/avatar\/2d4fd031a22fa340d80ae6058bee0ef10aa643338dbc8f7650a08f79a37958b7?s=96&d=mm&r=g","caption":"G\u00f6tz Attila"},"sameAs":["https:\/\/hu.andersen.com"],"url":"https:\/\/hu.andersen.com\/hu\/author\/agotz\/"}]}},"_links":{"self":[{"href":"https:\/\/hu.andersen.com\/hu\/wp-json\/wp\/v2\/posts\/14734","targetHints":{"allow":["GET"]}}],"collection":[{"href":"https:\/\/hu.andersen.com\/hu\/wp-json\/wp\/v2\/posts"}],"about":[{"href":"https:\/\/hu.andersen.com\/hu\/wp-json\/wp\/v2\/types\/post"}],"author":[{"embeddable":true,"href":"https:\/\/hu.andersen.com\/hu\/wp-json\/wp\/v2\/users\/1028"}],"replies":[{"embeddable":true,"href":"https:\/\/hu.andersen.com\/hu\/wp-json\/wp\/v2\/comments?post=14734"}],"version-history":[{"count":1,"href":"https:\/\/hu.andersen.com\/hu\/wp-json\/wp\/v2\/posts\/14734\/revisions"}],"predecessor-version":[{"id":14738,"href":"https:\/\/hu.andersen.com\/hu\/wp-json\/wp\/v2\/posts\/14734\/revisions\/14738"}],"wp:featuredmedia":[{"embeddable":true,"href":"https:\/\/hu.andersen.com\/hu\/wp-json\/wp\/v2\/media\/14735"}],"wp:attachment":[{"href":"https:\/\/hu.andersen.com\/hu\/wp-json\/wp\/v2\/media?parent=14734"}],"wp:term":[{"taxonomy":"category","embeddable":true,"href":"https:\/\/hu.andersen.com\/hu\/wp-json\/wp\/v2\/categories?post=14734"},{"taxonomy":"post_tag","embeddable":true,"href":"https:\/\/hu.andersen.com\/hu\/wp-json\/wp\/v2\/tags?post=14734"}],"curies":[{"name":"wp","href":"https:\/\/api.w.org\/{rel}","templated":true}]}}