{"id":15410,"date":"2026-04-30T11:37:58","date_gmt":"2026-04-30T09:37:58","guid":{"rendered":"https:\/\/hu.andersen.com\/?p=15410"},"modified":"2026-04-30T14:28:58","modified_gmt":"2026-04-30T12:28:58","slug":"afa-levonasi-jog-kmk-velemeny-kk-velemeny","status":"publish","type":"post","link":"https:\/\/hu.andersen.com\/hu\/hirek\/afa-levonasi-jog-kmk-velemeny-kk-velemeny\/","title":{"rendered":"\u00c1FA-levon\u00e1si jog: a KMK-v\u00e9lem\u00e9nyt\u0151l a KK v\u00e9lem\u00e9nyig"},"content":{"rendered":"\n<p><strong>Az \u00e1fa-levon\u00e1si jog az uni\u00f3s H\u00c9A-rendszer egyik alapelve, amely a gazdas\u00e1gi semlegess\u00e9g biztos\u00edt\u00e1s\u00e1t szolg\u00e1lja, ebb\u0151l k\u00f6vetkez\u0151en a levon\u00e1si jog f\u0151szab\u00e1ly szerint nem korl\u00e1tozhat\u00f3. Ugyanakkor az elm\u00falt m\u00e1sf\u00e9l \u00e9vtizedben az Eur\u00f3pai Uni\u00f3 B\u00edr\u00f3s\u00e1g\u00e1nak (EUB) \u00e9s a nemzeti b\u00edr\u00f3s\u00e1gok gyakorlat\u00e1ban az is fokozatosan kirajzol\u00f3dott, hogy e jog gyakorl\u00e1sa szoros \u00f6sszef\u00fcgg\u00e9sben \u00e1ll az \u00fcgyletek gazdas\u00e1gi realit\u00e1s\u00e1val \u00e9s a sz\u00e1mlabefogad\u00f3 magatart\u00e1s\u00e1val.<\/strong><\/p>\n\n\n\n<p><strong>A magyar b\u00edr\u00f3i gyakorlat ezen a ter\u00fcleten hossz\u00fa ideig egy saj\u00e1tos \u2013 r\u00e9szben uni\u00f3s, r\u00e9szben hazai fejl\u0151d\u00e9s eredm\u00e9nyek\u00e9nt kialakult \u2013 megk\u00f6zel\u00edt\u00e9st k\u00f6vetett, amelyet <a href=\"https:\/\/kuria-birosag.hu\/hu\/kollvel\/52016-ix26-kmk-velemeny\">a K\u00faria 5\/2016. (IX. 26.) KMK v\u00e9lem\u00e9nye<\/a> foglalt rendszerbe. A legf\u0151bb b\u00edr\u00f3i f\u00f3rum azonban a k\u00f6zelm\u00faltban \u2013 <a href=\"https:\/\/kuria-birosag.hu\/hu\/kollvel\/12025-xii-09-kk-velemeny-az-52016-ix-26-kmk-velemeny-felulvizsgalatarol\">az 1\/2025. (XII. 9.) KK v\u00e9lem\u00e9nnyel <\/a>\u2013 ezt az \u00e1ll\u00e1spontot \u00e9rdemben fel\u00fclvizsg\u00e1lta. Cikk\u00fcnkben ennek aprop\u00f3j\u00e1n \u00e1ttekint\u00e9st adunk az \u00e1fa-levon\u00e1si jog meg\u00edt\u00e9l\u00e9s\u00e9nek \u00e1talakul\u00e1s\u00e1r\u00f3l uni\u00f3s \u00e9s hazai kontextusban.<\/strong><\/p>\n\n\n\n<h2 class=\"wp-block-heading has-text-color has-link-color has-medium-font-size wp-elements-8356c29dd4fa5a584a0917ef90d040f7\" id=\"h-az-eub-itelkezesi-gyakorlatanak-kiindulopontjai-az-afa-levonasi-jog-tekinteteben-mahageben-david-es-toth-ugyek\" style=\"color:#ab0e1e\"><strong>Az EUB \u00edt\u00e9lkez\u00e9si gyakorlat\u00e1nak kiindul\u00f3pontjai az \u00e1fa-levon\u00e1si jog tekintet\u00e9ben: Mahag\u00e9ben, D\u00e1vid \u00e9s T\u00f3th \u00fcgyek<\/strong><\/h2>\n\n\n\n<p>A jelenlegi jog\u00e9rtelmez\u00e9si keret alapjait az EUB t\u00f6bb, magyar vonatkoz\u00e1s\u00fa \u00fcgyben rakta le. A Mahag\u00e9ben (C-80\/11) \u00e9s D\u00e1vid (C-142\/11) \u00fcgyekben a B\u00edr\u00f3s\u00e1g kimondta, hogy az ad\u00f3levon\u00e1si jog nem tagadhat\u00f3 meg automatikusan az\u00e9rt, mert az \u00fcgyleti l\u00e1nc egy m\u00e1sik szerepl\u0151je szab\u00e1lytalans\u00e1got k\u00f6vetett el. Az \u00e1fa-levon\u00e1si jog megtagad\u00e1s\u00e1nak felt\u00e9tele, hogy az ad\u00f3hat\u00f3s\u00e1g objekt\u00edv k\u00f6r\u00fclm\u00e9nyek alapj\u00e1n bizony\u00edtsa, az ad\u00f3z\u00f3 tudta vagy tudnia kellett volna, hogy ad\u00f3csal\u00e1sban vesz r\u00e9szt.<\/p>\n\n\n\n<p>A T\u00f3th-\u00fcgy (C-324\/11) tov\u00e1bb er\u0151s\u00edtette ezt az ir\u00e1nyt, hangs\u00falyozva, hogy az ad\u00f3z\u00f3t\u00f3l nem v\u00e1rhat\u00f3 el ar\u00e1nytalan m\u00e9rt\u00e9k\u0171 ellen\u0151rz\u00e9s a besz\u00e1ll\u00edt\u00f3i l\u00e1nc eg\u00e9sz\u00e9re vonatkoz\u00f3an. A gazdas\u00e1gi szerepl\u0151k nem k\u00f6telesek \u201ead\u00f3ellen\u0151ri\u201d szerepet bet\u00f6lteni, ugyanakkor az adott \u00fcgylet k\u00f6r\u00fclm\u00e9nyeihez igazod\u00f3 k\u00f6r\u00fcltekint\u00e9s elv\u00e1rhat\u00f3.<\/p>\n\n\n\n<p>E d\u00f6nt\u00e9sek kijel\u00f6lt\u00e9k azt az uni\u00f3s jogi standardot, amely szerint:<\/p>\n\n\n\n<ul class=\"wp-block-list\">\n<li>a bizony\u00edt\u00e1si teher els\u0151dlegesen az ad\u00f3hat\u00f3s\u00e1got terheli,<\/li>\n\n\n\n<li>a levon\u00e1si jog megtagad\u00e1sa kiv\u00e9teles,<\/li>\n\n\n\n<li>\u00e9s a d\u00f6nt\u0151 k\u00e9rd\u00e9s a sz\u00e1mlabefogad\u00f3 tudati viszonya.<\/li>\n<\/ul>\n\n\n\n<h2 class=\"wp-block-heading has-text-color has-link-color has-medium-font-size wp-elements-309df1361bcb845d55882255d4028a7b\" id=\"h-magyar-sajatossag-az-afa-levonasi-jog-eltero-hatosagi-es-biroi-megkozelitese\" style=\"color:#ab0e1e\"><strong>Magyar saj\u00e1toss\u00e1g: az \u00e1fa-levon\u00e1si jog elt\u00e9r\u0151 hat\u00f3s\u00e1gi \u00e9s b\u00edr\u00f3i megk\u00f6zel\u00edt\u00e9se<\/strong><\/h2>\n\n\n\n<p>A magyar joggyakorlat azonban hossz\u00fa ideig egy saj\u00e1tos p\u00e1ly\u00e1t k\u00f6vetett. Mik\u00f6zben az EUB \u00edt\u00e9letei a tudati elemre helyezt\u00e9k a hangs\u00falyt, a hazai ad\u00f3hat\u00f3s\u00e1gi gyakorlat \u2013 \u00e9s r\u00e9szben a b\u00edr\u00f3i gyakorlat is \u2013 gyakran a teljes\u00edt\u00e9s objekt\u00edv bizony\u00edthat\u00f3s\u00e1g\u00e1t \u00e1ll\u00edtotta a k\u00f6z\u00e9ppontba.<\/p>\n\n\n\n<p>Ez a megk\u00f6zel\u00edt\u00e9s abban nyilv\u00e1nult meg, hogy az \u00e1fa-levon\u00e1si jog megtagad\u00e1s\u00e1ra sok esetben m\u00e1r akkor sor ker\u00fclt, amikor az \u00fcgylet teljes\u00edt\u00e9se k\u00f6r\u00fcl bizonytalans\u00e1g mer\u00fclt fel, f\u00fcggetlen\u00fcl att\u00f3l, hogy a sz\u00e1mlabefogad\u00f3 milyen magatart\u00e1st tan\u00fas\u00edtott.<\/p>\n\n\n\n<p>Fontos ugyanakkor hangs\u00falyozni, hogy ez a jelens\u00e9g nem volt kiz\u00e1r\u00f3lag magyar saj\u00e1toss\u00e1g: m\u00e1s tag\u00e1llamokban is megjelent hasonl\u00f3, a levon\u00e1si jogot szigor\u00fabban korl\u00e1toz\u00f3 gyakorlat, amelyet az EUB t\u00f6bb esetben korrig\u00e1lt (pl. Maks Pen, C-18\/13).<\/p>\n\n\n\n<h2 class=\"wp-block-heading has-text-color has-link-color has-medium-font-size wp-elements-acf01671a47a1e222b7bbcdd1868f595\" id=\"h-a-magyar-gyakorlat-kodifikalasa-az-5-2016-kmk-velemeny\" style=\"color:#ab0e1e\"><strong>A magyar gyakorlat \u201ekodifik\u00e1l\u00e1sa\u201d: az 5\/2016. KMK v\u00e9lem\u00e9ny<\/strong><\/h2>\n\n\n\n<p>Ebben a k\u00f6rnyezetben sz\u00fcletett meg a 5\/2016. KMK v\u00e9lem\u00e9ny, amely egys\u00e9ges keretbe foglalta a hazai \u00edt\u00e9lkez\u00e9si gyakorlatot. A KMK h\u00e1rom alaphelyzetet k\u00fcl\u00f6n\u00edtett el:<\/p>\n\n\n\n<ol start=\"1\" class=\"wp-block-list\">\n<li>a felek k\u00f6z\u00f6tt nem val\u00f3sult meg a gazdas\u00e1gi esem\u00e9ny,<\/li>\n\n\n\n<li>a sz\u00e1ml\u00e1n szerepl\u0151 gazdas\u00e1gi esem\u00e9ny megval\u00f3sult, de nem a sz\u00e1ml\u00e1n szerepl\u0151 felek k\u00f6z\u00f6tt,<\/li>\n\n\n\n<li>val\u00f3s \u00fcgylet a felek k\u00f6z\u00f6tt, de csal\u00e1s a l\u00e1ncban.<\/li>\n<\/ol>\n\n\n\n<p>A KMK megk\u00f6zel\u00edt\u00e9s\u00e9nek er\u0151ss\u00e9ge a struktur\u00e1lts\u00e1g volt, ugyanakkor tov\u00e1bbra is jelent\u0151s hangs\u00falyt helyezett a \u201etartalmilag hiteles sz\u00e1mla\u201d \u00e9s a teljes\u00edt\u00e9s bizony\u00edthat\u00f3s\u00e1ga k\u00e9rd\u00e9s\u00e9re. A tudati elem csak bizonyos esetekben kapott val\u00f3di jelent\u0151s\u00e9get.<\/p>\n\n\n\n<h2 class=\"wp-block-heading has-text-color has-link-color has-medium-font-size wp-elements-fe8e9e6b32ac3478c264f90dd138ee9c\" id=\"h-eub-visszacsatolas-ujabb-magyar-vonatkozasu-ugyek\" style=\"color:#ab0e1e\"><strong>EUB visszacsatol\u00e1s: \u00fajabb magyar vonatkoz\u00e1s\u00fa \u00fcgyek<\/strong><\/h2>\n\n\n\n<p>Az elm\u00falt \u00e9vekben az EUB t\u00f6bb tov\u00e1bbi magyar \u00fcgyben is meger\u0151s\u00edtette a kor\u00e1bbi elveket, \u00e9s finom\u00edtotta azok alkalmaz\u00e1s\u00e1t. Ilyen p\u00e9ld\u00e1ul a Crewprint-\u00fcgy, amely szint\u00e9n r\u00e1mutatott arra, hogy a levon\u00e1si jog megtagad\u00e1sa nem alapulhat puszt\u00e1n formai vagy m\u00e1s szerepl\u0151k oldal\u00e1n fenn\u00e1ll\u00f3 hi\u00e1nyoss\u00e1gokon.<\/p>\n\n\n\n<p>Ezek az \u00edt\u00e9letek egy ir\u00e1nyba mutattak: a hangs\u00faly a gazdas\u00e1gi realit\u00e1s \u00e9s a sz\u00e1mlabefogad\u00f3 magatart\u00e1s\u00e1nak vizsg\u00e1lat\u00e1ra helyez\u0151dik, nem pedig a teljes \u00fcgyleti l\u00e1nc \u201ehib\u00e1tlans\u00e1g\u00e1nak\u201d k\u00f6vetelm\u00e9ny\u00e9re.<\/p>\n\n\n\n<h2 class=\"wp-block-heading has-text-color has-link-color has-medium-font-size wp-elements-f9aed551deee88792b5800628d3ffb50\" id=\"h-fordulat-a-hazai-joggyakorlatban-az-1-2025-kk-velemeny\" style=\"color:#ab0e1e\"><strong>Fordulat a hazai joggyakorlatban: az 1\/2025. KK v\u00e9lem\u00e9ny<\/strong><\/h2>\n\n\n\n<p>E folyamat eredm\u00e9nyek\u00e9nt a K\u00faria az 1\/2025. (XII. 9.) KK v\u00e9lem\u00e9nyben fel\u00fclvizsg\u00e1lta kor\u00e1bbi \u00e1ll\u00e1spontj\u00e1t, \u00e9s egy\u00e9rtelm\u0171en az EUB \u00e1ltal kijel\u00f6lt ir\u00e1nyba mozdult el.<\/p>\n\n\n\n<p>Az \u00faj v\u00e9lem\u00e9ny alapj\u00e1n a levon\u00e1si jog meg\u00edt\u00e9l\u00e9se sor\u00e1n a sz\u00e1mlabefogad\u00f3 tudati viszonya \u00e9s gondoss\u00e1ga ker\u00fcl a k\u00f6z\u00e9ppontba. Ennek megfelel\u0151en a K\u00faria az ad\u00f3kij\u00e1tsz\u00e1st eredm\u00e9nyez\u0151 magatart\u00e1s tudatoss\u00e1g\u00e1nak cs\u00f6kken\u0151 szintje alapj\u00e1n \u00fajra\u00e9rtelmezte azokat a tipikus esetk\u00f6r\u00f6ket, amelyekben az \u00e1fa-levon\u00e1si jog megtagad\u00e1sa felmer\u00fcl:<\/p>\n\n\n\n<ol start=\"1\" class=\"wp-block-list\">\n<li>Sz\u00e1nd\u00e9kos akt\u00edv magatart\u00e1s \u2013 nem val\u00f3s gazdas\u00e1gi esem\u00e9nyr\u0151l ki\u00e1ll\u00edtott sz\u00e1mla<\/li>\n<\/ol>\n\n\n\n<p>Ha a sz\u00e1ml\u00e1ban szerepl\u0151 term\u00e9k\u00e9rt\u00e9kes\u00edt\u00e9s\/szolg\u00e1ltat\u00e1sny\u00fajt\u00e1s a val\u00f3s\u00e1gban nem t\u00f6rt\u00e9nt meg, a gazdas\u00e1gi esem\u00e9ny hi\u00e1ny\u00e1r\u00f3l a sz\u00e1ml\u00e1ban szerepl\u0151 felek tudom\u00e1ssal b\u00edrnak, szubjekt\u00edv tudatuk \u00e1tfogja annak nem val\u00f3s jelleg\u00e9t. Erre figyelemmel sz\u00fcks\u00e9gtelen \u00e9s \u00e9rtelmezhetetlen annak vizsg\u00e1lata, hogy a sz\u00e1mlabefogad\u00f3 tudott-e, illetve tudnia kellett volna az ad\u00f3kij\u00e1tsz\u00e1sr\u00f3l, ad\u00f3csal\u00e1sr\u00f3l.<\/p>\n\n\n\n<ol start=\"2\" class=\"wp-block-list\">\n<li>Sz\u00e1nd\u00e9kos akt\u00edv magatart\u00e1s \u2013 a rendeltet\u00e9sszer\u0171 joggyakorl\u00e1s k\u00f6vetelm\u00e9ny\u00e9nek megs\u00e9rt\u00e9se<\/li>\n<\/ol>\n\n\n\n<p>Az ad\u00f3kij\u00e1tsz\u00e1s sz\u00e1nd\u00e9kos magatart\u00e1ssal megval\u00f3sul\u00f3 esete az, amikor a felek az \u00fczleti-kereskedelmi kapcsolatukat, elj\u00e1r\u00e1sukat, \u00fcgyleteiket \u00e9s azok dokument\u00e1l\u00e1s\u00e1t olyan c\u00e9lnak rendelik al\u00e1, amely ellent\u00e9tes az \u00e1fa-szab\u00e1lyoz\u00e1s c\u00e9lj\u00e1val.<\/p>\n\n\n\n<p>Az ad\u00f3jogi felel\u0151ss\u00e9get az a tudatos, c\u00e9lzatos magatart\u00e1s bizony\u00edtotts\u00e1ga alapozza meg, hogy az \u00fcgylet megk\u00f6t\u00e9se, lebonyol\u00edt\u00e1sa, illetve a sz\u00e1ml\u00e1z\u00e1sa sor\u00e1n az ad\u00f3z\u00f3 felperes els\u0151dleges c\u00e9lja meg nem engedett (a szab\u00e1lyoz\u00e1s c\u00e9lj\u00e1val ellent\u00e9tes) ad\u00f3el\u0151ny megszerz\u00e9se volt.<\/p>\n\n\n\n<ol start=\"3\" class=\"wp-block-list\">\n<li>Tudatos passz\u00edv r\u00e9szv\u00e9tel \u2013 a m\u00e1s \u00e1ltal elk\u00f6vetett ad\u00f3kij\u00e1tsz\u00e1sr\u00f3l tudott<\/li>\n<\/ol>\n\n\n\n<p>A felperes ad\u00f3levon\u00e1si jog\u00e1nak megtagad\u00e1s\u00e1hoz a m\u00e1s \u00e1ltal elk\u00f6vetett ad\u00f3kij\u00e1tsz\u00e1sban val\u00f3 passz\u00edv r\u00e9szv\u00e9tel miatt k\u00e9t tudatoss\u00e1gi szint alapj\u00e1n van lehet\u0151s\u00e9g: az ad\u00f3kij\u00e1tsz\u00e1sban val\u00f3 tudatos passz\u00edv r\u00e9szv\u00e9tel \u00e9s az ad\u00f3kij\u00e1tsz\u00e1sban val\u00f3 gondatlan passz\u00edv r\u00e9szv\u00e9tel miatt.<\/p>\n\n\n\n<p>A sz\u00e1mlabefogad\u00f3 a m\u00e1s \u00e1ltal elk\u00f6vetett ad\u00f3kij\u00e1tsz\u00e1s tudatos, passz\u00edv r\u00e9sztvev\u0151j\u00e9nek akkor min\u0151s\u00fcl, ha olyan \u00fcgyletr\u0151l ki\u00e1ll\u00edtott sz\u00e1mla alapj\u00e1n k\u00edv\u00e1n ad\u00f3levon\u00e1si jogot gyakorolni, amely \u00fcgylet a sz\u00e1mlakibocs\u00e1t\u00f3, vagy a sz\u00e1ml\u00e1z\u00e1si l\u00e1ncban r\u00e9sztvev\u0151 ad\u00f3alany vissza\u00e9l\u00e9sszer\u0171 magatart\u00e1s\u00e1val \u00e9rintett, \u00e9s err\u0151l a felperes tudott.<\/p>\n\n\n\n<ol start=\"4\" class=\"wp-block-list\">\n<li>Gondatlan passz\u00edv r\u00e9szv\u00e9tel \u2013 a m\u00e1s \u00e1ltal elk\u00f6vetett ad\u00f3kij\u00e1tsz\u00e1sr\u00f3l tudhatott volna<\/li>\n<\/ol>\n\n\n\n<p>A sz\u00e1mlabefogad\u00f3 a m\u00e1s \u00e1ltal elk\u00f6vetett ad\u00f3kij\u00e1tsz\u00e1s gondatlan passz\u00edv r\u00e9sztvev\u0151j\u00e9nek akkor min\u0151s\u00fcl, ha a t\u0151le elv\u00e1rhat\u00f3 int\u00e9zked\u00e9sek megt\u00e9tele eset\u00e9n tudhatta (volna), hogy olyan \u00fcgyletr\u0151l ki\u00e1ll\u00edtott sz\u00e1mla alapj\u00e1n k\u00edv\u00e1n ad\u00f3levon\u00e1si jogot gyakorolni, amely \u00fcgylet a sz\u00e1mlakibocs\u00e1t\u00f3 vagy a sz\u00e1ml\u00e1z\u00e1si l\u00e1ncban r\u00e9sztvev\u0151 ad\u00f3alany vissza\u00e9l\u00e9sszer\u0171 magatart\u00e1s\u00e1val \u00e9rintett.<\/p>\n\n\n\n<p>A KK v\u00e9lem\u00e9ny v\u00e1rhat\u00f3an t\u00f6bb szempontb\u00f3l is jelent\u0151s hat\u00e1ssal lesz a gyakorlatra:<\/p>\n\n\n\n<ul class=\"wp-block-list\">\n<li>Egyr\u00e9szr\u0151l a NAV ellen\u0151rz\u00e9sek sor\u00e1n egy komplexebb \u00e9rt\u00e9kel\u00e9s v\u00e1lik meghat\u00e1roz\u00f3v\u00e1, \u00e9s az ad\u00f3hat\u00f3s\u00e1gnak az \u0151t terhel\u0151 t\u00e9ny\u00e1ll\u00e1s tiszt\u00e1z\u00e1si k\u00f6telezetts\u00e9g\u00e9nek teljes\u00edt\u00e9se sor\u00e1n nagyobb hangs\u00falyt kell fektetnie a k\u00f6r\u00fclm\u00e9nyek \u00f6sszess\u00e9g\u00e9nek bizony\u00edt\u00e1s\u00e1ra. Eszerint az ad\u00f3hat\u00f3s\u00e1g r\u00e9sz\u00e9r\u0151l nem elegend\u0151 a hi\u00e1nyoss\u00e1gok felt\u00e1r\u00e1sa, azokb\u00f3l okszer\u0171 k\u00f6vetkeztet\u00e9st is le kell vezetni az ad\u00f3z\u00f3 tudatoss\u00e1g\u00e1ra \u2013 az ad\u00f3kij\u00e1tsz\u00e1sban val\u00f3 akt\u00edv vagy passz\u00edv r\u00e9szv\u00e9tel\u00e9re \u2013 vonatkoz\u00f3an.<\/li>\n\n\n\n<li>Az ad\u00f3levon\u00e1si jog megtagad\u00e1s\u00e1t megalapoz\u00f3 esetk\u00f6r\u00f6kb\u0151l k\u00f6vetkezik az is, hogy a sz\u00e1mla vagy a l\u00e1nc egyes elemeinek hib\u00e1i \u00f6nmagukban nem vezethetnek automatikusan a levon\u00e1si jog elveszt\u00e9s\u00e9hez. Ahogyan a KK v\u00e9lem\u00e9ny azt is deklar\u00e1lja, hogy az ad\u00f3kij\u00e1tsz\u00e1s meg\u00e1llap\u00edt\u00e1s\u00e1nak csak lehets\u00e9ges, de nem kiz\u00e1r\u00f3lagos felt\u00e9tele a k\u00f6lts\u00e9gvet\u00e9si ad\u00f3kies\u00e9s.<\/li>\n\n\n\n<li>M\u00e1sr\u00e9szr\u0151l, az ad\u00f3z\u00f3i oldalon mindez azzal a gyakorlati k\u00f6vetkezm\u00e9nnyel j\u00e1r, hogy fel\u00e9rt\u00e9kel\u0151dik a proakt\u00edvan fel\u00e9p\u00edtett partnerkiv\u00e1laszt\u00e1s \u00e9s a dokument\u00e1lt k\u00f6r\u00fcltekint\u00e9s.<\/li>\n<\/ul>\n\n\n\n<h2 class=\"wp-block-heading has-text-color has-link-color has-medium-font-size wp-elements-7a608e8c1037890aef5fc4abe429a21f\" id=\"h-az-andersen-partnerproof-szolgaltatasanak-szerepe-a-korultekintes-igazolasaban\" style=\"color:#ab0e1e\"><strong>Az Andersen PartnerProof szolg\u00e1ltat\u00e1s\u00e1nak szerepe a k\u00f6r\u00fcltekint\u00e9s igazol\u00e1s\u00e1ban<\/strong><\/h2>\n\n\n\n<p>A K\u00faria \u00e1ltal a joggyakorlat egys\u00e9ges\u00edt\u00e9se c\u00e9lj\u00e1b\u00f3l kiadott KK v\u00e9lem\u00e9nyben foglalt ir\u00e1nymutat\u00e1sok alapj\u00e1n az ad\u00f3z\u00f3k sz\u00e1m\u00e1ra a legnagyobb kock\u00e1zatot nem \u00f6nmag\u00e1ban egy hib\u00e1s partner vagy egy probl\u00e9m\u00e1s \u00fcgylet jelenti, hanem az, ha nem tudj\u00e1k igazolni, hogy a sz\u00fcks\u00e9ges k\u00f6r\u00fcltekint\u00e9ssel j\u00e1rtak el. Ebben a megv\u00e1ltozott ad\u00f3jogi k\u00f6rnyezetben a partnerellen\u0151rz\u00e9s m\u00e1r nem puszt\u00e1n adminisztrat\u00edv l\u00e9p\u00e9s, hanem az ad\u00f3levon\u00e1si jog gyakorl\u00e1s\u00e1nak egyik kulcsfontoss\u00e1g\u00fa biztos\u00edt\u00e9ka.<\/p>\n\n\n\n<p>Ez k\u00fcl\u00f6n\u00f6sen az al\u00e1bbi helyzetekben v\u00e1lhat kritikuss\u00e1:<\/p>\n\n\n\n<ul class=\"wp-block-list\">\n<li>\u00faj \u00fczleti partner kiv\u00e1laszt\u00e1sakor,<\/li>\n\n\n\n<li>megl\u00e9v\u0151 partnerkapcsolatok fenntart\u00e1sa sor\u00e1n,<\/li>\n\n\n\n<li>gyan\u00fas vagy szokatlan k\u00f6r\u00fclm\u00e9nyek felmer\u00fcl\u00e9sekor,<\/li>\n\n\n\n<li>\u00f6sszetett, t\u00f6bb szerepl\u0151s \u00fcgyletek eset\u00e9n,<\/li>\n\n\n\n<li>valamint olyan gazdas\u00e1gi szektorokban t\u00f6rt\u00e9n\u0151 m\u0171k\u00f6d\u00e9s eset\u00e9n, amelyek az ad\u00f3hat\u00f3s\u00e1gi gyakorlat alapj\u00e1n fokozottan kitettek az \u00e1fa-csal\u00e1soknak, ahol az ad\u00f3z\u00f3t\u00f3l eleve magasabb szint\u0171 k\u00f6r\u00fcltekint\u00e9s v\u00e1rhat\u00f3 el.<\/li>\n<\/ul>\n\n\n\n<p>Az Andersen \u00e1ltal kialak\u00edtott \u00e1tvil\u00e1g\u00edt\u00e1si m\u00f3dszertan kifejezetten azt a c\u00e9lt szolg\u00e1lja, hogy a gazdas\u00e1gi szerepl\u0151k a KK v\u00e9lem\u00e9ny \u00e1ltal megk\u00f6vetelt gondoss\u00e1gi szintnek megfelel\u0151en, struktur\u00e1lt, dokument\u00e1lhat\u00f3 \u00e9s hat\u00f3s\u00e1g el\u0151tt is v\u00e9dhet\u0151 m\u00f3don v\u00e9gezhess\u00e9k el az ad\u00f3z\u00e1si szempont\u00fa partnerellen\u0151rz\u00e9seiket. <a href=\"https:\/\/hu.andersen.com\/hu\/adotanacsadas-szolgaltatas\/altalanos-forgalmi-ado\/partnerproof-partneratvilagitas-partnerellenorzes-andersen-szolgaltatas\/\">Ezt a m\u00f3dszertant a PartnerProof szolg\u00e1ltat\u00e1sunk keret\u00e9ben alkalmazzuk.<\/a><\/p>\n\n\n\n<p>A szolg\u00e1ltat\u00e1s l\u00e9nyege szerint:<\/p>\n\n\n\n<ul class=\"wp-block-list\">\n<li>A NAV meg\u00e1llap\u00edt\u00e1sai \u00e9s b\u00edr\u00f3s\u00e1gi esetek figyelembev\u00e9tel\u00e9vel objekt\u00edv szempontrendszert alak\u00edtottunk ki, amelyet finomhangoltunk azokra a speci\u00e1lis ad\u00f3kock\u00e1zati t\u00e9nyez\u0151kre, amelyek vizsg\u00e1lat\u00e1t a jogalkalmaz\u00f3i gyakorlat az \u00e1fa-levon\u00e1si jog gyakorl\u00e1s\u00e1nak t\u00e1rgyi felt\u00e9telek\u00e9nt az ad\u00f3kij\u00e1tsz\u00e1sban val\u00f3 r\u00e9szv\u00e9tel meg\u00e1llap\u00edthat\u00f3s\u00e1g\u00e1nak kiz\u00e1r\u00e1s\u00e1hoz megk\u00f6vetel.<\/li>\n\n\n\n<li>A fenti szempontrendszer ment\u00e9n hivatalos \u00e9s megb\u00edzhat\u00f3 adatforr\u00e1sok alapj\u00e1n elemezz\u00fck a leend\u0151 vagy megl\u00e9v\u0151 \u00fczleti partnerek m\u0171k\u00f6d\u00e9s\u00e9t \u00e9s ad\u00f3z\u00e1si st\u00e1tusz\u00e1t. Az ezek eredm\u00e9nyek\u00e9nt levont k\u00f6vetkeztet\u00e9sekr\u0151l r\u00e9szletes partnerellen\u0151rz\u00e9si riportot k\u00e9sz\u00edt\u00fcnk. Ez az ad\u00f3kock\u00e1zati elemz\u0151 riport a sz\u00e1mlabefogad\u00f3 ad\u00f3z\u00f3t terhel\u0151, kell\u0151en k\u00f6r\u00fcltekint\u0151 magatart\u00e1st igazol\u00f3 okirati bizony\u00edt\u00e9k. Ha az \u00e1tvil\u00e1g\u00edtott partnert\u0151l befogadott sz\u00e1ml\u00e1kra alap\u00edtottan gyakorolt ad\u00f3levon\u00e1si jog vitatott\u00e1 v\u00e1lik, ez a bizony\u00edt\u00e9k felhaszn\u00e1lhat\u00f3 az ad\u00f3hat\u00f3s\u00e1g el\u0151tt annak dokument\u00e1lis al\u00e1t\u00e1maszt\u00e1s\u00e1ra, hogy nem val\u00f3sult meg az ad\u00f3kij\u00e1tsz\u00e1sban val\u00f3 passz\u00edv r\u00e9szv\u00e9tel sem.<\/li>\n\n\n\n<li>Amellett, hogy az els\u0151 szerz\u0151d\u00e9sk\u00f6t\u00e9st megel\u0151z\u0151en sz\u00e9les k\u00f6r\u0171 \u00e1tvil\u00e1g\u00edt\u00e1st v\u00e9gz\u00fcnk, biztos\u00edtjuk a folyamatos (havi\/negyed\u00e9ves) monitoring lehet\u0151s\u00e9g\u00e9t is a megl\u00e9v\u0151 partnerkapcsolatok eset\u00e9ben.<\/li>\n<\/ul>\n\n\n\n<p>A szolg\u00e1ltat\u00e1sunk k\u00e9t szinten tudja t\u00e1mogatni az \u00fcgyfeleinket:<\/p>\n\n\n\n<ul class=\"wp-block-list\">\n<li>egyr\u00e9szt m\u00f3dszertant \u00e9s keretrendszert ad a bels\u0151 ellen\u0151rz\u00e9sekhez (PartnerProof Policy),<\/li>\n\n\n\n<li>m\u00e1sr\u00e9szt teljesk\u00f6r\u0171en \u00e1t is v\u00e1llalhatja az \u00e1tvil\u00e1g\u00edt\u00e1si folyamatot (PartnerProof Analysis).<\/li>\n<\/ul>\n\n\n\n<p><a href=\"https:\/\/hu.andersen.com\/hu\/adotanacsadas-szolgaltatas\/altalanos-forgalmi-ado\/partnerproof-partneratvilagitas-partnerellenorzes-andersen-szolgaltatas\/\">A PartnerProof szolg\u00e1ltat\u00e1sunk r\u00e9szletes bemutat\u00e1sa ezen az oldalon \u00e9rhet\u0151 el.<\/a><\/p>\n\n\n\n<h2 class=\"wp-block-heading has-text-color has-link-color has-medium-font-size wp-elements-bd7993f99afcfb979e65cd068771455b\" id=\"h-osszegzes-kk-velemeny-uzenete-az-afa-levonasi-jog-megiteleseben\" style=\"color:#ab0e1e\"><strong>\u00d6sszegz\u00e9s: KK v\u00e9lem\u00e9ny \u00fczenete az \u00e1fa-levon\u00e1si jog meg\u00edt\u00e9l\u00e9s\u00e9ben<\/strong><\/h2>\n\n\n\n<p>A K\u00faria \u00faj KK v\u00e9lem\u00e9nye nem puszt\u00e1n egy hazai jog\u00e9rtelmez\u00e9si korrekci\u00f3, hanem egy hosszabb uni\u00f3s jogfejl\u0151d\u00e9si folyamat lez\u00e1r\u00e1sa. A magyar gyakorlat ezzel k\u00f6zelebb ker\u00fclt az EUB \u00e1ltal kialak\u00edtott standardhoz, amely alapj\u00e1n az ad\u00f3levon\u00e1si jog gyakorl\u00e1sa jogszer\u0171s\u00e9g\u00e9nek meg\u00edt\u00e9l\u00e9s\u00e9ben a d\u00f6nt\u0151 k\u00e9rd\u00e9s nem a sz\u00e1ml\u00e1k formai hib\u00e1tlans\u00e1ga, hanem az, hogy az ad\u00f3z\u00f3 j\u00f3hiszem\u0171en \u00e9s kell\u0151 k\u00f6r\u00fcltekint\u00e9ssel j\u00e1rt-e el.<\/p>\n\n\n\n<p>Ez a hangs\u00falyeltol\u00f3d\u00e1s a j\u00f6v\u0151ben el\u0151rel\u00e1that\u00f3lag egy \u00e1rnyaltabb, ugyanakkor bizony\u00edt\u00e1si szempontb\u00f3l \u00f6sszetettebb jogalkalmaz\u00e1st fog eredm\u00e9nyezni, amely \u00f6sszhangban \u00e1ll az uni\u00f3s szinten harmoniz\u00e1lt \u00e1fa szab\u00e1lyoz\u00e1ssal.<\/p>\n\n\n\n<p>Az ad\u00f3z\u00f3k sz\u00e1m\u00e1ra a legfontosabb k\u00e9rd\u00e9s pedig a tov\u00e1bbiakban az lesz, tudj\u00e1k-e bizony\u00edtani, hogy megfelelnek a KK v\u00e9lem\u00e9ny \u00e1ltal megk\u00f6vetelt gondoss\u00e1gi szintnek<strong>. <\/strong>Ebben a k\u00f6rnyezetben a dokument\u00e1lt partner\u00e1tvil\u00e1g\u00edt\u00e1s nemcsak kock\u00e1zatcs\u00f6kkent\u00e9si eszk\u00f6z, hanem az ad\u00f3levon\u00e1si jog biztons\u00e1gos gyakorl\u00e1s\u00e1nak egyik alapfelt\u00e9tele.<\/p>\n","protected":false},"excerpt":{"rendered":"<p>A KMK-v\u00e9lem\u00e9ny fel\u00fclvizsg\u00e1lat\u00e1nak aprop\u00f3j\u00e1n \u00e1ttekint\u00e9st adunk az \u00e1fa-levon\u00e1si jog meg\u00edt\u00e9l\u00e9s\u00e9nek \u00e1talakul\u00e1s\u00e1r\u00f3l uni\u00f3s \u00e9s hazai kontextusban.<\/p>\n","protected":false},"author":1028,"featured_media":15411,"comment_status":"closed","ping_status":"closed","sticky":false,"template":"","format":"standard","meta":{"_acf_changed":false,"_genesis_hide_title":false,"_genesis_hide_breadcrumbs":false,"_genesis_hide_singular_image":false,"_genesis_hide_footer_widgets":false,"_genesis_custom_body_class":"","_genesis_custom_post_class":"","_genesis_layout":"","footnotes":""},"categories":[38],"tags":[41],"class_list":{"0":"post-15410","1":"post","2":"type-post","3":"status-publish","4":"format-standard","5":"has-post-thumbnail","7":"category-hirek","8":"tag-slider-2","9":"entry"},"acf":[],"featured_image_src":"https:\/\/hu.andersen.com\/wp-content\/uploads\/2026\/04\/AFA-levonasi-jog-a-KMK-velemenytol-a-KK-velemenyig.jpg","author_info":{"display_name":"G\u00f6tz Attila","author_link":"https:\/\/hu.andersen.com\/hu\/author\/agotz\/"},"yoast_head":"<!-- This site is optimized with the Yoast SEO Premium plugin v27.4 (Yoast SEO v27.4) - https:\/\/yoast.com\/product\/yoast-seo-premium-wordpress\/ -->\n<title>\u00c1FA-levon\u00e1si jog: a KMK-v\u00e9lem\u00e9nyt\u0151l a KK v\u00e9lem\u00e9nyig<\/title>\n<meta name=\"description\" content=\"A KMK-v\u00e9lem\u00e9ny fel\u00fclvizsg\u00e1lat\u00e1nak aprop\u00f3j\u00e1n \u00e1ttekint\u00e9st adunk az \u00e1fa-levon\u00e1si jog meg\u00edt\u00e9l\u00e9s\u00e9nek \u00e1talakul\u00e1s\u00e1r\u00f3l uni\u00f3s \u00e9s hazai kontextusban.\" \/>\n<meta name=\"robots\" content=\"index, follow, max-snippet:-1, max-image-preview:large, max-video-preview:-1\" \/>\n<link rel=\"canonical\" href=\"https:\/\/hu.andersen.com\/hu\/hirek\/afa-levonasi-jog-kmk-velemeny-kk-velemeny\/\" \/>\n<meta property=\"og:locale\" content=\"hu_HU\" \/>\n<meta property=\"og:type\" content=\"article\" \/>\n<meta property=\"og:title\" content=\"\u00c1FA-levon\u00e1si jog: a KMK-v\u00e9lem\u00e9nyt\u0151l a KK v\u00e9lem\u00e9nyig\" \/>\n<meta property=\"og:description\" content=\"A KMK-v\u00e9lem\u00e9ny fel\u00fclvizsg\u00e1lat\u00e1nak aprop\u00f3j\u00e1n \u00e1ttekint\u00e9st adunk az \u00e1fa-levon\u00e1si jog meg\u00edt\u00e9l\u00e9s\u00e9nek \u00e1talakul\u00e1s\u00e1r\u00f3l uni\u00f3s \u00e9s hazai kontextusban.\" \/>\n<meta property=\"og:url\" content=\"https:\/\/hu.andersen.com\/hu\/hirek\/afa-levonasi-jog-kmk-velemeny-kk-velemeny\/\" \/>\n<meta property=\"og:site_name\" content=\"Andersen Magyarorsz\u00e1g\" \/>\n<meta property=\"article:published_time\" content=\"2026-04-30T09:37:58+00:00\" \/>\n<meta property=\"article:modified_time\" content=\"2026-04-30T12:28:58+00:00\" \/>\n<meta property=\"og:image\" content=\"https:\/\/hu.andersen.com\/wp-content\/uploads\/2026\/04\/AFA-levonasi-jog-a-KMK-velemenytol-a-KK-velemenyig.jpg\" \/>\n\t<meta property=\"og:image:width\" content=\"1640\" \/>\n\t<meta property=\"og:image:height\" content=\"780\" \/>\n\t<meta property=\"og:image:type\" content=\"image\/jpeg\" \/>\n<meta name=\"author\" content=\"G\u00f6tz Attila\" \/>\n<meta name=\"twitter:card\" content=\"summary_large_image\" \/>\n<meta name=\"twitter:label1\" content=\"Szerz\u0151:\" \/>\n\t<meta name=\"twitter:data1\" content=\"G\u00f6tz Attila\" \/>\n\t<meta name=\"twitter:label2\" content=\"Becs\u00fclt olvas\u00e1si id\u0151\" \/>\n\t<meta name=\"twitter:data2\" content=\"13 perc\" \/>\n<script type=\"application\/ld+json\" class=\"yoast-schema-graph\">{\"@context\":\"https:\\\/\\\/schema.org\",\"@graph\":[{\"@type\":\"Article\",\"@id\":\"https:\\\/\\\/hu.andersen.com\\\/hu\\\/hirek\\\/afa-levonasi-jog-kmk-velemeny-kk-velemeny\\\/#article\",\"isPartOf\":{\"@id\":\"https:\\\/\\\/hu.andersen.com\\\/hu\\\/hirek\\\/afa-levonasi-jog-kmk-velemeny-kk-velemeny\\\/\"},\"author\":{\"name\":\"G\u00f6tz Attila\",\"@id\":\"https:\\\/\\\/hu.andersen.com\\\/#\\\/schema\\\/person\\\/57a8b81638277dac3324887812032990\"},\"headline\":\"\u00c1FA-levon\u00e1si jog: a KMK-v\u00e9lem\u00e9nyt\u0151l a KK v\u00e9lem\u00e9nyig\",\"datePublished\":\"2026-04-30T09:37:58+00:00\",\"dateModified\":\"2026-04-30T12:28:58+00:00\",\"mainEntityOfPage\":{\"@id\":\"https:\\\/\\\/hu.andersen.com\\\/hu\\\/hirek\\\/afa-levonasi-jog-kmk-velemeny-kk-velemeny\\\/\"},\"wordCount\":2583,\"image\":{\"@id\":\"https:\\\/\\\/hu.andersen.com\\\/hu\\\/hirek\\\/afa-levonasi-jog-kmk-velemeny-kk-velemeny\\\/#primaryimage\"},\"thumbnailUrl\":\"https:\\\/\\\/hu.andersen.com\\\/wp-content\\\/uploads\\\/2026\\\/04\\\/AFA-levonasi-jog-a-KMK-velemenytol-a-KK-velemenyig.jpg\",\"keywords\":[\"slider\"],\"articleSection\":[\"H\u00edrek\"],\"inLanguage\":\"hu\"},{\"@type\":\"WebPage\",\"@id\":\"https:\\\/\\\/hu.andersen.com\\\/hu\\\/hirek\\\/afa-levonasi-jog-kmk-velemeny-kk-velemeny\\\/\",\"url\":\"https:\\\/\\\/hu.andersen.com\\\/hu\\\/hirek\\\/afa-levonasi-jog-kmk-velemeny-kk-velemeny\\\/\",\"name\":\"\u00c1FA-levon\u00e1si jog: a KMK-v\u00e9lem\u00e9nyt\u0151l a KK v\u00e9lem\u00e9nyig\",\"isPartOf\":{\"@id\":\"https:\\\/\\\/hu.andersen.com\\\/#website\"},\"primaryImageOfPage\":{\"@id\":\"https:\\\/\\\/hu.andersen.com\\\/hu\\\/hirek\\\/afa-levonasi-jog-kmk-velemeny-kk-velemeny\\\/#primaryimage\"},\"image\":{\"@id\":\"https:\\\/\\\/hu.andersen.com\\\/hu\\\/hirek\\\/afa-levonasi-jog-kmk-velemeny-kk-velemeny\\\/#primaryimage\"},\"thumbnailUrl\":\"https:\\\/\\\/hu.andersen.com\\\/wp-content\\\/uploads\\\/2026\\\/04\\\/AFA-levonasi-jog-a-KMK-velemenytol-a-KK-velemenyig.jpg\",\"datePublished\":\"2026-04-30T09:37:58+00:00\",\"dateModified\":\"2026-04-30T12:28:58+00:00\",\"author\":{\"@id\":\"https:\\\/\\\/hu.andersen.com\\\/#\\\/schema\\\/person\\\/57a8b81638277dac3324887812032990\"},\"description\":\"A KMK-v\u00e9lem\u00e9ny fel\u00fclvizsg\u00e1lat\u00e1nak aprop\u00f3j\u00e1n \u00e1ttekint\u00e9st adunk az \u00e1fa-levon\u00e1si jog meg\u00edt\u00e9l\u00e9s\u00e9nek \u00e1talakul\u00e1s\u00e1r\u00f3l uni\u00f3s \u00e9s hazai kontextusban.\",\"breadcrumb\":{\"@id\":\"https:\\\/\\\/hu.andersen.com\\\/hu\\\/hirek\\\/afa-levonasi-jog-kmk-velemeny-kk-velemeny\\\/#breadcrumb\"},\"inLanguage\":\"hu\",\"potentialAction\":[{\"@type\":\"ReadAction\",\"target\":[\"https:\\\/\\\/hu.andersen.com\\\/hu\\\/hirek\\\/afa-levonasi-jog-kmk-velemeny-kk-velemeny\\\/\"]}]},{\"@type\":\"ImageObject\",\"inLanguage\":\"hu\",\"@id\":\"https:\\\/\\\/hu.andersen.com\\\/hu\\\/hirek\\\/afa-levonasi-jog-kmk-velemeny-kk-velemeny\\\/#primaryimage\",\"url\":\"https:\\\/\\\/hu.andersen.com\\\/wp-content\\\/uploads\\\/2026\\\/04\\\/AFA-levonasi-jog-a-KMK-velemenytol-a-KK-velemenyig.jpg\",\"contentUrl\":\"https:\\\/\\\/hu.andersen.com\\\/wp-content\\\/uploads\\\/2026\\\/04\\\/AFA-levonasi-jog-a-KMK-velemenytol-a-KK-velemenyig.jpg\",\"width\":1640,\"height\":780,\"caption\":\"\u00c1FA-levon\u00e1si jog: a KMK-v\u00e9lem\u00e9nyt\u0151l a KK v\u00e9lem\u00e9nyig\"},{\"@type\":\"BreadcrumbList\",\"@id\":\"https:\\\/\\\/hu.andersen.com\\\/hu\\\/hirek\\\/afa-levonasi-jog-kmk-velemeny-kk-velemeny\\\/#breadcrumb\",\"itemListElement\":[{\"@type\":\"ListItem\",\"position\":1,\"name\":\"Kezd\u0151lap\",\"item\":\"https:\\\/\\\/hu.andersen.com\\\/hu\\\/\"},{\"@type\":\"ListItem\",\"position\":2,\"name\":\"\u00c1FA-levon\u00e1si jog: a KMK-v\u00e9lem\u00e9nyt\u0151l a KK v\u00e9lem\u00e9nyig\"}]},{\"@type\":\"WebSite\",\"@id\":\"https:\\\/\\\/hu.andersen.com\\\/#website\",\"url\":\"https:\\\/\\\/hu.andersen.com\\\/\",\"name\":\"Andersen In Hungary\",\"description\":\"Ad\u00f3tan\u00e1csad\u00e1s \u00e9s jogi tan\u00e1csad\u00e1s\",\"potentialAction\":[{\"@type\":\"SearchAction\",\"target\":{\"@type\":\"EntryPoint\",\"urlTemplate\":\"https:\\\/\\\/hu.andersen.com\\\/?s={search_term_string}\"},\"query-input\":{\"@type\":\"PropertyValueSpecification\",\"valueRequired\":true,\"valueName\":\"search_term_string\"}}],\"inLanguage\":\"hu\"},{\"@type\":\"Person\",\"@id\":\"https:\\\/\\\/hu.andersen.com\\\/#\\\/schema\\\/person\\\/57a8b81638277dac3324887812032990\",\"name\":\"G\u00f6tz Attila\",\"image\":{\"@type\":\"ImageObject\",\"inLanguage\":\"hu\",\"@id\":\"https:\\\/\\\/secure.gravatar.com\\\/avatar\\\/2d4fd031a22fa340d80ae6058bee0ef10aa643338dbc8f7650a08f79a37958b7?s=96&d=mm&r=g\",\"url\":\"https:\\\/\\\/secure.gravatar.com\\\/avatar\\\/2d4fd031a22fa340d80ae6058bee0ef10aa643338dbc8f7650a08f79a37958b7?s=96&d=mm&r=g\",\"contentUrl\":\"https:\\\/\\\/secure.gravatar.com\\\/avatar\\\/2d4fd031a22fa340d80ae6058bee0ef10aa643338dbc8f7650a08f79a37958b7?s=96&d=mm&r=g\",\"caption\":\"G\u00f6tz Attila\"},\"sameAs\":[\"https:\\\/\\\/hu.andersen.com\"],\"url\":\"https:\\\/\\\/hu.andersen.com\\\/hu\\\/author\\\/agotz\\\/\"}]}<\/script>\n<!-- \/ Yoast SEO Premium plugin. -->","yoast_head_json":{"title":"\u00c1FA-levon\u00e1si jog: a KMK-v\u00e9lem\u00e9nyt\u0151l a KK v\u00e9lem\u00e9nyig","description":"A KMK-v\u00e9lem\u00e9ny fel\u00fclvizsg\u00e1lat\u00e1nak aprop\u00f3j\u00e1n \u00e1ttekint\u00e9st adunk az \u00e1fa-levon\u00e1si jog meg\u00edt\u00e9l\u00e9s\u00e9nek \u00e1talakul\u00e1s\u00e1r\u00f3l uni\u00f3s \u00e9s hazai kontextusban.","robots":{"index":"index","follow":"follow","max-snippet":"max-snippet:-1","max-image-preview":"max-image-preview:large","max-video-preview":"max-video-preview:-1"},"canonical":"https:\/\/hu.andersen.com\/hu\/hirek\/afa-levonasi-jog-kmk-velemeny-kk-velemeny\/","og_locale":"hu_HU","og_type":"article","og_title":"\u00c1FA-levon\u00e1si jog: a KMK-v\u00e9lem\u00e9nyt\u0151l a KK v\u00e9lem\u00e9nyig","og_description":"A KMK-v\u00e9lem\u00e9ny fel\u00fclvizsg\u00e1lat\u00e1nak aprop\u00f3j\u00e1n \u00e1ttekint\u00e9st adunk az \u00e1fa-levon\u00e1si jog meg\u00edt\u00e9l\u00e9s\u00e9nek \u00e1talakul\u00e1s\u00e1r\u00f3l uni\u00f3s \u00e9s hazai kontextusban.","og_url":"https:\/\/hu.andersen.com\/hu\/hirek\/afa-levonasi-jog-kmk-velemeny-kk-velemeny\/","og_site_name":"Andersen Magyarorsz\u00e1g","article_published_time":"2026-04-30T09:37:58+00:00","article_modified_time":"2026-04-30T12:28:58+00:00","og_image":[{"width":1640,"height":780,"url":"https:\/\/hu.andersen.com\/wp-content\/uploads\/2026\/04\/AFA-levonasi-jog-a-KMK-velemenytol-a-KK-velemenyig.jpg","type":"image\/jpeg"}],"author":"G\u00f6tz Attila","twitter_card":"summary_large_image","twitter_misc":{"Szerz\u0151:":"G\u00f6tz Attila","Becs\u00fclt olvas\u00e1si id\u0151":"13 perc"},"schema":{"@context":"https:\/\/schema.org","@graph":[{"@type":"Article","@id":"https:\/\/hu.andersen.com\/hu\/hirek\/afa-levonasi-jog-kmk-velemeny-kk-velemeny\/#article","isPartOf":{"@id":"https:\/\/hu.andersen.com\/hu\/hirek\/afa-levonasi-jog-kmk-velemeny-kk-velemeny\/"},"author":{"name":"G\u00f6tz Attila","@id":"https:\/\/hu.andersen.com\/#\/schema\/person\/57a8b81638277dac3324887812032990"},"headline":"\u00c1FA-levon\u00e1si jog: a KMK-v\u00e9lem\u00e9nyt\u0151l a KK v\u00e9lem\u00e9nyig","datePublished":"2026-04-30T09:37:58+00:00","dateModified":"2026-04-30T12:28:58+00:00","mainEntityOfPage":{"@id":"https:\/\/hu.andersen.com\/hu\/hirek\/afa-levonasi-jog-kmk-velemeny-kk-velemeny\/"},"wordCount":2583,"image":{"@id":"https:\/\/hu.andersen.com\/hu\/hirek\/afa-levonasi-jog-kmk-velemeny-kk-velemeny\/#primaryimage"},"thumbnailUrl":"https:\/\/hu.andersen.com\/wp-content\/uploads\/2026\/04\/AFA-levonasi-jog-a-KMK-velemenytol-a-KK-velemenyig.jpg","keywords":["slider"],"articleSection":["H\u00edrek"],"inLanguage":"hu"},{"@type":"WebPage","@id":"https:\/\/hu.andersen.com\/hu\/hirek\/afa-levonasi-jog-kmk-velemeny-kk-velemeny\/","url":"https:\/\/hu.andersen.com\/hu\/hirek\/afa-levonasi-jog-kmk-velemeny-kk-velemeny\/","name":"\u00c1FA-levon\u00e1si jog: a KMK-v\u00e9lem\u00e9nyt\u0151l a KK v\u00e9lem\u00e9nyig","isPartOf":{"@id":"https:\/\/hu.andersen.com\/#website"},"primaryImageOfPage":{"@id":"https:\/\/hu.andersen.com\/hu\/hirek\/afa-levonasi-jog-kmk-velemeny-kk-velemeny\/#primaryimage"},"image":{"@id":"https:\/\/hu.andersen.com\/hu\/hirek\/afa-levonasi-jog-kmk-velemeny-kk-velemeny\/#primaryimage"},"thumbnailUrl":"https:\/\/hu.andersen.com\/wp-content\/uploads\/2026\/04\/AFA-levonasi-jog-a-KMK-velemenytol-a-KK-velemenyig.jpg","datePublished":"2026-04-30T09:37:58+00:00","dateModified":"2026-04-30T12:28:58+00:00","author":{"@id":"https:\/\/hu.andersen.com\/#\/schema\/person\/57a8b81638277dac3324887812032990"},"description":"A KMK-v\u00e9lem\u00e9ny fel\u00fclvizsg\u00e1lat\u00e1nak aprop\u00f3j\u00e1n \u00e1ttekint\u00e9st adunk az \u00e1fa-levon\u00e1si jog meg\u00edt\u00e9l\u00e9s\u00e9nek \u00e1talakul\u00e1s\u00e1r\u00f3l uni\u00f3s \u00e9s hazai kontextusban.","breadcrumb":{"@id":"https:\/\/hu.andersen.com\/hu\/hirek\/afa-levonasi-jog-kmk-velemeny-kk-velemeny\/#breadcrumb"},"inLanguage":"hu","potentialAction":[{"@type":"ReadAction","target":["https:\/\/hu.andersen.com\/hu\/hirek\/afa-levonasi-jog-kmk-velemeny-kk-velemeny\/"]}]},{"@type":"ImageObject","inLanguage":"hu","@id":"https:\/\/hu.andersen.com\/hu\/hirek\/afa-levonasi-jog-kmk-velemeny-kk-velemeny\/#primaryimage","url":"https:\/\/hu.andersen.com\/wp-content\/uploads\/2026\/04\/AFA-levonasi-jog-a-KMK-velemenytol-a-KK-velemenyig.jpg","contentUrl":"https:\/\/hu.andersen.com\/wp-content\/uploads\/2026\/04\/AFA-levonasi-jog-a-KMK-velemenytol-a-KK-velemenyig.jpg","width":1640,"height":780,"caption":"\u00c1FA-levon\u00e1si jog: a KMK-v\u00e9lem\u00e9nyt\u0151l a KK v\u00e9lem\u00e9nyig"},{"@type":"BreadcrumbList","@id":"https:\/\/hu.andersen.com\/hu\/hirek\/afa-levonasi-jog-kmk-velemeny-kk-velemeny\/#breadcrumb","itemListElement":[{"@type":"ListItem","position":1,"name":"Kezd\u0151lap","item":"https:\/\/hu.andersen.com\/hu\/"},{"@type":"ListItem","position":2,"name":"\u00c1FA-levon\u00e1si jog: a KMK-v\u00e9lem\u00e9nyt\u0151l a KK v\u00e9lem\u00e9nyig"}]},{"@type":"WebSite","@id":"https:\/\/hu.andersen.com\/#website","url":"https:\/\/hu.andersen.com\/","name":"Andersen In Hungary","description":"Ad\u00f3tan\u00e1csad\u00e1s \u00e9s jogi tan\u00e1csad\u00e1s","potentialAction":[{"@type":"SearchAction","target":{"@type":"EntryPoint","urlTemplate":"https:\/\/hu.andersen.com\/?s={search_term_string}"},"query-input":{"@type":"PropertyValueSpecification","valueRequired":true,"valueName":"search_term_string"}}],"inLanguage":"hu"},{"@type":"Person","@id":"https:\/\/hu.andersen.com\/#\/schema\/person\/57a8b81638277dac3324887812032990","name":"G\u00f6tz Attila","image":{"@type":"ImageObject","inLanguage":"hu","@id":"https:\/\/secure.gravatar.com\/avatar\/2d4fd031a22fa340d80ae6058bee0ef10aa643338dbc8f7650a08f79a37958b7?s=96&d=mm&r=g","url":"https:\/\/secure.gravatar.com\/avatar\/2d4fd031a22fa340d80ae6058bee0ef10aa643338dbc8f7650a08f79a37958b7?s=96&d=mm&r=g","contentUrl":"https:\/\/secure.gravatar.com\/avatar\/2d4fd031a22fa340d80ae6058bee0ef10aa643338dbc8f7650a08f79a37958b7?s=96&d=mm&r=g","caption":"G\u00f6tz Attila"},"sameAs":["https:\/\/hu.andersen.com"],"url":"https:\/\/hu.andersen.com\/hu\/author\/agotz\/"}]}},"_links":{"self":[{"href":"https:\/\/hu.andersen.com\/hu\/wp-json\/wp\/v2\/posts\/15410","targetHints":{"allow":["GET"]}}],"collection":[{"href":"https:\/\/hu.andersen.com\/hu\/wp-json\/wp\/v2\/posts"}],"about":[{"href":"https:\/\/hu.andersen.com\/hu\/wp-json\/wp\/v2\/types\/post"}],"author":[{"embeddable":true,"href":"https:\/\/hu.andersen.com\/hu\/wp-json\/wp\/v2\/users\/1028"}],"replies":[{"embeddable":true,"href":"https:\/\/hu.andersen.com\/hu\/wp-json\/wp\/v2\/comments?post=15410"}],"version-history":[{"count":3,"href":"https:\/\/hu.andersen.com\/hu\/wp-json\/wp\/v2\/posts\/15410\/revisions"}],"predecessor-version":[{"id":15433,"href":"https:\/\/hu.andersen.com\/hu\/wp-json\/wp\/v2\/posts\/15410\/revisions\/15433"}],"wp:featuredmedia":[{"embeddable":true,"href":"https:\/\/hu.andersen.com\/hu\/wp-json\/wp\/v2\/media\/15411"}],"wp:attachment":[{"href":"https:\/\/hu.andersen.com\/hu\/wp-json\/wp\/v2\/media?parent=15410"}],"wp:term":[{"taxonomy":"category","embeddable":true,"href":"https:\/\/hu.andersen.com\/hu\/wp-json\/wp\/v2\/categories?post=15410"},{"taxonomy":"post_tag","embeddable":true,"href":"https:\/\/hu.andersen.com\/hu\/wp-json\/wp\/v2\/tags?post=15410"}],"curies":[{"name":"wp","href":"https:\/\/api.w.org\/{rel}","templated":true}]}}