{"id":3309,"date":"2019-09-11T00:00:00","date_gmt":"2019-09-10T22:00:00","guid":{"rendered":"https:\/\/hu.andersen.com\/hirek\/mennyire-szorit-a-magyar-adorendszer\/"},"modified":"2025-09-14T17:38:32","modified_gmt":"2025-09-14T15:38:32","slug":"mennyire-szorit-a-magyar-adorendszer","status":"publish","type":"post","link":"https:\/\/hu.andersen.com\/hu\/hirek\/mennyire-szorit-a-magyar-adorendszer\/","title":{"rendered":"Mennyire szor\u00edt a magyar ad\u00f3rendszer?"},"content":{"rendered":"\n<div class=\"wp-block-columns is-layout-flex wp-container-core-columns-is-layout-9d6595d7 wp-block-columns-is-layout-flex\">\n<div class=\"wp-block-column is-layout-flow wp-block-column-is-layout-flow\" style=\"flex-basis:100%\">\n<p><strong>Milyen terhet rak az ad\u00f3alanyokra a magyar ad\u00f3rendszer? Mennyire nyomaszt\u00f3 ez a teher? Mennyire bonyolult maga a rendszer? Hogyan j\u00f6n ki a r\u00e9gi\u00f3s \u00e9s a nemzetk\u00f6zi \u00f6sszehasonl\u00edt\u00e1sb\u00f3l? Milyen v\u00e1ltoz\u00e1son, milyen fejl\u0151d\u00e9sen ment kereszt\u00fcl az elm\u00falt \u00e9vekben? Ezekre a k\u00e9rd\u00e9sekre kerest\u00fck a v\u00e1laszt, megvizsg\u00e1ltunk n\u00e9h\u00e1ny mutat\u00f3sz\u00e1mot, vizualiz\u00e1ltuk \u0151ket, az eredm\u00e9nyt pedig egy infografika-csomag form\u00e1j\u00e1ban t\u00e1laljuk.<\/strong><\/p>\n\n\n\n<h2 class=\"wp-block-heading has-text-color has-link-color has-medium-font-size wp-elements-c4344a0fed120c14f7184ea7708005d6\" id=\"h-a-szemelyi-jovedelemado-kulcs-magyarorszagon-es-nehany-kivalasztott-orszagban\" style=\"color:#781616\"><strong>A szem\u00e9lyi j\u00f6vedelemad\u00f3 kulcs Magyarorsz\u00e1gon \u00e9s n\u00e9h\u00e1ny kiv\u00e1lasztott orsz\u00e1gban<\/strong><\/h2>\n\n\n\n<p>A munk\u00e1t s\u00fajt\u00f3 terhek fontos eleme a <a href=\"https:\/\/hu.andersen.com\/hu\/adotanacsadas-szolgaltatas\/szemelyi-jovedelemado-tervezes\/\">szem\u00e9lyi j\u00f6vedelemad\u00f3<\/a>. Ennek kulcsa Magyarorsz\u00e1gon 2013. janu\u00e1r 1-j\u00e9n egys\u00e9gesen 16 %-ra, majd 2016. janu\u00e1r 1-j\u00e9n 15 %-ra cs\u00f6kkent, ami az egyik legalacsonyabb az Eur\u00f3pai Uni\u00f3ban. A foglalkoztat\u00e1st \u00e9s a gazdas\u00e1g n\u00f6veked\u00e9s\u00e9t negat\u00edvan befoly\u00e1sol\u00f3 ad\u00f3nem m\u00e9rt\u00e9k\u00e9t az\u00f3ta t\u00f6bb uni\u00f3s tag\u00e1llamban is jelent\u0151sen m\u00e9rs\u00e9kelt\u00e9k, legut\u00f3bb p\u00e9ld\u00e1ul Csehorsz\u00e1gban, ahol ez \u00e9v elej\u00e9t\u0151l szint\u00e9n 15 %-os kulcs van \u00e9rv\u00e9nyben. \u00c9rdekess\u00e9g, hogy 61,85 %-al jelenleg Sv\u00e9dorsz\u00e1g b\u00fcszk\u00e9lkedhet a legmagasabb SZJA kulccsal a vil\u00e1gon. Az al\u00e1bbi \u00e1br\u00e1n a k\u00f6rnyez\u0151 orsz\u00e1gokban \u00e9rv\u00e9nyes kulcsok l\u00e1that\u00f3k \u00f6sszehasonl\u00edt\u00f3 jelleggel.<\/p>\n\n\n<div class=\"wp-block-image\">\n<figure class=\"aligncenter size-full\"><img loading=\"lazy\" decoding=\"async\" width=\"800\" height=\"538\" src=\"https:\/\/hu.andersen.com\/wp-content\/uploads\/2019\/09\/Magyar-adorendszer-szemelyi-jovedelemado-kulcs.jpg\" alt=\"Magyar ad\u00f3rendszer - Szem\u00e9lyi j\u00f6vedelemad\u00f3 kulcsok\" class=\"wp-image-13842\" style=\"aspect-ratio:3\/2;object-fit:cover\" srcset=\"https:\/\/hu.andersen.com\/wp-content\/uploads\/2019\/09\/Magyar-adorendszer-szemelyi-jovedelemado-kulcs.jpg 800w, https:\/\/hu.andersen.com\/wp-content\/uploads\/2019\/09\/Magyar-adorendszer-szemelyi-jovedelemado-kulcs-300x202.jpg 300w, https:\/\/hu.andersen.com\/wp-content\/uploads\/2019\/09\/Magyar-adorendszer-szemelyi-jovedelemado-kulcs-768x516.jpg 768w\" sizes=\"auto, (max-width: 800px) 100vw, 800px\" \/><\/figure>\n<\/div>\n\n\n<p class=\"has-text-align-center has-small-font-size\"><em>Forr\u00e1s: <a href=\"https:\/\/archive.doingbusiness.org\/en\/reports\/global-reports\/doing-business-2019\">The World Bank (Doing Business 2019)<\/a><\/em><\/p>\n\n\n\n<h2 class=\"wp-block-heading has-text-color has-link-color has-medium-font-size wp-elements-098e618030b1e16c22ef1134e03e665c\" id=\"h-tarsasagi-adokulcsok\" style=\"color:#781616\"><strong>T\u00e1rsas\u00e1gi ad\u00f3kulcsok<\/strong><\/h2>\n\n\n\n<p>A magyar ad\u00f3rendszer f\u0151bb szerkezeti \u00e1talak\u00edt\u00e1sa 2013-ban z\u00e1rult. Az ad\u00f3reform \u00e1ltal is t\u00e1mogatott n\u00f6veked\u00e9si fordulat \u00e9s a k\u00f6lts\u00e9gvet\u00e9sben kialakult nagyobb mozg\u00e1st\u00e9r 2017-ben lehet\u0151s\u00e9get adott t\u00f6bb, Magyarorsz\u00e1g versenyk\u00e9pess\u00e9g\u00e9t jelent\u0151sen jav\u00edt\u00f3 m\u00f3dos\u00edt\u00e1sra. Ennek egyik legfontosabb eleme az egys\u00e9ges 9 sz\u00e1zal\u00e9kos t\u00e1rsas\u00e1gi ad\u00f3kulcs bevezet\u00e9se volt, ami a legalacsonyabb az Eur\u00f3pai Uni\u00f3 ter\u00fclet\u00e9n. \u00c9rdekess\u00e9g, hogy a vil\u00e1g legmagasabb, 55 sz\u00e1zal\u00e9kos t\u00e1rsas\u00e1gi ad\u00f3kulcsa az Egyes\u00fclt Arab Emir\u00e1tusokban van \u00e9rv\u00e9nyben, igaz, ezt jellemz\u0151en csak k\u00fclf\u00f6ldi bankokra \u00e9s olajt\u00e1rsas\u00e1gokra vetik ki.<\/p>\n\n\n<div class=\"wp-block-image\">\n<figure class=\"aligncenter size-full is-resized\"><img loading=\"lazy\" decoding=\"async\" width=\"800\" height=\"544\" src=\"https:\/\/hu.andersen.com\/wp-content\/uploads\/2019\/09\/Magyar-adorendszer-tarsasagi-adokulcsok.jpg\" alt=\"Magyar ad\u00f3rendszer - T\u00e1rsas\u00e1gi ad\u00f3kulcsok\" class=\"wp-image-13848\" style=\"width:802px;height:auto\" srcset=\"https:\/\/hu.andersen.com\/wp-content\/uploads\/2019\/09\/Magyar-adorendszer-tarsasagi-adokulcsok.jpg 800w, https:\/\/hu.andersen.com\/wp-content\/uploads\/2019\/09\/Magyar-adorendszer-tarsasagi-adokulcsok-300x204.jpg 300w, https:\/\/hu.andersen.com\/wp-content\/uploads\/2019\/09\/Magyar-adorendszer-tarsasagi-adokulcsok-768x522.jpg 768w\" sizes=\"auto, (max-width: 800px) 100vw, 800px\" \/><\/figure>\n<\/div>\n\n\n<p class=\"has-text-align-center has-small-font-size\"><em>Forr\u00e1s: The World Bank (Doing Business 2019)<\/em><\/p>\n\n\n\n<h2 class=\"wp-block-heading has-text-color has-link-color has-medium-font-size wp-elements-96a984a2df5112497e88782f7282f24d\" id=\"h-a-magyar-adorendszer-legfobb-pillere-altalanos-forgalmi-adokulcsok\" style=\"color:#781616\"><strong>A magyar ad\u00f3rendszer legf\u0151bb pill\u00e9re: \u00e1ltal\u00e1nos forgalmi ad\u00f3kulcsok<\/strong><\/h2>\n\n\n\n<p>A nagy ad\u00f3nemek k\u00f6z\u00fcl a szakirodalom <strong>a fogyaszt\u00e1st terhel\u0151 ad\u00f3kat<\/strong> tekinti a gazdas\u00e1gi n\u00f6veked\u00e9st <strong>legkev\u00e9sb\u00e9 korl\u00e1toz\u00f3nak<\/strong>, ezek k\u00f6z\u00e9 tartozik az <a href=\"https:\/\/hu.andersen.com\/hu\/adotanacsadas-szolgaltatas\/altalanos-forgalmi-ado\/\">\u00e1ltal\u00e1nos forgalmi ad\u00f3<\/a> is. 27 %-os \u00c1FA kulcs\u00e1val Magyarorsz\u00e1g eur\u00f3pai listavezet\u0151. R\u00e9szben ez a magas ad\u00f3kulcs ellens\u00falyozza a kor\u00e1bbi ad\u00f3cs\u00f6kkent\u00e9sek k\u00f6lts\u00e9gvet\u00e9si hat\u00e1s\u00e1t, vagyis t\u00f6bbek k\u00f6z\u00f6tt az alacsony t\u00e1rsas\u00e1gi ad\u00f3t. Eur\u00f3p\u00e1ban igen, de a vil\u00e1gon nem Magyarorsz\u00e1g a listavezet\u0151 e tekintetben, hanem Bhut\u00e1n, ahol jelenleg 50 %-os \u00c1FA kulcs van \u00e9rv\u00e9nyben.<\/p>\n\n\n<div class=\"wp-block-image\">\n<figure class=\"aligncenter size-full\"><img loading=\"lazy\" decoding=\"async\" width=\"800\" height=\"544\" src=\"https:\/\/hu.andersen.com\/wp-content\/uploads\/2019\/09\/Magyar-adorendszer-altalanos-afakulcsok.jpg\" alt=\"Magyar ad\u00f3rendszer - \u00c1ltal\u00e1nos forgalmi ad\u00f3kulcsok\" class=\"wp-image-13854\" srcset=\"https:\/\/hu.andersen.com\/wp-content\/uploads\/2019\/09\/Magyar-adorendszer-altalanos-afakulcsok.jpg 800w, https:\/\/hu.andersen.com\/wp-content\/uploads\/2019\/09\/Magyar-adorendszer-altalanos-afakulcsok-300x204.jpg 300w, https:\/\/hu.andersen.com\/wp-content\/uploads\/2019\/09\/Magyar-adorendszer-altalanos-afakulcsok-768x522.jpg 768w\" sizes=\"auto, (max-width: 800px) 100vw, 800px\" \/><\/figure>\n<\/div>\n\n\n<p class=\"has-text-align-center has-small-font-size\"><em>Forr\u00e1s: The World Bank (Doing Business 2019)<\/em><\/p>\n\n\n\n<h2 class=\"wp-block-heading has-text-color has-link-color has-medium-font-size wp-elements-450e76800775e20c6d1b1bbfd98411c2\" id=\"h-adoterheles-a-gdp-hez-viszonyitva\" style=\"color:#781616\"><strong>Ad\u00f3terhel\u00e9s a GDP-hez viszony\u00edtva<\/strong><\/h2>\n\n\n\n<p>Az adott orsz\u00e1g ad\u00f3rendszer\u00e9t jellemz\u0151 mutat\u00f3sz\u00e1mok k\u00f6z\u00fcl az egyik legfontosabb az \u00fagynevezett <strong>ad\u00f3centraliz\u00e1ci\u00f3s r\u00e1ta<\/strong>, ami megmutatja, hogy <strong>a GDP-hez viszony\u00edtva mekkora bev\u00e9tele sz\u00e1rmazik az \u00e1llamnak ad\u00f3kb\u00f3l \u00e9s j\u00e1rul\u00e9kokb\u00f3l<\/strong>. Az ad\u00f3terhel\u00e9s m\u00e9rt\u00e9k\u00e9t jelz\u0151 mutat\u00f3 az Eurostat adatai szerint 2017-ben Magyarorsz\u00e1gon cs\u00f6kkent a legnagyobb m\u00e9rt\u00e9kben az EU tag\u00e1llamai k\u00f6z\u00fcl \u00fagy, hogy k\u00f6zben az uni\u00f3s \u00e1tlag emelkedett. (Megjegyz\u00e9s: a 2018-as statisztik\u00e1kra m\u00e9g v\u00e1rni kell).<\/p>\n\n\n<div class=\"wp-block-image\">\n<figure class=\"aligncenter size-full\"><img loading=\"lazy\" decoding=\"async\" width=\"800\" height=\"571\" src=\"https:\/\/hu.andersen.com\/wp-content\/uploads\/2019\/09\/Magyar-adorendszer-adoterheles-GPD-hez-viszonyitva.jpg\" alt=\"Magyar ad\u00f3rendszer - Ad\u00f3terhel\u00e9s a GDP-hez viszony\u00edtva\" class=\"wp-image-13858\" srcset=\"https:\/\/hu.andersen.com\/wp-content\/uploads\/2019\/09\/Magyar-adorendszer-adoterheles-GPD-hez-viszonyitva.jpg 800w, https:\/\/hu.andersen.com\/wp-content\/uploads\/2019\/09\/Magyar-adorendszer-adoterheles-GPD-hez-viszonyitva-300x214.jpg 300w, https:\/\/hu.andersen.com\/wp-content\/uploads\/2019\/09\/Magyar-adorendszer-adoterheles-GPD-hez-viszonyitva-768x548.jpg 768w\" sizes=\"auto, (max-width: 800px) 100vw, 800px\" \/><\/figure>\n<\/div>\n\n\n<p class=\"has-text-align-center has-small-font-size\"><em>Forr\u00e1s: <a href=\"https:\/\/ec.europa.eu\/eurostat\">Eurostat<\/a><\/em><\/p>\n\n\n\n<h2 class=\"wp-block-heading has-text-color has-link-color has-medium-font-size wp-elements-6743aab75ef5e2181f8ba224a61fe49c\" id=\"h-egy-fore-eso-ado-es-jarulekbevetel\" style=\"color:#781616\"><strong>Egy f\u0151re es\u0151 ad\u00f3- \u00e9s j\u00e1rul\u00e9kbev\u00e9tel<\/strong><\/h2>\n\n\n\n<p>Besz\u00e9des adat, egyben remek t\u00e1mpont a nemzetk\u00f6zi \u00f6sszehasonl\u00edt\u00e1shoz, hogy az adott orsz\u00e1g viszonylat\u00e1ban <strong>mekkora az egy f\u0151re es\u0151 ad\u00f3- \u00e9s j\u00e1rul\u00e9kbev\u00e9tel<\/strong>. Ez az ad\u00f3centraliz\u00e1ci\u00f3s r\u00e1ta, a GDP adat \u00e9s a n\u00e9pess\u00e9gsz\u00e1m birtok\u00e1ban k\u00f6nnyen kisz\u00e1m\u00edthat\u00f3.<\/p>\n\n\n<div class=\"wp-block-image\">\n<figure class=\"aligncenter size-full\"><img loading=\"lazy\" decoding=\"async\" width=\"800\" height=\"573\" src=\"https:\/\/hu.andersen.com\/wp-content\/uploads\/2019\/09\/Magyar-adorendszer-egy-fore-esoado-es-jarulekbevetel.jpg\" alt=\"Magyar ad\u00f3rendszer - Egy f\u0151re es\u0151 ad\u00f3- \u00e9s j\u00e1rul\u00e9kbev\u00e9tel\" class=\"wp-image-13863\" srcset=\"https:\/\/hu.andersen.com\/wp-content\/uploads\/2019\/09\/Magyar-adorendszer-egy-fore-esoado-es-jarulekbevetel.jpg 800w, https:\/\/hu.andersen.com\/wp-content\/uploads\/2019\/09\/Magyar-adorendszer-egy-fore-esoado-es-jarulekbevetel-300x215.jpg 300w, https:\/\/hu.andersen.com\/wp-content\/uploads\/2019\/09\/Magyar-adorendszer-egy-fore-esoado-es-jarulekbevetel-768x550.jpg 768w\" sizes=\"auto, (max-width: 800px) 100vw, 800px\" \/><\/figure>\n<\/div>\n\n\n<p class=\"has-text-align-center has-small-font-size\"><em>Forr\u00e1s: Eurostat<\/em><\/p>\n\n\n\n<h2 class=\"wp-block-heading has-text-color has-link-color has-medium-font-size wp-elements-0450c61ada650e2871941df530ef21d8\" id=\"h-a-magyar-adorendszer-egyik-achilles-sarka-vallalkozasok-adoterhei\" style=\"color:#781616\"><strong>A magyar ad\u00f3rendszer egyik Achilles-sarka: v\u00e1llalkoz\u00e1sok ad\u00f3terhei<\/strong><\/h2>\n\n\n\n<p>Itt t\u00f6bb mutat\u00f3sz\u00e1mot is \u00e9rdemes megvizsg\u00e1lni, ezek egyike <strong>a v\u00e1llalkoz\u00e1sokra vonatkoz\u00f3 \u00f6sszevont teljes ad\u00f3teher<\/strong>. Ez egy olyan ar\u00e1nysz\u00e1m, ami megmutatja, hogy a megengedett levon\u00e1sok \u00e9s mentess\u00e9gek figyelembev\u00e9tele ut\u00e1n milyen m\u00e9rt\u00e9k\u0171 ad\u00f3- \u00e9s j\u00e1rul\u00e9kfizet\u00e9si k\u00f6telezetts\u00e9gnek kell eleget tennie az adott v\u00e1llalkoz\u00e1snak. J\u00f3l l\u00e1tszik, hogy ezen a t\u00e9ren Magyarorsz\u00e1g 2018-ra nagy el\u0151rel\u00e9p\u00e9st tett \u00e9s el\u00e9rte az EU \u00e1tlag\u00e1t.<\/p>\n\n\n<div class=\"wp-block-image\">\n<figure class=\"aligncenter size-full\"><img loading=\"lazy\" decoding=\"async\" width=\"800\" height=\"576\" src=\"https:\/\/hu.andersen.com\/wp-content\/uploads\/2019\/09\/Magyar-adorendszer-vallalkozasok-adoterhei.jpg\" alt=\"Magyar ad\u00f3rendszer - V\u00e1llalkoz\u00e1sok ad\u00f3terhei\" class=\"wp-image-13869\" srcset=\"https:\/\/hu.andersen.com\/wp-content\/uploads\/2019\/09\/Magyar-adorendszer-vallalkozasok-adoterhei.jpg 800w, https:\/\/hu.andersen.com\/wp-content\/uploads\/2019\/09\/Magyar-adorendszer-vallalkozasok-adoterhei-300x216.jpg 300w, https:\/\/hu.andersen.com\/wp-content\/uploads\/2019\/09\/Magyar-adorendszer-vallalkozasok-adoterhei-768x553.jpg 768w\" sizes=\"auto, (max-width: 800px) 100vw, 800px\" \/><\/figure>\n<\/div>\n\n\n<p class=\"has-text-align-center has-small-font-size\"><em>Forr\u00e1s: The World Bank<\/em><\/p>\n\n\n\n<p>A v\u00e1llalkoz\u00e1sok ad\u00f3terheit vagy sokkal ink\u00e1bb <strong>ad\u00f3adminisztr\u00e1ci\u00f3s terheit \u00e9rz\u00e9kelteti az az id\u0151mennyis\u00e9g<\/strong>, amelyet az adott v\u00e1llalkoz\u00e1s az ad\u00f3terhek kisz\u00e1m\u00edt\u00e1s\u00e1hoz sz\u00fcks\u00e9ges inform\u00e1ci\u00f3k begy\u0171jt\u00e9s\u00e9re, a sz\u00e1m\u00edt\u00e1sok elv\u00e9gz\u00e9s\u00e9re \u00e9s k\u00f6telezetts\u00e9geinek megfizet\u00e9s\u00e9re ford\u00edt. Magyarorsz\u00e1gon ez a k\u00f6zepes m\u00e9ret\u0171 v\u00e1llalkoz\u00e1sok eset\u00e9ben \u00e1tlagosan 277 \u00f3ra volt.<\/p>\n\n\n<div class=\"wp-block-image\">\n<figure class=\"aligncenter size-full\"><img loading=\"lazy\" decoding=\"async\" width=\"800\" height=\"524\" src=\"https:\/\/hu.andersen.com\/wp-content\/uploads\/2019\/09\/Magyar-adorendszer-adoadminisztracios-terhek.jpg\" alt=\"Magyar ad\u00f3rendszer - Ad\u00f3adminisztr\u00e1ci\u00f3s terhek\" class=\"wp-image-13873\" srcset=\"https:\/\/hu.andersen.com\/wp-content\/uploads\/2019\/09\/Magyar-adorendszer-adoadminisztracios-terhek.jpg 800w, https:\/\/hu.andersen.com\/wp-content\/uploads\/2019\/09\/Magyar-adorendszer-adoadminisztracios-terhek-300x197.jpg 300w, https:\/\/hu.andersen.com\/wp-content\/uploads\/2019\/09\/Magyar-adorendszer-adoadminisztracios-terhek-768x503.jpg 768w\" sizes=\"auto, (max-width: 800px) 100vw, 800px\" \/><\/figure>\n<\/div>\n\n\n<p class=\"has-text-align-center has-small-font-size\"><em>Forr\u00e1s: The World Bank (Doing Business 2019)<\/em><\/p>\n\n\n\n<p>Az ad\u00f3rendszer bonyolults\u00e1g\u00e1t jelzi az is, hogy <strong>egy termel\u0151 v\u00e1llalatnak \u00e1tlagosan h\u00e1ny darab ad\u00f3- \u00e9s j\u00e1rul\u00e9kt\u00edpust kell megfizetnie<\/strong> ad\u00f3z\u00e1si k\u00f6telezetts\u00e9geinek teljes\u00edt\u00e9se sor\u00e1n.<\/p>\n\n\n<div class=\"wp-block-image\">\n<figure class=\"aligncenter size-full\"><img loading=\"lazy\" decoding=\"async\" width=\"800\" height=\"589\" src=\"https:\/\/hu.andersen.com\/wp-content\/uploads\/2019\/09\/Magyar-adorendszer-ado-es-jarulektipusok-szama.jpg\" alt=\"J\u00e1rul\u00e9kt\u00edpusok sz\u00e1ma\" class=\"wp-image-13878\" srcset=\"https:\/\/hu.andersen.com\/wp-content\/uploads\/2019\/09\/Magyar-adorendszer-ado-es-jarulektipusok-szama.jpg 800w, https:\/\/hu.andersen.com\/wp-content\/uploads\/2019\/09\/Magyar-adorendszer-ado-es-jarulektipusok-szama-300x221.jpg 300w, https:\/\/hu.andersen.com\/wp-content\/uploads\/2019\/09\/Magyar-adorendszer-ado-es-jarulektipusok-szama-768x565.jpg 768w\" sizes=\"auto, (max-width: 800px) 100vw, 800px\" \/><\/figure>\n<\/div>\n\n\n<p class=\"has-text-align-center has-small-font-size\"><em>Forr\u00e1s: The World Bank (Doing Business 2019)<\/em><\/p>\n\n\n\n<h2 class=\"wp-block-heading has-text-color has-link-color has-medium-font-size wp-elements-1daa6dabc73d1d6d758499d042a0ee0f\" id=\"h-az-adoek-merteke\" style=\"color:#781616\"><strong>Az ad\u00f3\u00e9k m\u00e9rt\u00e9ke<\/strong><\/h2>\n\n\n\n<p>Mind a munkaad\u00f3, mind a munkav\u00e1llal\u00f3 szempontj\u00e1b\u00f3l h\u00fasbav\u00e1g\u00f3 k\u00e9rd\u00e9s, hogy <strong>mekkora ad\u00f3- \u00e9s j\u00e1rul\u00e9kteher rak\u00f3dik a munkab\u00e9rre<\/strong>. Az ennek m\u00e9r\u00e9s\u00e9re szolg\u00e1l\u00f3 mutat\u00f3sz\u00e1m az \u00fagynevezett <strong>ad\u00f3\u00e9k<\/strong>, ami megmutatja, hogy <strong>100 egys\u00e9gnyi j\u00f6vedelemre h\u00e1ny egys\u00e9g ad\u00f3- \u00e9s j\u00e1rul\u00e9kteher esik<\/strong>. Az al\u00e1bbi \u00e1br\u00e1n a gyermektelen, egyed\u00fcl\u00e1ll\u00f3 \u00e9s \u00e1tlagj\u00f6vedelemmel rendelkez\u0151 munkav\u00e1llal\u00f3k \u00e1tlagos ad\u00f3\u00e9k\u00e9nek m\u00e9rt\u00e9ke l\u00e1that\u00f3 a vizsg\u00e1lt orsz\u00e1gokban az elm\u00falt n\u00e9gy \u00e9v tekintet\u00e9ben.<\/p>\n\n\n<div class=\"wp-block-image\">\n<figure class=\"aligncenter size-full\"><img loading=\"lazy\" decoding=\"async\" width=\"800\" height=\"558\" src=\"https:\/\/hu.andersen.com\/wp-content\/uploads\/2019\/09\/Magyar-adorendszer-ado-es-jarulekteher-a-munkabereken.jpg\" alt=\"Az ad\u00f3\u00e9k m\u00e9rt\u00e9ke\" class=\"wp-image-13883\" srcset=\"https:\/\/hu.andersen.com\/wp-content\/uploads\/2019\/09\/Magyar-adorendszer-ado-es-jarulekteher-a-munkabereken.jpg 800w, https:\/\/hu.andersen.com\/wp-content\/uploads\/2019\/09\/Magyar-adorendszer-ado-es-jarulekteher-a-munkabereken-300x209.jpg 300w, https:\/\/hu.andersen.com\/wp-content\/uploads\/2019\/09\/Magyar-adorendszer-ado-es-jarulekteher-a-munkabereken-768x536.jpg 768w\" sizes=\"auto, (max-width: 800px) 100vw, 800px\" \/><\/figure>\n<\/div>\n\n\n<p class=\"has-text-align-center has-small-font-size\"><em>Forr\u00e1s: OECD<\/em><\/p>\n\n\n\n<p>Az ad\u00f3\u00e9k jelent\u0151sen kisebb a t\u00f6bb gyermeket nevel\u0151 h\u00e1zasp\u00e1rok eset\u00e9ben. Az al\u00e1bbi \u00e1br\u00e1n az \u00e1tlagj\u00f6vedelemmel rendelkez\u0151 <strong>k\u00e9tgyermekes h\u00e1zasp\u00e1rok ad\u00f3\u00e9k\u00e9nek<\/strong> m\u00e9rt\u00e9ke l\u00e1that\u00f3 a vizsg\u00e1lt orsz\u00e1gokban.<\/p>\n\n\n<div class=\"wp-block-image\">\n<figure class=\"aligncenter size-full\"><img loading=\"lazy\" decoding=\"async\" width=\"800\" height=\"511\" src=\"https:\/\/hu.andersen.com\/wp-content\/uploads\/2019\/09\/Magyar-adorendszer-ketgyermekes-hazasparok-adoekenek-merteke.jpg\" alt=\"K\u00e9tgyermekes h\u00e1zasp\u00e1rok ad\u00f3\u00e9k\u00e9nek m\u00e9rt\u00e9ke\" class=\"wp-image-13887\" srcset=\"https:\/\/hu.andersen.com\/wp-content\/uploads\/2019\/09\/Magyar-adorendszer-ketgyermekes-hazasparok-adoekenek-merteke.jpg 800w, https:\/\/hu.andersen.com\/wp-content\/uploads\/2019\/09\/Magyar-adorendszer-ketgyermekes-hazasparok-adoekenek-merteke-300x192.jpg 300w, https:\/\/hu.andersen.com\/wp-content\/uploads\/2019\/09\/Magyar-adorendszer-ketgyermekes-hazasparok-adoekenek-merteke-768x491.jpg 768w\" sizes=\"auto, (max-width: 800px) 100vw, 800px\" \/><\/figure>\n<\/div>\n\n\n<p class=\"has-text-align-center has-small-font-size\"><em>Forr\u00e1s: OECD<\/em><\/p>\n\n\n\n<h2 class=\"wp-block-heading has-text-color has-link-color has-medium-font-size wp-elements-7ed3c8aeb6103b25129e331d0b8e60ae\" id=\"h-a-magyar-adorendszer-kevesbe-ismert-jellemzoje-adoszabadsag-napja\" style=\"color:#781616\"><strong>A magyar ad\u00f3rendszer kev\u00e9sb\u00e9 ismert jellemz\u0151je &#8211; Ad\u00f3szabads\u00e1g napja<\/strong><\/h2>\n\n\n\n<p>Az adott orsz\u00e1g ad\u00f3rendszer\u00e9t jellemz\u0151 egyik rendhagy\u00f3 mutat\u00f3sz\u00e1m (forr\u00e1s: Institut \u00c9conomique Molinari) az \u00fagynevezett ad\u00f3szabads\u00e1g napja, ami <strong>azt a napot jel\u00f6li, amikort\u00f3l a munkav\u00e1llal\u00f3k m\u00e1r saj\u00e1t maguknak, \u00e9s nem az \u00e1llamnak keresik a p\u00e9nzt<\/strong>. Min\u00e9l kor\u00e1bbra esik ez a nap, ann\u00e1l kisebb az ad\u00f3terhel\u00e9s. A mutat\u00f3sz\u00e1m kisz\u00e1m\u00edt\u00e1sa sor\u00e1n nem csak a brutt\u00f3 b\u00e9rre rak\u00f3d\u00f3 terheket veszik figyelembe, hanem a fogyaszt\u00e1s megad\u00f3ztat\u00e1s\u00e1t, teh\u00e1t az \u00e1f\u00e1t is.<\/p>\n\n\n<div class=\"wp-block-image\">\n<figure class=\"aligncenter size-full is-resized\"><img loading=\"lazy\" decoding=\"async\" width=\"800\" height=\"569\" src=\"https:\/\/hu.andersen.com\/wp-content\/uploads\/2019\/09\/Magyar-adorendszer-adoszabadsag-napja.jpg\" alt=\"Ad\u00f3szabads\u00e1g napja\" class=\"wp-image-13892\" style=\"width:840px;height:auto\" srcset=\"https:\/\/hu.andersen.com\/wp-content\/uploads\/2019\/09\/Magyar-adorendszer-adoszabadsag-napja.jpg 800w, https:\/\/hu.andersen.com\/wp-content\/uploads\/2019\/09\/Magyar-adorendszer-adoszabadsag-napja-300x213.jpg 300w, https:\/\/hu.andersen.com\/wp-content\/uploads\/2019\/09\/Magyar-adorendszer-adoszabadsag-napja-768x546.jpg 768w\" sizes=\"auto, (max-width: 800px) 100vw, 800px\" \/><\/figure>\n<\/div><\/div>\n<\/div>\n\n\n\n<p class=\"has-text-align-center has-small-font-size\"><em>Forr\u00e1s: Institut \u00c9conomique Molinari<\/em><\/p>\n","protected":false},"excerpt":{"rendered":"<p>Milyen terhet rak az ad\u00f3alanyokra a magyar ad\u00f3rendszer? Mennyire nyomaszt\u00f3 ez a teher?<\/p>\n","protected":false},"author":103,"featured_media":0,"comment_status":"open","ping_status":"closed","sticky":false,"template":"","format":"standard","meta":{"_acf_changed":false,"_genesis_hide_title":false,"_genesis_hide_breadcrumbs":false,"_genesis_hide_singular_image":false,"_genesis_hide_footer_widgets":false,"_genesis_custom_body_class":"","_genesis_custom_post_class":"","_genesis_layout":"","footnotes":""},"categories":[38],"tags":[],"class_list":{"0":"post-3309","1":"post","2":"type-post","3":"status-publish","4":"format-standard","6":"category-hirek","7":"entry"},"acf":[],"featured_image_src":null,"author_info":{"display_name":"","author_link":"https:\/\/hu.andersen.com\/hu\/author\/"},"yoast_head":"<!-- This site is optimized with the Yoast SEO Premium plugin v27.4 (Yoast SEO v27.4) - https:\/\/yoast.com\/product\/yoast-seo-premium-wordpress\/ -->\n<title>Mennyire szor\u00edt a magyar ad\u00f3rendszer - Andersen<\/title>\n<meta name=\"description\" content=\"Milyen terhet rak az ad\u00f3alanyokra a magyar ad\u00f3rendszer? Mennyire nyomaszt\u00f3 ez a teher? Mennyire bonyolult maga a rendszer?\" \/>\n<meta name=\"robots\" content=\"index, follow, max-snippet:-1, max-image-preview:large, max-video-preview:-1\" \/>\n<link rel=\"canonical\" href=\"https:\/\/hu.andersen.com\/hu\/hirek\/mennyire-szorit-a-magyar-adorendszer\/\" \/>\n<meta property=\"og:locale\" content=\"hu_HU\" \/>\n<meta property=\"og:type\" content=\"article\" \/>\n<meta property=\"og:title\" content=\"Mennyire szor\u00edt a magyar ad\u00f3rendszer?\" \/>\n<meta property=\"og:description\" content=\"Milyen terhet rak az ad\u00f3alanyokra a magyar ad\u00f3rendszer? Mennyire nyomaszt\u00f3 ez a teher? Mennyire bonyolult maga a rendszer?\" \/>\n<meta property=\"og:url\" content=\"https:\/\/hu.andersen.com\/hu\/hirek\/mennyire-szorit-a-magyar-adorendszer\/\" \/>\n<meta property=\"og:site_name\" content=\"Andersen Magyarorsz\u00e1g\" \/>\n<meta property=\"article:published_time\" content=\"2019-09-10T22:00:00+00:00\" \/>\n<meta property=\"article:modified_time\" content=\"2025-09-14T15:38:32+00:00\" \/>\n<meta property=\"og:image\" content=\"https:\/\/hu.andersen.com\/wp-content\/uploads\/2019\/09\/Magyar-adorendszer-szemelyi-jovedelemado-kulcs.jpg\" \/>\n\t<meta property=\"og:image:width\" content=\"800\" \/>\n\t<meta property=\"og:image:height\" content=\"538\" \/>\n\t<meta property=\"og:image:type\" content=\"image\/jpeg\" \/>\n<meta name=\"twitter:card\" content=\"summary_large_image\" \/>\n<meta name=\"twitter:label1\" content=\"Szerz\u0151:\" \/>\n\t<meta name=\"twitter:data1\" content=\"\" \/>\n\t<meta name=\"twitter:label2\" content=\"Becs\u00fclt olvas\u00e1si id\u0151\" \/>\n\t<meta name=\"twitter:data2\" content=\"6 perc\" \/>\n<script type=\"application\/ld+json\" class=\"yoast-schema-graph\">{\"@context\":\"https:\\\/\\\/schema.org\",\"@graph\":[{\"@type\":\"Article\",\"@id\":\"https:\\\/\\\/hu.andersen.com\\\/hu\\\/hirek\\\/mennyire-szorit-a-magyar-adorendszer\\\/#article\",\"isPartOf\":{\"@id\":\"https:\\\/\\\/hu.andersen.com\\\/hu\\\/hirek\\\/mennyire-szorit-a-magyar-adorendszer\\\/\"},\"author\":{\"name\":\"\",\"@id\":\"\"},\"headline\":\"Mennyire szor\u00edt a magyar ad\u00f3rendszer?\",\"datePublished\":\"2019-09-10T22:00:00+00:00\",\"dateModified\":\"2025-09-14T15:38:32+00:00\",\"mainEntityOfPage\":{\"@id\":\"https:\\\/\\\/hu.andersen.com\\\/hu\\\/hirek\\\/mennyire-szorit-a-magyar-adorendszer\\\/\"},\"wordCount\":1199,\"commentCount\":0,\"image\":{\"@id\":\"https:\\\/\\\/hu.andersen.com\\\/hu\\\/hirek\\\/mennyire-szorit-a-magyar-adorendszer\\\/#primaryimage\"},\"thumbnailUrl\":\"https:\\\/\\\/hu.andersen.com\\\/wp-content\\\/uploads\\\/2019\\\/09\\\/Magyar-adorendszer-szemelyi-jovedelemado-kulcs.jpg\",\"articleSection\":[\"H\u00edrek\"],\"inLanguage\":\"hu\"},{\"@type\":\"WebPage\",\"@id\":\"https:\\\/\\\/hu.andersen.com\\\/hu\\\/hirek\\\/mennyire-szorit-a-magyar-adorendszer\\\/\",\"url\":\"https:\\\/\\\/hu.andersen.com\\\/hu\\\/hirek\\\/mennyire-szorit-a-magyar-adorendszer\\\/\",\"name\":\"Mennyire szor\u00edt a magyar ad\u00f3rendszer - Andersen\",\"isPartOf\":{\"@id\":\"https:\\\/\\\/hu.andersen.com\\\/#website\"},\"primaryImageOfPage\":{\"@id\":\"https:\\\/\\\/hu.andersen.com\\\/hu\\\/hirek\\\/mennyire-szorit-a-magyar-adorendszer\\\/#primaryimage\"},\"image\":{\"@id\":\"https:\\\/\\\/hu.andersen.com\\\/hu\\\/hirek\\\/mennyire-szorit-a-magyar-adorendszer\\\/#primaryimage\"},\"thumbnailUrl\":\"https:\\\/\\\/hu.andersen.com\\\/wp-content\\\/uploads\\\/2019\\\/09\\\/Magyar-adorendszer-szemelyi-jovedelemado-kulcs.jpg\",\"datePublished\":\"2019-09-10T22:00:00+00:00\",\"dateModified\":\"2025-09-14T15:38:32+00:00\",\"author\":{\"@id\":\"\"},\"description\":\"Milyen terhet rak az ad\u00f3alanyokra a magyar ad\u00f3rendszer? Mennyire nyomaszt\u00f3 ez a teher? Mennyire bonyolult maga a rendszer?\",\"breadcrumb\":{\"@id\":\"https:\\\/\\\/hu.andersen.com\\\/hu\\\/hirek\\\/mennyire-szorit-a-magyar-adorendszer\\\/#breadcrumb\"},\"inLanguage\":\"hu\",\"potentialAction\":[{\"@type\":\"ReadAction\",\"target\":[\"https:\\\/\\\/hu.andersen.com\\\/hu\\\/hirek\\\/mennyire-szorit-a-magyar-adorendszer\\\/\"]}]},{\"@type\":\"ImageObject\",\"inLanguage\":\"hu\",\"@id\":\"https:\\\/\\\/hu.andersen.com\\\/hu\\\/hirek\\\/mennyire-szorit-a-magyar-adorendszer\\\/#primaryimage\",\"url\":\"https:\\\/\\\/hu.andersen.com\\\/wp-content\\\/uploads\\\/2019\\\/09\\\/Magyar-adorendszer-szemelyi-jovedelemado-kulcs.jpg\",\"contentUrl\":\"https:\\\/\\\/hu.andersen.com\\\/wp-content\\\/uploads\\\/2019\\\/09\\\/Magyar-adorendszer-szemelyi-jovedelemado-kulcs.jpg\"},{\"@type\":\"BreadcrumbList\",\"@id\":\"https:\\\/\\\/hu.andersen.com\\\/hu\\\/hirek\\\/mennyire-szorit-a-magyar-adorendszer\\\/#breadcrumb\",\"itemListElement\":[{\"@type\":\"ListItem\",\"position\":1,\"name\":\"Kezd\u0151lap\",\"item\":\"https:\\\/\\\/hu.andersen.com\\\/hu\\\/\"},{\"@type\":\"ListItem\",\"position\":2,\"name\":\"Mennyire szor\u00edt a magyar ad\u00f3rendszer?\"}]},{\"@type\":\"WebSite\",\"@id\":\"https:\\\/\\\/hu.andersen.com\\\/#website\",\"url\":\"https:\\\/\\\/hu.andersen.com\\\/\",\"name\":\"Andersen In Hungary\",\"description\":\"Ad\u00f3tan\u00e1csad\u00e1s \u00e9s jogi tan\u00e1csad\u00e1s\",\"potentialAction\":[{\"@type\":\"SearchAction\",\"target\":{\"@type\":\"EntryPoint\",\"urlTemplate\":\"https:\\\/\\\/hu.andersen.com\\\/?s={search_term_string}\"},\"query-input\":{\"@type\":\"PropertyValueSpecification\",\"valueRequired\":true,\"valueName\":\"search_term_string\"}}],\"inLanguage\":\"hu\"},{\"@type\":\"Person\",\"@id\":\"\",\"url\":\"https:\\\/\\\/hu.andersen.com\\\/hu\\\/author\\\/\"}]}<\/script>\n<!-- \/ Yoast SEO Premium plugin. -->","yoast_head_json":{"title":"Mennyire szor\u00edt a magyar ad\u00f3rendszer - Andersen","description":"Milyen terhet rak az ad\u00f3alanyokra a magyar ad\u00f3rendszer? Mennyire nyomaszt\u00f3 ez a teher? Mennyire bonyolult maga a rendszer?","robots":{"index":"index","follow":"follow","max-snippet":"max-snippet:-1","max-image-preview":"max-image-preview:large","max-video-preview":"max-video-preview:-1"},"canonical":"https:\/\/hu.andersen.com\/hu\/hirek\/mennyire-szorit-a-magyar-adorendszer\/","og_locale":"hu_HU","og_type":"article","og_title":"Mennyire szor\u00edt a magyar ad\u00f3rendszer?","og_description":"Milyen terhet rak az ad\u00f3alanyokra a magyar ad\u00f3rendszer? Mennyire nyomaszt\u00f3 ez a teher? Mennyire bonyolult maga a rendszer?","og_url":"https:\/\/hu.andersen.com\/hu\/hirek\/mennyire-szorit-a-magyar-adorendszer\/","og_site_name":"Andersen Magyarorsz\u00e1g","article_published_time":"2019-09-10T22:00:00+00:00","article_modified_time":"2025-09-14T15:38:32+00:00","og_image":[{"width":800,"height":538,"url":"https:\/\/hu.andersen.com\/wp-content\/uploads\/2019\/09\/Magyar-adorendszer-szemelyi-jovedelemado-kulcs.jpg","type":"image\/jpeg"}],"twitter_card":"summary_large_image","twitter_misc":{"Szerz\u0151:":"","Becs\u00fclt olvas\u00e1si id\u0151":"6 perc"},"schema":{"@context":"https:\/\/schema.org","@graph":[{"@type":"Article","@id":"https:\/\/hu.andersen.com\/hu\/hirek\/mennyire-szorit-a-magyar-adorendszer\/#article","isPartOf":{"@id":"https:\/\/hu.andersen.com\/hu\/hirek\/mennyire-szorit-a-magyar-adorendszer\/"},"author":{"name":"","@id":""},"headline":"Mennyire szor\u00edt a magyar ad\u00f3rendszer?","datePublished":"2019-09-10T22:00:00+00:00","dateModified":"2025-09-14T15:38:32+00:00","mainEntityOfPage":{"@id":"https:\/\/hu.andersen.com\/hu\/hirek\/mennyire-szorit-a-magyar-adorendszer\/"},"wordCount":1199,"commentCount":0,"image":{"@id":"https:\/\/hu.andersen.com\/hu\/hirek\/mennyire-szorit-a-magyar-adorendszer\/#primaryimage"},"thumbnailUrl":"https:\/\/hu.andersen.com\/wp-content\/uploads\/2019\/09\/Magyar-adorendszer-szemelyi-jovedelemado-kulcs.jpg","articleSection":["H\u00edrek"],"inLanguage":"hu"},{"@type":"WebPage","@id":"https:\/\/hu.andersen.com\/hu\/hirek\/mennyire-szorit-a-magyar-adorendszer\/","url":"https:\/\/hu.andersen.com\/hu\/hirek\/mennyire-szorit-a-magyar-adorendszer\/","name":"Mennyire szor\u00edt a magyar ad\u00f3rendszer - Andersen","isPartOf":{"@id":"https:\/\/hu.andersen.com\/#website"},"primaryImageOfPage":{"@id":"https:\/\/hu.andersen.com\/hu\/hirek\/mennyire-szorit-a-magyar-adorendszer\/#primaryimage"},"image":{"@id":"https:\/\/hu.andersen.com\/hu\/hirek\/mennyire-szorit-a-magyar-adorendszer\/#primaryimage"},"thumbnailUrl":"https:\/\/hu.andersen.com\/wp-content\/uploads\/2019\/09\/Magyar-adorendszer-szemelyi-jovedelemado-kulcs.jpg","datePublished":"2019-09-10T22:00:00+00:00","dateModified":"2025-09-14T15:38:32+00:00","author":{"@id":""},"description":"Milyen terhet rak az ad\u00f3alanyokra a magyar ad\u00f3rendszer? Mennyire nyomaszt\u00f3 ez a teher? Mennyire bonyolult maga a rendszer?","breadcrumb":{"@id":"https:\/\/hu.andersen.com\/hu\/hirek\/mennyire-szorit-a-magyar-adorendszer\/#breadcrumb"},"inLanguage":"hu","potentialAction":[{"@type":"ReadAction","target":["https:\/\/hu.andersen.com\/hu\/hirek\/mennyire-szorit-a-magyar-adorendszer\/"]}]},{"@type":"ImageObject","inLanguage":"hu","@id":"https:\/\/hu.andersen.com\/hu\/hirek\/mennyire-szorit-a-magyar-adorendszer\/#primaryimage","url":"https:\/\/hu.andersen.com\/wp-content\/uploads\/2019\/09\/Magyar-adorendszer-szemelyi-jovedelemado-kulcs.jpg","contentUrl":"https:\/\/hu.andersen.com\/wp-content\/uploads\/2019\/09\/Magyar-adorendszer-szemelyi-jovedelemado-kulcs.jpg"},{"@type":"BreadcrumbList","@id":"https:\/\/hu.andersen.com\/hu\/hirek\/mennyire-szorit-a-magyar-adorendszer\/#breadcrumb","itemListElement":[{"@type":"ListItem","position":1,"name":"Kezd\u0151lap","item":"https:\/\/hu.andersen.com\/hu\/"},{"@type":"ListItem","position":2,"name":"Mennyire szor\u00edt a magyar ad\u00f3rendszer?"}]},{"@type":"WebSite","@id":"https:\/\/hu.andersen.com\/#website","url":"https:\/\/hu.andersen.com\/","name":"Andersen In Hungary","description":"Ad\u00f3tan\u00e1csad\u00e1s \u00e9s jogi tan\u00e1csad\u00e1s","potentialAction":[{"@type":"SearchAction","target":{"@type":"EntryPoint","urlTemplate":"https:\/\/hu.andersen.com\/?s={search_term_string}"},"query-input":{"@type":"PropertyValueSpecification","valueRequired":true,"valueName":"search_term_string"}}],"inLanguage":"hu"},{"@type":"Person","@id":"","url":"https:\/\/hu.andersen.com\/hu\/author\/"}]}},"_links":{"self":[{"href":"https:\/\/hu.andersen.com\/hu\/wp-json\/wp\/v2\/posts\/3309","targetHints":{"allow":["GET"]}}],"collection":[{"href":"https:\/\/hu.andersen.com\/hu\/wp-json\/wp\/v2\/posts"}],"about":[{"href":"https:\/\/hu.andersen.com\/hu\/wp-json\/wp\/v2\/types\/post"}],"author":[{"embeddable":true,"href":"https:\/\/hu.andersen.com\/hu\/wp-json\/wp\/v2\/users\/103"}],"replies":[{"embeddable":true,"href":"https:\/\/hu.andersen.com\/hu\/wp-json\/wp\/v2\/comments?post=3309"}],"version-history":[{"count":17,"href":"https:\/\/hu.andersen.com\/hu\/wp-json\/wp\/v2\/posts\/3309\/revisions"}],"predecessor-version":[{"id":13898,"href":"https:\/\/hu.andersen.com\/hu\/wp-json\/wp\/v2\/posts\/3309\/revisions\/13898"}],"wp:attachment":[{"href":"https:\/\/hu.andersen.com\/hu\/wp-json\/wp\/v2\/media?parent=3309"}],"wp:term":[{"taxonomy":"category","embeddable":true,"href":"https:\/\/hu.andersen.com\/hu\/wp-json\/wp\/v2\/categories?post=3309"},{"taxonomy":"post_tag","embeddable":true,"href":"https:\/\/hu.andersen.com\/hu\/wp-json\/wp\/v2\/tags?post=3309"}],"curies":[{"name":"wp","href":"https:\/\/api.w.org\/{rel}","templated":true}]}}