{"id":5326,"date":"2021-04-28T14:19:56","date_gmt":"2021-04-28T12:19:56","guid":{"rendered":"https:\/\/hu.andersen.com\/?p=5326"},"modified":"2024-11-28T14:00:27","modified_gmt":"2024-11-28T13:00:27","slug":"szep-kartya-a-szallashely-alszamlarol-is-fizethetunk-az-etelert","status":"publish","type":"post","link":"https:\/\/hu.andersen.com\/hu\/hirek\/szep-kartya-a-szallashely-alszamlarol-is-fizethetunk-az-etelert\/","title":{"rendered":"A sz\u00e1ll\u00e1shely alsz\u00e1ml\u00e1r\u00f3l is fizethet\u00fcnk az \u00e9tel\u00e9rt SZ\u00c9P-k\u00e1rty\u00e1val"},"content":{"rendered":"\n<p><strong>A korm\u00e1ny rendelete alapj\u00e1n 2021. \u00e1prilis 25-t\u0151l ez \u00e9v v\u00e9g\u00e9ig szabad az \u00e1tj\u00e1r\u00e1s a <a href=\"https:\/\/hu.andersen.com\/hu\/hirek\/szep-kartya-uj-zseb-szabalyvaltozasok-2025\/\">SZ\u00c9P-k\u00e1rtya<\/a> alsz\u00e1ml\u00e1i k\u00f6z\u00f6tt. Az int\u00e9zked\u00e9s mintegy egymilli\u00f3 munkav\u00e1llal\u00f3t \u00e9rint, akik vas\u00e1rnapt\u00f3l b\u00e1rmelyik \u201ezsebb\u0151l\u201d fizethetnek a sz\u00e1ll\u00e1shely\u00e9rt, a vend\u00e9gl\u00e1t\u00e1s\u00e9rt vagy a szabadid\u0151s szolg\u00e1ltat\u00e1sok\u00e9rt. A tervek szerint a juttat\u00e1si form\u00e1t \u00e9rint\u0151 jelent\u0151s ad\u00f3k\u00f6nny\u00edt\u00e9sek \u00e9v v\u00e9g\u00e9ig maradnak \u00e9rv\u00e9nyben.<\/strong><\/p>\n\n\n\n<p>A 178\/2021. (IV. 15.) sz\u00e1m\u00fa korm\u00e1nyrendelet l\u00e9nyeg\u00e9ben egys\u00e9ges\u00edti a SZ\u00c9P-k\u00e1rtya h\u00e1rom k\u00fcl\u00f6n\u00e1ll\u00f3 zseb\u00e9t. F\u00fcggetlen\u00fcl att\u00f3l, hogy kor\u00e1bban milyen c\u00edmsz\u00f3 alatt mennyi juttat\u00e1st k\u00e9rtek, a munkav\u00e1llal\u00f3k ez \u00e9v v\u00e9g\u00e9ig szabadon haszn\u00e1lhatj\u00e1k fel az \u00f6sszes\u00edtett keret\u00fcket, teh\u00e1t p\u00e9ld\u00e1ul a sz\u00e1ll\u00e1shely alsz\u00e1mla terh\u00e9re \u00e9ttermi szolg\u00e1ltat\u00e1sokra is k\u00f6lthetnek.<\/p>\n\n\n\n<p>Az int\u00e9zked\u00e9s egyik c\u00e9lja, hogy ne ragadjon nagyobb p\u00e9nzmennyis\u00e9g a SZ\u00c9P-k\u00e1rty\u00e1kon. Egy m\u00e1sik kiemelt c\u00e9l, hogy az objekt\u00edv okok miatt el nem k\u00f6lthet\u0151 (p\u00e9ld\u00e1ul sz\u00e1ll\u00e1shelyre ford\u00edthat\u00f3) \u00f6sszegek olyan \u00e1gazatokba jussanak el, ahol a felhaszn\u00e1l\u00e1snak nincsenek jogszab\u00e1lyi vagy a v\u00e9delmi int\u00e9zked\u00e9sekkel \u00f6sszef\u00fcgg\u0151 akad\u00e1lyai. A P\u00e9nz\u00fcgyminiszt\u00e9rium indokl\u00e1sa szerint a rendelkez\u00e9s nem csak az egymilli\u00f3 SZ\u00c9P-k\u00e1rtya tulajdonosnak jelent k\u00f6nny\u00edt\u00e9st, de a koronav\u00edrus-j\u00e1rv\u00e1nynak legink\u00e1bb kitett turizmust is t\u00e1mogatja.<\/p>\n\n\n\n<p>\u00c9rdemes kiemelni, hogy a gazdas\u00e1gv\u00e9delmi int\u00e9zked\u00e9s-csomag r\u00e9szek\u00e9nt a korm\u00e1ny 2020. \u00e1prilis 22-\u00e9n k\u00e9t fontos int\u00e9zked\u00e9st hozott a munkav\u00e1llal\u00f3k \u00e1ltal kedvelt juttat\u00e1si form\u00e1val kapcsolatban. Egyr\u00e9szt jelent\u0151sen cs\u00f6kkentette a SZ\u00c9P-k\u00e1rtya ad\u00f3terh\u00e9t (akkor 32,5 %-r\u00f3l 15 %-ra), amelyet \u00edgy az\u00f3ta csak szem\u00e9lyi j\u00f6vedelemad\u00f3 terhel, szoci\u00e1lis hozz\u00e1j\u00e1rul\u00e1si ad\u00f3 nem. M\u00e1sr\u00e9szt 800 ezer forintra emelte a SZ\u00c9P-k\u00e1rtya juttat\u00e1sok kombin\u00e1lt fels\u0151 korl\u00e1tj\u00e1t, amely kor\u00e1bban 450 ezer forint volt.<\/p>\n\n\n\n<p>Ezek az int\u00e9zked\u00e9sek jelenleg 2021. j\u00fanius 30-ig vannak \u00e9rv\u00e9nyben, ha a korm\u00e1ny azonban elfogadja a Versenyk\u00e9pess\u00e9gi Tan\u00e1cs javaslat\u00e1t, akkor e rendelkez\u00e9sek hat\u00e1ly\u00e1t (egy err\u0151l sz\u00f3l\u00f3 t\u00f6rv\u00e9nym\u00f3dos\u00edt\u00e1si javaslat beterjeszt\u00e9s\u00e9vel) ez \u00e9v v\u00e9gi\u00e9g is meghosszabb\u00edthatja. Megjegyezz\u00fck, hogy a kedvezm\u00e9nyes ad\u00f3z\u00e1s \u00e9s a magasabb fels\u0151 korl\u00e1t \u00e9v v\u00e9g\u00e9ig t\u00f6rt\u00e9n\u0151 kiterjeszt\u00e9se nem csak az\u00e9rt lenne j\u00f3 a munk\u00e1ltat\u00f3knak, mert \u00edgy olcs\u00f3bban \u00e9s rugalmasabban tudn\u00e1nak juttat\u00e1sokat biztos\u00edtani a munkav\u00e1llal\u00f3iknak, de egy\u00fattal adminisztrat\u00edv szempontb\u00f3l is nagyban egyszer\u0171s\u00edten\u00e9 a folyamatot, hiszen sok munk\u00e1ltat\u00f3 a j\u00fanius 30-ai korl\u00e1t miatt egyel\u0151re csak a r\u00e9gi szab\u00e1lyok szerint vagy kiz\u00e1r\u00f3lag az els\u0151 f\u00e9l\u00e9vre nyilatkoztatta a munkav\u00e1llal\u00f3kat, amely \u00edgy egyszer\u0171bben kiterjeszthet\u0151 lenne ak\u00e1r a teljes \u00e9vre.<\/p>\n\n\n\n<p>A t\u00e9m\u00e1val kapcsolatban Radnai K\u00e1roly, az Andersen Ad\u00f3tan\u00e1csad\u00f3 Zrt. vez\u00e9rigazgat\u00f3ja nyilatkozott a Kossuth R\u00e1di\u00f3 J\u00f3 Reggelt, Magyarorsz\u00e1g! c\u00edm\u0171 m\u0171sor\u00e1nak. A nyilatkozat az al\u00e1bbi <a href=\"https:\/\/youtu.be\/HzzIz0u4HSA\" target=\"_blank\" rel=\"noreferrer noopener\">vide\u00f3ban<\/a> hallgathat\u00f3 meg.<\/p>\n","protected":false},"excerpt":{"rendered":"<p>Szabad az \u00e1tj\u00e1r\u00e1s az alsz\u00e1ml\u00e1k k\u00f6z\u00f6tt. Tervben van tov\u00e1bb\u00e1 a juttat\u00e1st \u00e9rint\u0151 ad\u00f3k\u00f6nny\u00edt\u00e9sek \u00e9v v\u00e9g\u00e9ig t\u00f6rt\u00e9n\u0151 meghosszabb\u00edt\u00e1sa.<\/p>\n","protected":false},"author":103,"featured_media":5335,"comment_status":"open","ping_status":"open","sticky":false,"template":"","format":"standard","meta":{"_acf_changed":false,"_genesis_hide_title":false,"_genesis_hide_breadcrumbs":false,"_genesis_hide_singular_image":false,"_genesis_hide_footer_widgets":false,"_genesis_custom_body_class":"","_genesis_custom_post_class":"","_genesis_layout":"","footnotes":""},"categories":[38],"tags":[41],"class_list":{"0":"post-5326","1":"post","2":"type-post","3":"status-publish","4":"format-standard","5":"has-post-thumbnail","7":"category-hirek","8":"tag-slider-2","9":"entry"},"acf":[],"featured_image_src":"https:\/\/hu.andersen.com\/wp-content\/uploads\/2021\/04\/szep.jpg","author_info":{"display_name":"","author_link":"https:\/\/hu.andersen.com\/hu\/author\/"},"yoast_head":"<!-- This site is optimized with the Yoast SEO Premium plugin v27.4 (Yoast SEO v27.4) - https:\/\/yoast.com\/product\/yoast-seo-premium-wordpress\/ -->\n<title>A sz\u00e1ll\u00e1shely alsz\u00e1ml\u00e1r\u00f3l is fizethet\u00fcnk az \u00e9tel\u00e9rt SZ\u00c9P-k\u00e1rty\u00e1val - Andersen Magyarorsz\u00e1g<\/title>\n<meta name=\"description\" content=\"A korm\u00e1ny rendelete alapj\u00e1n 2021. \u00e1prilis 25-t\u0151l ez \u00e9v v\u00e9g\u00e9ig szabad az \u00e1tj\u00e1r\u00e1s a SZ\u00c9P-k\u00e1rtya alsz\u00e1ml\u00e1i k\u00f6z\u00f6tt. Az int\u00e9zked\u00e9s mintegy egymilli\u00f3 munkav\u00e1llal\u00f3t \u00e9rint, akik vas\u00e1rnapt\u00f3l b\u00e1rmelyik \u201ezsebb\u0151l\u201d fizethetnek a sz\u00e1ll\u00e1shely\u00e9rt, a vend\u00e9gl\u00e1t\u00e1s\u00e9rt vagy a szabadid\u0151s szolg\u00e1ltat\u00e1sok\u00e9rt. A tervek szerint a juttat\u00e1si form\u00e1t \u00e9rint\u0151 jelent\u0151s ad\u00f3k\u00f6nny\u00edt\u00e9sek \u00e9v v\u00e9g\u00e9ig maradnak \u00e9rv\u00e9nyben.\" \/>\n<meta name=\"robots\" content=\"index, follow, max-snippet:-1, max-image-preview:large, max-video-preview:-1\" \/>\n<link rel=\"canonical\" href=\"https:\/\/hu.andersen.com\/hu\/hirek\/szep-kartya-a-szallashely-alszamlarol-is-fizethetunk-az-etelert\/\" \/>\n<meta property=\"og:locale\" content=\"hu_HU\" \/>\n<meta property=\"og:type\" content=\"article\" \/>\n<meta property=\"og:title\" content=\"A sz\u00e1ll\u00e1shely alsz\u00e1ml\u00e1r\u00f3l is fizethet\u00fcnk az \u00e9tel\u00e9rt SZ\u00c9P-k\u00e1rty\u00e1val\" \/>\n<meta property=\"og:description\" content=\"A korm\u00e1ny rendelete alapj\u00e1n 2021. \u00e1prilis 25-t\u0151l ez \u00e9v v\u00e9g\u00e9ig szabad az \u00e1tj\u00e1r\u00e1s a SZ\u00c9P-k\u00e1rtya alsz\u00e1ml\u00e1i k\u00f6z\u00f6tt. Az int\u00e9zked\u00e9s mintegy egymilli\u00f3 munkav\u00e1llal\u00f3t \u00e9rint, akik vas\u00e1rnapt\u00f3l b\u00e1rmelyik \u201ezsebb\u0151l\u201d fizethetnek a sz\u00e1ll\u00e1shely\u00e9rt, a vend\u00e9gl\u00e1t\u00e1s\u00e9rt vagy a szabadid\u0151s szolg\u00e1ltat\u00e1sok\u00e9rt. A tervek szerint a juttat\u00e1si form\u00e1t \u00e9rint\u0151 jelent\u0151s ad\u00f3k\u00f6nny\u00edt\u00e9sek \u00e9v v\u00e9g\u00e9ig maradnak \u00e9rv\u00e9nyben.\" \/>\n<meta property=\"og:url\" content=\"https:\/\/hu.andersen.com\/hu\/hirek\/szep-kartya-a-szallashely-alszamlarol-is-fizethetunk-az-etelert\/\" \/>\n<meta property=\"og:site_name\" content=\"Andersen Magyarorsz\u00e1g\" \/>\n<meta property=\"article:published_time\" content=\"2021-04-28T12:19:56+00:00\" \/>\n<meta property=\"article:modified_time\" content=\"2024-11-28T13:00:27+00:00\" \/>\n<meta property=\"og:image\" content=\"https:\/\/hu.andersen.com\/wp-content\/uploads\/2021\/04\/szep.jpg\" \/>\n\t<meta property=\"og:image:width\" content=\"1640\" \/>\n\t<meta property=\"og:image:height\" content=\"780\" \/>\n\t<meta property=\"og:image:type\" content=\"image\/jpeg\" \/>\n<meta name=\"twitter:card\" content=\"summary_large_image\" \/>\n<meta name=\"twitter:label1\" content=\"Szerz\u0151:\" \/>\n\t<meta name=\"twitter:data1\" content=\"\" \/>\n\t<meta name=\"twitter:label2\" content=\"Becs\u00fclt olvas\u00e1si id\u0151\" \/>\n\t<meta name=\"twitter:data2\" content=\"2 perc\" \/>\n<script type=\"application\/ld+json\" class=\"yoast-schema-graph\">{\"@context\":\"https:\\\/\\\/schema.org\",\"@graph\":[{\"@type\":\"Article\",\"@id\":\"https:\\\/\\\/hu.andersen.com\\\/hu\\\/hirek\\\/szep-kartya-a-szallashely-alszamlarol-is-fizethetunk-az-etelert\\\/#article\",\"isPartOf\":{\"@id\":\"https:\\\/\\\/hu.andersen.com\\\/hu\\\/hirek\\\/szep-kartya-a-szallashely-alszamlarol-is-fizethetunk-az-etelert\\\/\"},\"author\":{\"name\":\"\",\"@id\":\"\"},\"headline\":\"A sz\u00e1ll\u00e1shely alsz\u00e1ml\u00e1r\u00f3l is fizethet\u00fcnk az \u00e9tel\u00e9rt SZ\u00c9P-k\u00e1rty\u00e1val\",\"datePublished\":\"2021-04-28T12:19:56+00:00\",\"dateModified\":\"2024-11-28T13:00:27+00:00\",\"mainEntityOfPage\":{\"@id\":\"https:\\\/\\\/hu.andersen.com\\\/hu\\\/hirek\\\/szep-kartya-a-szallashely-alszamlarol-is-fizethetunk-az-etelert\\\/\"},\"wordCount\":593,\"commentCount\":0,\"image\":{\"@id\":\"https:\\\/\\\/hu.andersen.com\\\/hu\\\/hirek\\\/szep-kartya-a-szallashely-alszamlarol-is-fizethetunk-az-etelert\\\/#primaryimage\"},\"thumbnailUrl\":\"https:\\\/\\\/hu.andersen.com\\\/wp-content\\\/uploads\\\/2021\\\/04\\\/szep.jpg\",\"keywords\":[\"slider\"],\"articleSection\":[\"H\u00edrek\"],\"inLanguage\":\"hu\"},{\"@type\":\"WebPage\",\"@id\":\"https:\\\/\\\/hu.andersen.com\\\/hu\\\/hirek\\\/szep-kartya-a-szallashely-alszamlarol-is-fizethetunk-az-etelert\\\/\",\"url\":\"https:\\\/\\\/hu.andersen.com\\\/hu\\\/hirek\\\/szep-kartya-a-szallashely-alszamlarol-is-fizethetunk-az-etelert\\\/\",\"name\":\"A sz\u00e1ll\u00e1shely alsz\u00e1ml\u00e1r\u00f3l is fizethet\u00fcnk az \u00e9tel\u00e9rt SZ\u00c9P-k\u00e1rty\u00e1val - Andersen Magyarorsz\u00e1g\",\"isPartOf\":{\"@id\":\"https:\\\/\\\/hu.andersen.com\\\/#website\"},\"primaryImageOfPage\":{\"@id\":\"https:\\\/\\\/hu.andersen.com\\\/hu\\\/hirek\\\/szep-kartya-a-szallashely-alszamlarol-is-fizethetunk-az-etelert\\\/#primaryimage\"},\"image\":{\"@id\":\"https:\\\/\\\/hu.andersen.com\\\/hu\\\/hirek\\\/szep-kartya-a-szallashely-alszamlarol-is-fizethetunk-az-etelert\\\/#primaryimage\"},\"thumbnailUrl\":\"https:\\\/\\\/hu.andersen.com\\\/wp-content\\\/uploads\\\/2021\\\/04\\\/szep.jpg\",\"datePublished\":\"2021-04-28T12:19:56+00:00\",\"dateModified\":\"2024-11-28T13:00:27+00:00\",\"author\":{\"@id\":\"\"},\"description\":\"A korm\u00e1ny rendelete alapj\u00e1n 2021. \u00e1prilis 25-t\u0151l ez \u00e9v v\u00e9g\u00e9ig szabad az \u00e1tj\u00e1r\u00e1s a SZ\u00c9P-k\u00e1rtya alsz\u00e1ml\u00e1i k\u00f6z\u00f6tt. Az int\u00e9zked\u00e9s mintegy egymilli\u00f3 munkav\u00e1llal\u00f3t \u00e9rint, akik vas\u00e1rnapt\u00f3l b\u00e1rmelyik \u201ezsebb\u0151l\u201d fizethetnek a sz\u00e1ll\u00e1shely\u00e9rt, a vend\u00e9gl\u00e1t\u00e1s\u00e9rt vagy a szabadid\u0151s szolg\u00e1ltat\u00e1sok\u00e9rt. A tervek szerint a juttat\u00e1si form\u00e1t \u00e9rint\u0151 jelent\u0151s ad\u00f3k\u00f6nny\u00edt\u00e9sek \u00e9v v\u00e9g\u00e9ig maradnak \u00e9rv\u00e9nyben.\",\"breadcrumb\":{\"@id\":\"https:\\\/\\\/hu.andersen.com\\\/hu\\\/hirek\\\/szep-kartya-a-szallashely-alszamlarol-is-fizethetunk-az-etelert\\\/#breadcrumb\"},\"inLanguage\":\"hu\",\"potentialAction\":[{\"@type\":\"ReadAction\",\"target\":[\"https:\\\/\\\/hu.andersen.com\\\/hu\\\/hirek\\\/szep-kartya-a-szallashely-alszamlarol-is-fizethetunk-az-etelert\\\/\"]}]},{\"@type\":\"ImageObject\",\"inLanguage\":\"hu\",\"@id\":\"https:\\\/\\\/hu.andersen.com\\\/hu\\\/hirek\\\/szep-kartya-a-szallashely-alszamlarol-is-fizethetunk-az-etelert\\\/#primaryimage\",\"url\":\"https:\\\/\\\/hu.andersen.com\\\/wp-content\\\/uploads\\\/2021\\\/04\\\/szep.jpg\",\"contentUrl\":\"https:\\\/\\\/hu.andersen.com\\\/wp-content\\\/uploads\\\/2021\\\/04\\\/szep.jpg\",\"width\":1640,\"height\":780},{\"@type\":\"BreadcrumbList\",\"@id\":\"https:\\\/\\\/hu.andersen.com\\\/hu\\\/hirek\\\/szep-kartya-a-szallashely-alszamlarol-is-fizethetunk-az-etelert\\\/#breadcrumb\",\"itemListElement\":[{\"@type\":\"ListItem\",\"position\":1,\"name\":\"Kezd\u0151lap\",\"item\":\"https:\\\/\\\/hu.andersen.com\\\/hu\\\/\"},{\"@type\":\"ListItem\",\"position\":2,\"name\":\"A sz\u00e1ll\u00e1shely alsz\u00e1ml\u00e1r\u00f3l is fizethet\u00fcnk az \u00e9tel\u00e9rt SZ\u00c9P-k\u00e1rty\u00e1val\"}]},{\"@type\":\"WebSite\",\"@id\":\"https:\\\/\\\/hu.andersen.com\\\/#website\",\"url\":\"https:\\\/\\\/hu.andersen.com\\\/\",\"name\":\"Andersen In Hungary\",\"description\":\"Ad\u00f3tan\u00e1csad\u00e1s \u00e9s jogi tan\u00e1csad\u00e1s\",\"potentialAction\":[{\"@type\":\"SearchAction\",\"target\":{\"@type\":\"EntryPoint\",\"urlTemplate\":\"https:\\\/\\\/hu.andersen.com\\\/?s={search_term_string}\"},\"query-input\":{\"@type\":\"PropertyValueSpecification\",\"valueRequired\":true,\"valueName\":\"search_term_string\"}}],\"inLanguage\":\"hu\"},{\"@type\":\"Person\",\"@id\":\"\",\"url\":\"https:\\\/\\\/hu.andersen.com\\\/hu\\\/author\\\/\"}]}<\/script>\n<!-- \/ Yoast SEO Premium plugin. -->","yoast_head_json":{"title":"A sz\u00e1ll\u00e1shely alsz\u00e1ml\u00e1r\u00f3l is fizethet\u00fcnk az \u00e9tel\u00e9rt SZ\u00c9P-k\u00e1rty\u00e1val - Andersen Magyarorsz\u00e1g","description":"A korm\u00e1ny rendelete alapj\u00e1n 2021. \u00e1prilis 25-t\u0151l ez \u00e9v v\u00e9g\u00e9ig szabad az \u00e1tj\u00e1r\u00e1s a SZ\u00c9P-k\u00e1rtya alsz\u00e1ml\u00e1i k\u00f6z\u00f6tt. Az int\u00e9zked\u00e9s mintegy egymilli\u00f3 munkav\u00e1llal\u00f3t \u00e9rint, akik vas\u00e1rnapt\u00f3l b\u00e1rmelyik \u201ezsebb\u0151l\u201d fizethetnek a sz\u00e1ll\u00e1shely\u00e9rt, a vend\u00e9gl\u00e1t\u00e1s\u00e9rt vagy a szabadid\u0151s szolg\u00e1ltat\u00e1sok\u00e9rt. A tervek szerint a juttat\u00e1si form\u00e1t \u00e9rint\u0151 jelent\u0151s ad\u00f3k\u00f6nny\u00edt\u00e9sek \u00e9v v\u00e9g\u00e9ig maradnak \u00e9rv\u00e9nyben.","robots":{"index":"index","follow":"follow","max-snippet":"max-snippet:-1","max-image-preview":"max-image-preview:large","max-video-preview":"max-video-preview:-1"},"canonical":"https:\/\/hu.andersen.com\/hu\/hirek\/szep-kartya-a-szallashely-alszamlarol-is-fizethetunk-az-etelert\/","og_locale":"hu_HU","og_type":"article","og_title":"A sz\u00e1ll\u00e1shely alsz\u00e1ml\u00e1r\u00f3l is fizethet\u00fcnk az \u00e9tel\u00e9rt SZ\u00c9P-k\u00e1rty\u00e1val","og_description":"A korm\u00e1ny rendelete alapj\u00e1n 2021. \u00e1prilis 25-t\u0151l ez \u00e9v v\u00e9g\u00e9ig szabad az \u00e1tj\u00e1r\u00e1s a SZ\u00c9P-k\u00e1rtya alsz\u00e1ml\u00e1i k\u00f6z\u00f6tt. Az int\u00e9zked\u00e9s mintegy egymilli\u00f3 munkav\u00e1llal\u00f3t \u00e9rint, akik vas\u00e1rnapt\u00f3l b\u00e1rmelyik \u201ezsebb\u0151l\u201d fizethetnek a sz\u00e1ll\u00e1shely\u00e9rt, a vend\u00e9gl\u00e1t\u00e1s\u00e9rt vagy a szabadid\u0151s szolg\u00e1ltat\u00e1sok\u00e9rt. A tervek szerint a juttat\u00e1si form\u00e1t \u00e9rint\u0151 jelent\u0151s ad\u00f3k\u00f6nny\u00edt\u00e9sek \u00e9v v\u00e9g\u00e9ig maradnak \u00e9rv\u00e9nyben.","og_url":"https:\/\/hu.andersen.com\/hu\/hirek\/szep-kartya-a-szallashely-alszamlarol-is-fizethetunk-az-etelert\/","og_site_name":"Andersen Magyarorsz\u00e1g","article_published_time":"2021-04-28T12:19:56+00:00","article_modified_time":"2024-11-28T13:00:27+00:00","og_image":[{"width":1640,"height":780,"url":"https:\/\/hu.andersen.com\/wp-content\/uploads\/2021\/04\/szep.jpg","type":"image\/jpeg"}],"twitter_card":"summary_large_image","twitter_misc":{"Szerz\u0151:":"","Becs\u00fclt olvas\u00e1si id\u0151":"2 perc"},"schema":{"@context":"https:\/\/schema.org","@graph":[{"@type":"Article","@id":"https:\/\/hu.andersen.com\/hu\/hirek\/szep-kartya-a-szallashely-alszamlarol-is-fizethetunk-az-etelert\/#article","isPartOf":{"@id":"https:\/\/hu.andersen.com\/hu\/hirek\/szep-kartya-a-szallashely-alszamlarol-is-fizethetunk-az-etelert\/"},"author":{"name":"","@id":""},"headline":"A sz\u00e1ll\u00e1shely alsz\u00e1ml\u00e1r\u00f3l is fizethet\u00fcnk az \u00e9tel\u00e9rt SZ\u00c9P-k\u00e1rty\u00e1val","datePublished":"2021-04-28T12:19:56+00:00","dateModified":"2024-11-28T13:00:27+00:00","mainEntityOfPage":{"@id":"https:\/\/hu.andersen.com\/hu\/hirek\/szep-kartya-a-szallashely-alszamlarol-is-fizethetunk-az-etelert\/"},"wordCount":593,"commentCount":0,"image":{"@id":"https:\/\/hu.andersen.com\/hu\/hirek\/szep-kartya-a-szallashely-alszamlarol-is-fizethetunk-az-etelert\/#primaryimage"},"thumbnailUrl":"https:\/\/hu.andersen.com\/wp-content\/uploads\/2021\/04\/szep.jpg","keywords":["slider"],"articleSection":["H\u00edrek"],"inLanguage":"hu"},{"@type":"WebPage","@id":"https:\/\/hu.andersen.com\/hu\/hirek\/szep-kartya-a-szallashely-alszamlarol-is-fizethetunk-az-etelert\/","url":"https:\/\/hu.andersen.com\/hu\/hirek\/szep-kartya-a-szallashely-alszamlarol-is-fizethetunk-az-etelert\/","name":"A sz\u00e1ll\u00e1shely alsz\u00e1ml\u00e1r\u00f3l is fizethet\u00fcnk az \u00e9tel\u00e9rt SZ\u00c9P-k\u00e1rty\u00e1val - Andersen Magyarorsz\u00e1g","isPartOf":{"@id":"https:\/\/hu.andersen.com\/#website"},"primaryImageOfPage":{"@id":"https:\/\/hu.andersen.com\/hu\/hirek\/szep-kartya-a-szallashely-alszamlarol-is-fizethetunk-az-etelert\/#primaryimage"},"image":{"@id":"https:\/\/hu.andersen.com\/hu\/hirek\/szep-kartya-a-szallashely-alszamlarol-is-fizethetunk-az-etelert\/#primaryimage"},"thumbnailUrl":"https:\/\/hu.andersen.com\/wp-content\/uploads\/2021\/04\/szep.jpg","datePublished":"2021-04-28T12:19:56+00:00","dateModified":"2024-11-28T13:00:27+00:00","author":{"@id":""},"description":"A korm\u00e1ny rendelete alapj\u00e1n 2021. \u00e1prilis 25-t\u0151l ez \u00e9v v\u00e9g\u00e9ig szabad az \u00e1tj\u00e1r\u00e1s a SZ\u00c9P-k\u00e1rtya alsz\u00e1ml\u00e1i k\u00f6z\u00f6tt. Az int\u00e9zked\u00e9s mintegy egymilli\u00f3 munkav\u00e1llal\u00f3t \u00e9rint, akik vas\u00e1rnapt\u00f3l b\u00e1rmelyik \u201ezsebb\u0151l\u201d fizethetnek a sz\u00e1ll\u00e1shely\u00e9rt, a vend\u00e9gl\u00e1t\u00e1s\u00e9rt vagy a szabadid\u0151s szolg\u00e1ltat\u00e1sok\u00e9rt. A tervek szerint a juttat\u00e1si form\u00e1t \u00e9rint\u0151 jelent\u0151s ad\u00f3k\u00f6nny\u00edt\u00e9sek \u00e9v v\u00e9g\u00e9ig maradnak \u00e9rv\u00e9nyben.","breadcrumb":{"@id":"https:\/\/hu.andersen.com\/hu\/hirek\/szep-kartya-a-szallashely-alszamlarol-is-fizethetunk-az-etelert\/#breadcrumb"},"inLanguage":"hu","potentialAction":[{"@type":"ReadAction","target":["https:\/\/hu.andersen.com\/hu\/hirek\/szep-kartya-a-szallashely-alszamlarol-is-fizethetunk-az-etelert\/"]}]},{"@type":"ImageObject","inLanguage":"hu","@id":"https:\/\/hu.andersen.com\/hu\/hirek\/szep-kartya-a-szallashely-alszamlarol-is-fizethetunk-az-etelert\/#primaryimage","url":"https:\/\/hu.andersen.com\/wp-content\/uploads\/2021\/04\/szep.jpg","contentUrl":"https:\/\/hu.andersen.com\/wp-content\/uploads\/2021\/04\/szep.jpg","width":1640,"height":780},{"@type":"BreadcrumbList","@id":"https:\/\/hu.andersen.com\/hu\/hirek\/szep-kartya-a-szallashely-alszamlarol-is-fizethetunk-az-etelert\/#breadcrumb","itemListElement":[{"@type":"ListItem","position":1,"name":"Kezd\u0151lap","item":"https:\/\/hu.andersen.com\/hu\/"},{"@type":"ListItem","position":2,"name":"A sz\u00e1ll\u00e1shely alsz\u00e1ml\u00e1r\u00f3l is fizethet\u00fcnk az \u00e9tel\u00e9rt SZ\u00c9P-k\u00e1rty\u00e1val"}]},{"@type":"WebSite","@id":"https:\/\/hu.andersen.com\/#website","url":"https:\/\/hu.andersen.com\/","name":"Andersen In Hungary","description":"Ad\u00f3tan\u00e1csad\u00e1s \u00e9s jogi tan\u00e1csad\u00e1s","potentialAction":[{"@type":"SearchAction","target":{"@type":"EntryPoint","urlTemplate":"https:\/\/hu.andersen.com\/?s={search_term_string}"},"query-input":{"@type":"PropertyValueSpecification","valueRequired":true,"valueName":"search_term_string"}}],"inLanguage":"hu"},{"@type":"Person","@id":"","url":"https:\/\/hu.andersen.com\/hu\/author\/"}]}},"_links":{"self":[{"href":"https:\/\/hu.andersen.com\/hu\/wp-json\/wp\/v2\/posts\/5326","targetHints":{"allow":["GET"]}}],"collection":[{"href":"https:\/\/hu.andersen.com\/hu\/wp-json\/wp\/v2\/posts"}],"about":[{"href":"https:\/\/hu.andersen.com\/hu\/wp-json\/wp\/v2\/types\/post"}],"author":[{"embeddable":true,"href":"https:\/\/hu.andersen.com\/hu\/wp-json\/wp\/v2\/users\/103"}],"replies":[{"embeddable":true,"href":"https:\/\/hu.andersen.com\/hu\/wp-json\/wp\/v2\/comments?post=5326"}],"version-history":[{"count":2,"href":"https:\/\/hu.andersen.com\/hu\/wp-json\/wp\/v2\/posts\/5326\/revisions"}],"predecessor-version":[{"id":12394,"href":"https:\/\/hu.andersen.com\/hu\/wp-json\/wp\/v2\/posts\/5326\/revisions\/12394"}],"wp:featuredmedia":[{"embeddable":true,"href":"https:\/\/hu.andersen.com\/hu\/wp-json\/wp\/v2\/media\/5335"}],"wp:attachment":[{"href":"https:\/\/hu.andersen.com\/hu\/wp-json\/wp\/v2\/media?parent=5326"}],"wp:term":[{"taxonomy":"category","embeddable":true,"href":"https:\/\/hu.andersen.com\/hu\/wp-json\/wp\/v2\/categories?post=5326"},{"taxonomy":"post_tag","embeddable":true,"href":"https:\/\/hu.andersen.com\/hu\/wp-json\/wp\/v2\/tags?post=5326"}],"curies":[{"name":"wp","href":"https:\/\/api.w.org\/{rel}","templated":true}]}}