{"id":8387,"date":"2023-05-03T11:07:01","date_gmt":"2023-05-03T09:07:01","guid":{"rendered":"https:\/\/hu.andersen.com\/?p=8387"},"modified":"2025-09-02T21:01:08","modified_gmt":"2025-09-02T19:01:08","slug":"transzferar-dokumentacio-azonnali-cselekvesre-van-szukseg","status":"publish","type":"post","link":"https:\/\/hu.andersen.com\/hu\/hirek\/transzferar-dokumentacio-azonnali-cselekvesre-van-szukseg\/","title":{"rendered":"Transzfer\u00e1r dokument\u00e1ci\u00f3: azonnali cselekv\u00e9sre van sz\u00fcks\u00e9g"},"content":{"rendered":"\n<p><strong>Komoly gondokat okozhat m\u00e1jusban a magyar c\u00e9geknek a <a href=\"https:\/\/hu.andersen.com\/hu\/andersen-adoszotar\/kapcsolt-vallalkozas\/\">kapcsolt v\u00e1llalkoz\u00e1sok<\/a> k\u00f6z\u00f6tti \u00fcgyletekr\u0151l t\u00f6rt\u00e9n\u0151 NAV adatszolg\u00e1ltat\u00e1s bevezet\u00e9se. R\u00f6vid felk\u00e9sz\u00fcl\u00e9si id\u0151, informatikai probl\u00e9m\u00e1k \u00e9s tiszt\u00e1zatlan szab\u00e1lyoz\u00e1si k\u00e9rd\u00e9sek akad\u00e1lyozhatj\u00e1k a transzfer\u00e1r dokument\u00e1ci\u00f3 hat\u00e1rid\u0151re t\u00f6rt\u00e9n\u0151 beny\u00fajt\u00e1s\u00e1t.<\/strong><\/p>\n\n\n\n<p>Magyarorsz\u00e1gon mintegy 20 ezer c\u00e9get \u00e9rint a <a href=\"https:\/\/hu.andersen.com\/hu\/adotanacsadas-szolgaltatas\/transzferar-szolgaltatasok\/\">transzfer\u00e1r dokument\u00e1ci\u00f3s k\u00f6telezetts\u00e9g<\/a>, vagyis a kapcsolt v\u00e1llalkoz\u00e1sok k\u00f6z\u00f6tti \u00fcgyletek nyilv\u00e1ntart\u00e1s\u00e1ra vonatkoz\u00f3 szab\u00e1lyoz\u00e1s. Ezen a t\u00e9ren jelent\u0151s v\u00e1ltoz\u00e1sok l\u00e9ptek \u00e9letbe az idei \u00e9vt\u0151l, hiszen a transzfer\u00e1rral kapcsolatos \u00fcgyletszint\u0171 adatokat m\u00e1r a t\u00e1rsas\u00e1gi ad\u00f3bevall\u00e1sban is k\u00f6z\u00f6lni kell m\u00e1jus 31-ig.<\/p>\n\n\n\n<p><strong>Mik a legfontosabb v\u00e1ltoz\u00e1sok?<\/strong><\/p>\n\n\n\n<p>A transzfer\u00e1r-dokument\u00e1ci\u00f3t a kor\u00e1bbi szab\u00e1lyoz\u00e1s szerint szint\u00e9n az ad\u00f3bevall\u00e1sra el\u0151\u00edrt hat\u00e1rid\u0151ig kellett elk\u00e9sz\u00edteni, azonban ezt m\u00e1jus 31-ig nem kellett beny\u00fajtani \u00e9s megl\u00e9t\u00e9t sem kellett igazolni. A 2022. augusztus 26-\u00e1n \u00e9letbe l\u00e9pett v\u00e1ltoz\u00e1soknak megfelel\u0151en a dokument\u00e1ci\u00f3 beny\u00fajt\u00e1sa tov\u00e1bbra sem lesz k\u00f6telez\u0151, ugyanakkor az \u00e9rintett c\u00e9geknek a t\u00e1rsas\u00e1gi ad\u00f3bevall\u00e1ssal egy\u00fctt r\u00e9szletes adatokat kell szolg\u00e1ltatniuk a kapcsolt v\u00e1llalkoz\u00e1sokkal (pl. c\u00e9gcsoporton bel\u00fcl anyav\u00e1llalattal vagy le\u00e1nyv\u00e1llalatokkal) lefolytatott \u00fcgyleteikr\u0151l. Jelenteni kell t\u00f6bbek k\u00f6z\u00f6tt az \u00fcgylet t\u00edpus\u00e1t, a tev\u00e9kenys\u00e9g k\u00f3dj\u00e1t, ellen\u00e9rt\u00e9k\u00e9t, a kapcsolt felek adatait \u00e9s a transzfer\u00e1r meg\u00e1llap\u00edt\u00e1s\u00e1nak m\u00f3dszer\u00e9t. Az adatokat a k\u00f6nnyebb feldolgoz\u00e1s \u00e9rdek\u00e9ben el\u0151re meghat\u00e1rozott strukt\u00far\u00e1ban kell beny\u00fajtani az ad\u00f3hat\u00f3s\u00e1gnak.<\/p>\n\n\n\n<p><strong>T\u00fal r\u00f6vid a felk\u00e9sz\u00fcl\u00e9si id\u0151<\/strong><\/p>\n\n\n\n<p>Az \u00faj szab\u00e1lyoz\u00e1s c\u00e9lja hat\u00f3s\u00e1gi, ellen\u0151rz\u00e9si oldalr\u00f3l indokolhat\u00f3, de t\u00f6bb probl\u00e9ma is van vele. Az egyik a fokozatoss\u00e1g hi\u00e1nya, hiszen a c\u00e9geknek informatikai szempontb\u00f3l neh\u00e9z lesz megoldaniuk, hogy a bevall\u00e1shoz sz\u00fcks\u00e9ges adatokat id\u0151ben \u00f6sszeszedj\u00e9k saj\u00e1t rendszereikb\u0151l.<\/p>\n\n\n\n<p>A koncepci\u00f3 r\u00e9szletes szab\u00e1lyair\u00f3l sz\u00f3l\u00f3 rendelet 2022. december 28-\u00e1n jelent meg, \u00edgy az \u00e9rintetteknek legjobb esetben is csak 4-5 h\u00f3napjuk maradt a felk\u00e9sz\u00fcl\u00e9sre, ami rendk\u00edv\u00fcl kev\u00e9s. Nincs tesztid\u0151szak \u00e9s nincs t\u00fcrelmi id\u0151szak sem, az adatszolg\u00e1ltat\u00e1s elmarad\u00e1s\u00e1t az ad\u00f3hat\u00f3s\u00e1g azonnal szankcion\u00e1lhatja. Ezen t\u00falmen\u0151en az \u00e9vk\u00f6zi m\u00f3dos\u00edt\u00e1s eredm\u00e9nyek\u00e9ppen a mulaszt\u00e1si b\u00edrs\u00e1g m\u00e9rt\u00e9ke is jelent\u0151sen megemelkedett a kor\u00e1bbiakhoz k\u00e9pest, r\u00e1ad\u00e1sul ez imm\u00e1r k\u00fcl\u00f6n-k\u00fcl\u00f6n nyilv\u00e1ntart\u00e1sonk\u00e9nt (l\u00e9nyeg\u00e9ben \u00fcgyletenk\u00e9nt) is kiszabhat\u00f3.<\/p>\n\n\n\n<p><strong>K\u00fclf\u00f6ld\u00f6n m\u00e1s hat\u00e1rid\u0151k \u00e9rv\u00e9nyesek<\/strong><\/p>\n\n\n\n<p>Komoly probl\u00e9m\u00e1t okozhat az is, hogy egy nemzetk\u00f6zi c\u00e9gcsoport eset\u00e9n a transzfer\u00e1rat, illetve az ad\u00f3alap m\u00f3dos\u00edt\u00e1s\u00e1t nem csak a magyar f\u00e9l d\u00f6nt\u00e9se alapj\u00e1n hat\u00e1rozz\u00e1k meg. Ez \u00e1ltal\u00e1ban egy konszenzusos meg\u00e1llapod\u00e1s, amelyhez az adott c\u00e9g k\u00fclf\u00f6ldi kapcsolt v\u00e1llalkoz\u00e1sainak a beleegyez\u00e9s\u00e9re is sz\u00fcks\u00e9g van. K\u00fclf\u00f6ld\u00f6n azonban jellemz\u0151en nem m\u00e1jus 31-e a besz\u00e1mol\u00f3 \u00e9s a nyilv\u00e1ntart\u00e1sok elk\u00e9sz\u00edt\u00e9s\u00e9nek hat\u00e1rideje, ez\u00e9rt a transzfer\u00e1rakr\u00f3l sz\u00f3l\u00f3 d\u00f6nt\u00e9sek ott k\u00e9s\u0151bb sz\u00fcletnek meg. Vagyis az \u00faj szab\u00e1lyoz\u00e1s szerint a magyar f\u00e9lnek \u00fagy kell d\u00f6ntenie az alkalmazott piaci \u00e1rr\u00f3l, hogy nem biztos, hogy azzal a c\u00e9gcsoport k\u00fclf\u00f6ldi tagjai (anyav\u00e1llalat, testv\u00e9rv\u00e1llalat) is egyet\u00e9rtenek. Emiatt a m\u00e1jus 31-\u00e9n beny\u00fajtott <a href=\"https:\/\/hu.andersen.com\/hu\/adotanacsadas-szolgaltatas\/transzferar-szolgaltatasok\/\">transzfer\u00e1r<\/a> adatok nagy es\u00e9llyel pontatlanok lesznek, amelyeket a c\u00e9geknek helyesb\u00edt\u00e9s \u00fatj\u00e1n k\u00e9s\u0151bb korrig\u00e1lniuk kell.<\/p>\n\n\n\n<p>A felsorolt neh\u00e9zs\u00e9gek mellett az \u00e9rintetteknek m\u00e1jusban arra is sz\u00e1m\u00edtaniuk kell, hogy a transzfer\u00e1r-dokument\u00e1ci\u00f3 \u00f6ssze\u00e1ll\u00edt\u00e1s\u00e1hoz rendelkez\u00e9sre \u00e1ll\u00f3 k\u00fcls\u0151 tan\u00e1csad\u00f3i kapacit\u00e1s val\u00f3sz\u00edn\u0171leg nem lesz elegend\u0151.<\/p>\n\n\n\n<p><strong>\u00c9lesedik a NAV \u00faj csodafegyvere<\/strong><\/p>\n\n\n\n<p>A transzfer\u00e1r adatok struktur\u00e1lt \u00f6sszegy\u0171jt\u00e9s\u00e9vel egy igen pontos ellen\u0151rz\u00e9si eszk\u00f6zre tesz szert az ad\u00f3hat\u00f3s\u00e1g, amely \u00edgy friss adatokhoz fog jutni arr\u00f3l, hogy az adott ipar\u00e1g szerepl\u0151i milyen \u00e1raz\u00e1st haszn\u00e1lnak, illetve milyen j\u00f6vedelmez\u0151s\u00e9gre \u00e9s nyeres\u00e9gre tesznek szert tev\u00e9kenys\u00e9g\u00fck sor\u00e1n. Ez lehet\u0151s\u00e9get teremt a keresztellen\u0151rz\u00e9sekre, az anom\u00e1li\u00e1k felt\u00e1r\u00e1s\u00e1ra \u00e9s a kock\u00e1zatelemz\u00e9s jav\u00edt\u00e1s\u00e1ra, vagyis \u00f6sszess\u00e9g\u00e9ben jelent\u0151sen hozz\u00e1j\u00e1rul az ellen\u0151rz\u00e9si tev\u00e9kenys\u00e9g hat\u00e9konyabb\u00e1 t\u00e9tel\u00e9hez.<\/p>\n","protected":false},"excerpt":{"rendered":"<p>Gondokat okozhat m\u00e1jusban a magyar c\u00e9geknek a kapcsolt v\u00e1llalkoz\u00e1sok k\u00f6z\u00f6tti \u00fcgyletekr\u0151l t\u00f6rt\u00e9n\u0151 NAV adatszolg\u00e1ltat\u00e1s bevezet\u00e9se.<\/p>\n","protected":false},"author":1028,"featured_media":8389,"comment_status":"closed","ping_status":"closed","sticky":false,"template":"","format":"standard","meta":{"_acf_changed":false,"_genesis_hide_title":false,"_genesis_hide_breadcrumbs":false,"_genesis_hide_singular_image":false,"_genesis_hide_footer_widgets":false,"_genesis_custom_body_class":"","_genesis_custom_post_class":"","_genesis_layout":"","footnotes":""},"categories":[38],"tags":[41],"class_list":{"0":"post-8387","1":"post","2":"type-post","3":"status-publish","4":"format-standard","5":"has-post-thumbnail","7":"category-hirek","8":"tag-slider-2","9":"entry"},"acf":[],"featured_image_src":"https:\/\/hu.andersen.com\/wp-content\/uploads\/2023\/05\/transfer-price-honlap-foto.jpg","author_info":{"display_name":"G\u00f6tz Attila","author_link":"https:\/\/hu.andersen.com\/hu\/author\/agotz\/"},"yoast_head":"<!-- This site is optimized with the Yoast SEO Premium plugin v27.4 (Yoast SEO v27.4) - https:\/\/yoast.com\/product\/yoast-seo-premium-wordpress\/ -->\n<title>Transzfer\u00e1r dokument\u00e1ci\u00f3: azonnali cselekv\u00e9sre van sz\u00fcks\u00e9g - Andersen Magyarorsz\u00e1g<\/title>\n<meta name=\"description\" content=\"Gondokat okozhat m\u00e1jusban a magyar c\u00e9geknek a kapcsolt v\u00e1llalkoz\u00e1sok k\u00f6z\u00f6tti \u00fcgyletekr\u0151l t\u00f6rt\u00e9n\u0151 NAV adatszolg\u00e1ltat\u00e1s bevezet\u00e9se.\" \/>\n<meta name=\"robots\" content=\"index, follow, max-snippet:-1, max-image-preview:large, max-video-preview:-1\" \/>\n<link rel=\"canonical\" href=\"https:\/\/hu.andersen.com\/hu\/hirek\/transzferar-dokumentacio-azonnali-cselekvesre-van-szukseg\/\" \/>\n<meta property=\"og:locale\" content=\"hu_HU\" \/>\n<meta property=\"og:type\" content=\"article\" \/>\n<meta property=\"og:title\" content=\"Transzfer\u00e1r dokument\u00e1ci\u00f3: azonnali cselekv\u00e9sre van sz\u00fcks\u00e9g\" \/>\n<meta property=\"og:description\" content=\"Gondokat okozhat m\u00e1jusban a magyar c\u00e9geknek a kapcsolt v\u00e1llalkoz\u00e1sok k\u00f6z\u00f6tti \u00fcgyletekr\u0151l t\u00f6rt\u00e9n\u0151 NAV adatszolg\u00e1ltat\u00e1s bevezet\u00e9se.\" \/>\n<meta property=\"og:url\" content=\"https:\/\/hu.andersen.com\/hu\/hirek\/transzferar-dokumentacio-azonnali-cselekvesre-van-szukseg\/\" \/>\n<meta property=\"og:site_name\" content=\"Andersen Magyarorsz\u00e1g\" \/>\n<meta property=\"article:published_time\" content=\"2023-05-03T09:07:01+00:00\" \/>\n<meta property=\"article:modified_time\" content=\"2025-09-02T19:01:08+00:00\" \/>\n<meta property=\"og:image\" content=\"https:\/\/hu.andersen.com\/wp-content\/uploads\/2023\/05\/transfer-price-honlap-foto.jpg\" \/>\n\t<meta property=\"og:image:width\" content=\"1640\" \/>\n\t<meta property=\"og:image:height\" content=\"780\" \/>\n\t<meta property=\"og:image:type\" content=\"image\/jpeg\" \/>\n<meta name=\"author\" content=\"G\u00f6tz Attila\" \/>\n<meta name=\"twitter:card\" content=\"summary_large_image\" \/>\n<meta name=\"twitter:label1\" content=\"Szerz\u0151:\" \/>\n\t<meta name=\"twitter:data1\" content=\"G\u00f6tz Attila\" \/>\n\t<meta name=\"twitter:label2\" content=\"Becs\u00fclt olvas\u00e1si id\u0151\" \/>\n\t<meta name=\"twitter:data2\" content=\"4 perc\" \/>\n<script type=\"application\/ld+json\" class=\"yoast-schema-graph\">{\"@context\":\"https:\\\/\\\/schema.org\",\"@graph\":[{\"@type\":\"Article\",\"@id\":\"https:\\\/\\\/hu.andersen.com\\\/hu\\\/hirek\\\/transzferar-dokumentacio-azonnali-cselekvesre-van-szukseg\\\/#article\",\"isPartOf\":{\"@id\":\"https:\\\/\\\/hu.andersen.com\\\/hu\\\/hirek\\\/transzferar-dokumentacio-azonnali-cselekvesre-van-szukseg\\\/\"},\"author\":{\"name\":\"G\u00f6tz Attila\",\"@id\":\"https:\\\/\\\/hu.andersen.com\\\/#\\\/schema\\\/person\\\/57a8b81638277dac3324887812032990\"},\"headline\":\"Transzfer\u00e1r dokument\u00e1ci\u00f3: azonnali cselekv\u00e9sre van sz\u00fcks\u00e9g\",\"datePublished\":\"2023-05-03T09:07:01+00:00\",\"dateModified\":\"2025-09-02T19:01:08+00:00\",\"mainEntityOfPage\":{\"@id\":\"https:\\\/\\\/hu.andersen.com\\\/hu\\\/hirek\\\/transzferar-dokumentacio-azonnali-cselekvesre-van-szukseg\\\/\"},\"wordCount\":864,\"image\":{\"@id\":\"https:\\\/\\\/hu.andersen.com\\\/hu\\\/hirek\\\/transzferar-dokumentacio-azonnali-cselekvesre-van-szukseg\\\/#primaryimage\"},\"thumbnailUrl\":\"https:\\\/\\\/hu.andersen.com\\\/wp-content\\\/uploads\\\/2023\\\/05\\\/transfer-price-honlap-foto.jpg\",\"keywords\":[\"slider\"],\"articleSection\":[\"H\u00edrek\"],\"inLanguage\":\"hu\"},{\"@type\":\"WebPage\",\"@id\":\"https:\\\/\\\/hu.andersen.com\\\/hu\\\/hirek\\\/transzferar-dokumentacio-azonnali-cselekvesre-van-szukseg\\\/\",\"url\":\"https:\\\/\\\/hu.andersen.com\\\/hu\\\/hirek\\\/transzferar-dokumentacio-azonnali-cselekvesre-van-szukseg\\\/\",\"name\":\"Transzfer\u00e1r dokument\u00e1ci\u00f3: azonnali cselekv\u00e9sre van sz\u00fcks\u00e9g - Andersen Magyarorsz\u00e1g\",\"isPartOf\":{\"@id\":\"https:\\\/\\\/hu.andersen.com\\\/#website\"},\"primaryImageOfPage\":{\"@id\":\"https:\\\/\\\/hu.andersen.com\\\/hu\\\/hirek\\\/transzferar-dokumentacio-azonnali-cselekvesre-van-szukseg\\\/#primaryimage\"},\"image\":{\"@id\":\"https:\\\/\\\/hu.andersen.com\\\/hu\\\/hirek\\\/transzferar-dokumentacio-azonnali-cselekvesre-van-szukseg\\\/#primaryimage\"},\"thumbnailUrl\":\"https:\\\/\\\/hu.andersen.com\\\/wp-content\\\/uploads\\\/2023\\\/05\\\/transfer-price-honlap-foto.jpg\",\"datePublished\":\"2023-05-03T09:07:01+00:00\",\"dateModified\":\"2025-09-02T19:01:08+00:00\",\"author\":{\"@id\":\"https:\\\/\\\/hu.andersen.com\\\/#\\\/schema\\\/person\\\/57a8b81638277dac3324887812032990\"},\"description\":\"Gondokat okozhat m\u00e1jusban a magyar c\u00e9geknek a kapcsolt v\u00e1llalkoz\u00e1sok k\u00f6z\u00f6tti \u00fcgyletekr\u0151l t\u00f6rt\u00e9n\u0151 NAV adatszolg\u00e1ltat\u00e1s bevezet\u00e9se.\",\"breadcrumb\":{\"@id\":\"https:\\\/\\\/hu.andersen.com\\\/hu\\\/hirek\\\/transzferar-dokumentacio-azonnali-cselekvesre-van-szukseg\\\/#breadcrumb\"},\"inLanguage\":\"hu\",\"potentialAction\":[{\"@type\":\"ReadAction\",\"target\":[\"https:\\\/\\\/hu.andersen.com\\\/hu\\\/hirek\\\/transzferar-dokumentacio-azonnali-cselekvesre-van-szukseg\\\/\"]}]},{\"@type\":\"ImageObject\",\"inLanguage\":\"hu\",\"@id\":\"https:\\\/\\\/hu.andersen.com\\\/hu\\\/hirek\\\/transzferar-dokumentacio-azonnali-cselekvesre-van-szukseg\\\/#primaryimage\",\"url\":\"https:\\\/\\\/hu.andersen.com\\\/wp-content\\\/uploads\\\/2023\\\/05\\\/transfer-price-honlap-foto.jpg\",\"contentUrl\":\"https:\\\/\\\/hu.andersen.com\\\/wp-content\\\/uploads\\\/2023\\\/05\\\/transfer-price-honlap-foto.jpg\",\"width\":1640,\"height\":780},{\"@type\":\"BreadcrumbList\",\"@id\":\"https:\\\/\\\/hu.andersen.com\\\/hu\\\/hirek\\\/transzferar-dokumentacio-azonnali-cselekvesre-van-szukseg\\\/#breadcrumb\",\"itemListElement\":[{\"@type\":\"ListItem\",\"position\":1,\"name\":\"Kezd\u0151lap\",\"item\":\"https:\\\/\\\/hu.andersen.com\\\/hu\\\/\"},{\"@type\":\"ListItem\",\"position\":2,\"name\":\"Transzfer\u00e1r dokument\u00e1ci\u00f3: azonnali cselekv\u00e9sre van sz\u00fcks\u00e9g\"}]},{\"@type\":\"WebSite\",\"@id\":\"https:\\\/\\\/hu.andersen.com\\\/#website\",\"url\":\"https:\\\/\\\/hu.andersen.com\\\/\",\"name\":\"Andersen In Hungary\",\"description\":\"Ad\u00f3tan\u00e1csad\u00e1s \u00e9s jogi tan\u00e1csad\u00e1s\",\"potentialAction\":[{\"@type\":\"SearchAction\",\"target\":{\"@type\":\"EntryPoint\",\"urlTemplate\":\"https:\\\/\\\/hu.andersen.com\\\/?s={search_term_string}\"},\"query-input\":{\"@type\":\"PropertyValueSpecification\",\"valueRequired\":true,\"valueName\":\"search_term_string\"}}],\"inLanguage\":\"hu\"},{\"@type\":\"Person\",\"@id\":\"https:\\\/\\\/hu.andersen.com\\\/#\\\/schema\\\/person\\\/57a8b81638277dac3324887812032990\",\"name\":\"G\u00f6tz Attila\",\"image\":{\"@type\":\"ImageObject\",\"inLanguage\":\"hu\",\"@id\":\"https:\\\/\\\/secure.gravatar.com\\\/avatar\\\/2d4fd031a22fa340d80ae6058bee0ef10aa643338dbc8f7650a08f79a37958b7?s=96&d=mm&r=g\",\"url\":\"https:\\\/\\\/secure.gravatar.com\\\/avatar\\\/2d4fd031a22fa340d80ae6058bee0ef10aa643338dbc8f7650a08f79a37958b7?s=96&d=mm&r=g\",\"contentUrl\":\"https:\\\/\\\/secure.gravatar.com\\\/avatar\\\/2d4fd031a22fa340d80ae6058bee0ef10aa643338dbc8f7650a08f79a37958b7?s=96&d=mm&r=g\",\"caption\":\"G\u00f6tz Attila\"},\"sameAs\":[\"https:\\\/\\\/hu.andersen.com\"],\"url\":\"https:\\\/\\\/hu.andersen.com\\\/hu\\\/author\\\/agotz\\\/\"}]}<\/script>\n<!-- \/ Yoast SEO Premium plugin. -->","yoast_head_json":{"title":"Transzfer\u00e1r dokument\u00e1ci\u00f3: azonnali cselekv\u00e9sre van sz\u00fcks\u00e9g - Andersen Magyarorsz\u00e1g","description":"Gondokat okozhat m\u00e1jusban a magyar c\u00e9geknek a kapcsolt v\u00e1llalkoz\u00e1sok k\u00f6z\u00f6tti \u00fcgyletekr\u0151l t\u00f6rt\u00e9n\u0151 NAV adatszolg\u00e1ltat\u00e1s bevezet\u00e9se.","robots":{"index":"index","follow":"follow","max-snippet":"max-snippet:-1","max-image-preview":"max-image-preview:large","max-video-preview":"max-video-preview:-1"},"canonical":"https:\/\/hu.andersen.com\/hu\/hirek\/transzferar-dokumentacio-azonnali-cselekvesre-van-szukseg\/","og_locale":"hu_HU","og_type":"article","og_title":"Transzfer\u00e1r dokument\u00e1ci\u00f3: azonnali cselekv\u00e9sre van sz\u00fcks\u00e9g","og_description":"Gondokat okozhat m\u00e1jusban a magyar c\u00e9geknek a kapcsolt v\u00e1llalkoz\u00e1sok k\u00f6z\u00f6tti \u00fcgyletekr\u0151l t\u00f6rt\u00e9n\u0151 NAV adatszolg\u00e1ltat\u00e1s bevezet\u00e9se.","og_url":"https:\/\/hu.andersen.com\/hu\/hirek\/transzferar-dokumentacio-azonnali-cselekvesre-van-szukseg\/","og_site_name":"Andersen Magyarorsz\u00e1g","article_published_time":"2023-05-03T09:07:01+00:00","article_modified_time":"2025-09-02T19:01:08+00:00","og_image":[{"width":1640,"height":780,"url":"https:\/\/hu.andersen.com\/wp-content\/uploads\/2023\/05\/transfer-price-honlap-foto.jpg","type":"image\/jpeg"}],"author":"G\u00f6tz Attila","twitter_card":"summary_large_image","twitter_misc":{"Szerz\u0151:":"G\u00f6tz Attila","Becs\u00fclt olvas\u00e1si id\u0151":"4 perc"},"schema":{"@context":"https:\/\/schema.org","@graph":[{"@type":"Article","@id":"https:\/\/hu.andersen.com\/hu\/hirek\/transzferar-dokumentacio-azonnali-cselekvesre-van-szukseg\/#article","isPartOf":{"@id":"https:\/\/hu.andersen.com\/hu\/hirek\/transzferar-dokumentacio-azonnali-cselekvesre-van-szukseg\/"},"author":{"name":"G\u00f6tz Attila","@id":"https:\/\/hu.andersen.com\/#\/schema\/person\/57a8b81638277dac3324887812032990"},"headline":"Transzfer\u00e1r dokument\u00e1ci\u00f3: azonnali cselekv\u00e9sre van sz\u00fcks\u00e9g","datePublished":"2023-05-03T09:07:01+00:00","dateModified":"2025-09-02T19:01:08+00:00","mainEntityOfPage":{"@id":"https:\/\/hu.andersen.com\/hu\/hirek\/transzferar-dokumentacio-azonnali-cselekvesre-van-szukseg\/"},"wordCount":864,"image":{"@id":"https:\/\/hu.andersen.com\/hu\/hirek\/transzferar-dokumentacio-azonnali-cselekvesre-van-szukseg\/#primaryimage"},"thumbnailUrl":"https:\/\/hu.andersen.com\/wp-content\/uploads\/2023\/05\/transfer-price-honlap-foto.jpg","keywords":["slider"],"articleSection":["H\u00edrek"],"inLanguage":"hu"},{"@type":"WebPage","@id":"https:\/\/hu.andersen.com\/hu\/hirek\/transzferar-dokumentacio-azonnali-cselekvesre-van-szukseg\/","url":"https:\/\/hu.andersen.com\/hu\/hirek\/transzferar-dokumentacio-azonnali-cselekvesre-van-szukseg\/","name":"Transzfer\u00e1r dokument\u00e1ci\u00f3: azonnali cselekv\u00e9sre van sz\u00fcks\u00e9g - Andersen Magyarorsz\u00e1g","isPartOf":{"@id":"https:\/\/hu.andersen.com\/#website"},"primaryImageOfPage":{"@id":"https:\/\/hu.andersen.com\/hu\/hirek\/transzferar-dokumentacio-azonnali-cselekvesre-van-szukseg\/#primaryimage"},"image":{"@id":"https:\/\/hu.andersen.com\/hu\/hirek\/transzferar-dokumentacio-azonnali-cselekvesre-van-szukseg\/#primaryimage"},"thumbnailUrl":"https:\/\/hu.andersen.com\/wp-content\/uploads\/2023\/05\/transfer-price-honlap-foto.jpg","datePublished":"2023-05-03T09:07:01+00:00","dateModified":"2025-09-02T19:01:08+00:00","author":{"@id":"https:\/\/hu.andersen.com\/#\/schema\/person\/57a8b81638277dac3324887812032990"},"description":"Gondokat okozhat m\u00e1jusban a magyar c\u00e9geknek a kapcsolt v\u00e1llalkoz\u00e1sok k\u00f6z\u00f6tti \u00fcgyletekr\u0151l t\u00f6rt\u00e9n\u0151 NAV adatszolg\u00e1ltat\u00e1s bevezet\u00e9se.","breadcrumb":{"@id":"https:\/\/hu.andersen.com\/hu\/hirek\/transzferar-dokumentacio-azonnali-cselekvesre-van-szukseg\/#breadcrumb"},"inLanguage":"hu","potentialAction":[{"@type":"ReadAction","target":["https:\/\/hu.andersen.com\/hu\/hirek\/transzferar-dokumentacio-azonnali-cselekvesre-van-szukseg\/"]}]},{"@type":"ImageObject","inLanguage":"hu","@id":"https:\/\/hu.andersen.com\/hu\/hirek\/transzferar-dokumentacio-azonnali-cselekvesre-van-szukseg\/#primaryimage","url":"https:\/\/hu.andersen.com\/wp-content\/uploads\/2023\/05\/transfer-price-honlap-foto.jpg","contentUrl":"https:\/\/hu.andersen.com\/wp-content\/uploads\/2023\/05\/transfer-price-honlap-foto.jpg","width":1640,"height":780},{"@type":"BreadcrumbList","@id":"https:\/\/hu.andersen.com\/hu\/hirek\/transzferar-dokumentacio-azonnali-cselekvesre-van-szukseg\/#breadcrumb","itemListElement":[{"@type":"ListItem","position":1,"name":"Kezd\u0151lap","item":"https:\/\/hu.andersen.com\/hu\/"},{"@type":"ListItem","position":2,"name":"Transzfer\u00e1r dokument\u00e1ci\u00f3: azonnali cselekv\u00e9sre van sz\u00fcks\u00e9g"}]},{"@type":"WebSite","@id":"https:\/\/hu.andersen.com\/#website","url":"https:\/\/hu.andersen.com\/","name":"Andersen In Hungary","description":"Ad\u00f3tan\u00e1csad\u00e1s \u00e9s jogi tan\u00e1csad\u00e1s","potentialAction":[{"@type":"SearchAction","target":{"@type":"EntryPoint","urlTemplate":"https:\/\/hu.andersen.com\/?s={search_term_string}"},"query-input":{"@type":"PropertyValueSpecification","valueRequired":true,"valueName":"search_term_string"}}],"inLanguage":"hu"},{"@type":"Person","@id":"https:\/\/hu.andersen.com\/#\/schema\/person\/57a8b81638277dac3324887812032990","name":"G\u00f6tz Attila","image":{"@type":"ImageObject","inLanguage":"hu","@id":"https:\/\/secure.gravatar.com\/avatar\/2d4fd031a22fa340d80ae6058bee0ef10aa643338dbc8f7650a08f79a37958b7?s=96&d=mm&r=g","url":"https:\/\/secure.gravatar.com\/avatar\/2d4fd031a22fa340d80ae6058bee0ef10aa643338dbc8f7650a08f79a37958b7?s=96&d=mm&r=g","contentUrl":"https:\/\/secure.gravatar.com\/avatar\/2d4fd031a22fa340d80ae6058bee0ef10aa643338dbc8f7650a08f79a37958b7?s=96&d=mm&r=g","caption":"G\u00f6tz Attila"},"sameAs":["https:\/\/hu.andersen.com"],"url":"https:\/\/hu.andersen.com\/hu\/author\/agotz\/"}]}},"_links":{"self":[{"href":"https:\/\/hu.andersen.com\/hu\/wp-json\/wp\/v2\/posts\/8387","targetHints":{"allow":["GET"]}}],"collection":[{"href":"https:\/\/hu.andersen.com\/hu\/wp-json\/wp\/v2\/posts"}],"about":[{"href":"https:\/\/hu.andersen.com\/hu\/wp-json\/wp\/v2\/types\/post"}],"author":[{"embeddable":true,"href":"https:\/\/hu.andersen.com\/hu\/wp-json\/wp\/v2\/users\/1028"}],"replies":[{"embeddable":true,"href":"https:\/\/hu.andersen.com\/hu\/wp-json\/wp\/v2\/comments?post=8387"}],"version-history":[{"count":10,"href":"https:\/\/hu.andersen.com\/hu\/wp-json\/wp\/v2\/posts\/8387\/revisions"}],"predecessor-version":[{"id":13769,"href":"https:\/\/hu.andersen.com\/hu\/wp-json\/wp\/v2\/posts\/8387\/revisions\/13769"}],"wp:featuredmedia":[{"embeddable":true,"href":"https:\/\/hu.andersen.com\/hu\/wp-json\/wp\/v2\/media\/8389"}],"wp:attachment":[{"href":"https:\/\/hu.andersen.com\/hu\/wp-json\/wp\/v2\/media?parent=8387"}],"wp:term":[{"taxonomy":"category","embeddable":true,"href":"https:\/\/hu.andersen.com\/hu\/wp-json\/wp\/v2\/categories?post=8387"},{"taxonomy":"post_tag","embeddable":true,"href":"https:\/\/hu.andersen.com\/hu\/wp-json\/wp\/v2\/tags?post=8387"}],"curies":[{"name":"wp","href":"https:\/\/api.w.org\/{rel}","templated":true}]}}