{"id":9603,"date":"2023-09-07T08:47:51","date_gmt":"2023-09-07T06:47:51","guid":{"rendered":"https:\/\/hu.andersen.com\/?p=9603"},"modified":"2023-09-07T08:47:52","modified_gmt":"2023-09-07T06:47:52","slug":"valtoznak-a-kf-minositesi-eljaras-szabalyai","status":"publish","type":"post","link":"https:\/\/hu.andersen.com\/hu\/hirek\/valtoznak-a-kf-minositesi-eljaras-szabalyai\/","title":{"rendered":"V\u00e1ltoznak a K+F min\u0151s\u00edt\u00e9si elj\u00e1r\u00e1s szab\u00e1lyai"},"content":{"rendered":"\n<p><strong>A Korm\u00e1ny d\u00f6nt\u00e9s\u00e9nek \u00e9rtelm\u00e9ben 2023. szeptember 1-j\u00e9t\u0151l m\u00e1r a Nemzeti Kutat\u00e1si, Fejleszt\u00e9si \u00e9s Innov\u00e1ci\u00f3s Hivatal (NKFIH) vizsg\u00e1lja szak\u00e9rt\u0151i elj\u00e1r\u00e1s keret\u00e9ben a kutat\u00e1s-fejleszt\u00e9si (K+F) tev\u00e9kenys\u00e9gek min\u0151s\u00edt\u00e9s\u00e9vel kapcsolatos k\u00e9relmeket \u00e9s megkeres\u00e9seket.<\/strong><\/p>\n\n\n\n<p>A korm\u00e1nyd\u00f6nt\u00e9s (a Neumann J\u00e1nos Program \u00e9gisze alatt) a p\u00e1rhuzamoss\u00e1gok elker\u00fcl\u00e9s\u00e9vel k\u00edv\u00e1nja jav\u00edtani a kutat\u00e1s-fejleszt\u00e9s \u00e9s innov\u00e1ci\u00f3 \u00f6szt\u00f6nz\u00e9s\u00e9nek hat\u00e9konys\u00e1g\u00e1t, emellett igyekszik a ter\u00fclettel kapcsolatos elj\u00e1r\u00e1sokat egy k\u00e9zben \u00f6sszpontos\u00edtani. A Neumann J\u00e1nos Program hossz\u00fat\u00e1v\u00fa c\u00e9lkit\u0171z\u00e9se, hogy Magyarorsz\u00e1g 2030-ra az innov\u00e1ci\u00f3 ter\u00fclet\u00e9n Eur\u00f3p\u00e1ban a legjobb 10, a vil\u00e1gon pedig a legjobb 25 orsz\u00e1g k\u00f6z\u00e9 ker\u00fclj\u00f6n.<\/p>\n\n\n\n<h2 class=\"wp-block-heading has-medium-font-size\"><strong>V\u00e1ltoz\u00e1sok di\u00f3h\u00e9jban<\/strong><\/h2>\n\n\n\n<p>A szeptemberi jogszab\u00e1lym\u00f3dos\u00edt\u00e1st megel\u0151z\u0151en az NKFIH K+F min\u0151s\u00edt\u00e9si elj\u00e1r\u00e1ssal kapcsolatos feladatait a Szellemi Tulajdon Nemzeti Hivatala (SZTNH) l\u00e1tta el, az egyes projektek (pontosabban a projektek keret\u00e9ben kifejtett tev\u00e9kenys\u00e9gek) K+F tartalm\u00e1r\u00f3l alapvet\u0151en hat\u00f3s\u00e1gi elj\u00e1r\u00e1s vagy szak\u00e9rt\u0151i tev\u00e9kenys\u00e9g keret\u00e9ben foglalt \u00e1ll\u00e1st. A hat\u00e1sk\u00f6r \u00e1truh\u00e1z\u00e1s\u00e1n t\u00fal a min\u0151s\u00edt\u00e9si elj\u00e1r\u00e1sok k\u00f6re \u00e9s tartalma is v\u00e1ltozott.<\/p>\n\n\n\n<p>Kor\u00e1bban h\u00e1rom elj\u00e1r\u00e1s volt kezdem\u00e9nyezhet\u0151, melyek k\u00f6z\u00fcl kett\u0151, a projektmin\u0151s\u00edt\u00e9si, illetve a projektcsoport-min\u0151s\u00edt\u00e9si elj\u00e1r\u00e1s kiz\u00e1r\u00f3lag meg nem kezdett projektekre\/projektr\u00e9szekre vonatkozhatott. A hivatal ezekben az esetekben hat\u00f3s\u00e1gi jogk\u00f6rben elj\u00e1rva k\u00f6telez\u0151 erej\u0171 hat\u00e1rozatot hozott, melynek birtok\u00e1ban a kedvezm\u00e9nyezett megfelel\u0151 garancia mellett volt jogosult pl. K+F ad\u00f3kedvezm\u00e9ny ig\u00e9nybev\u00e9tel\u00e9re (amennyiben a projekt a k\u00e9relemben el\u0151zetesen bemutatott param\u00e9terek ment\u00e9n val\u00f3sult meg).<\/p>\n\n\n\n<p>A m\u00e1r megkezdett (vagy adott esetben m\u00e1r be is fejezett) projekt sor\u00e1n kifejtett tev\u00e9kenys\u00e9g(ek) kutat\u00e1s-fejleszt\u00e9si szempont\u00fa min\u0151s\u00edt\u00e9se vagy egy\u00e9b szakk\u00e9rd\u00e9sek megv\u00e1laszol\u00e1sa eset\u00e9n a hat\u00f3s\u00e1gok (pl. a NAV, b\u00edr\u00f3s\u00e1gok), illetve b\u00e1rmely harmadik f\u00e9l szak\u00e9rt\u0151i v\u00e9lem\u00e9ny k\u00e9sz\u00edt\u00e9s\u00e9nek ig\u00e9ny\u00e9vel kereshette meg az SZTNH-t. A szak\u00e9rt\u0151i v\u00e9lem\u00e9ny \u2013 szemben a projekt (vagy projektcsoport) min\u0151s\u00edt\u00e9s eredm\u00e9nyek\u00e9nt l\u00e9trej\u00f6tt hat\u00e1rozattal \u2013 ugyan nem b\u00edrt k\u00f6t\u0151er\u0151vel, a gyakorlatban azonban sikerrel volt hivatkozhat\u00f3 a hat\u00f3s\u00e1gok el\u0151tt (a m\u00e1r megkezdett projektek eset\u00e9n a K+F tartalom meg\u00e1llap\u00edt\u00e1s\u00e1ra a hat\u00f3s\u00e1gok is szak\u00e9rt\u0151i v\u00e9lem\u00e9ny elk\u00e9sz\u00edt\u00e9s\u00e9t k\u00e9rt\u00e9k az SZTNH-t\u00f3l).<\/p>\n\n\n\n<p>A szeptembert\u0151l ir\u00e1nyad\u00f3 szab\u00e1lyok szerint az NKFIH-n\u00e1l m\u00e1r csak projektmin\u0151s\u00edt\u00e9si vagy projektcsoport-min\u0151s\u00edt\u00e9si elj\u00e1r\u00e1s ir\u00e1nti k\u00e9relem terjeszthet\u0151 el\u0151, ugyanakkor mindk\u00e9t elj\u00e1r\u00e1s vonatkozhat m\u00e1r folyamatban l\u00e9v\u0151 projektekre is. Az NKFIH mindk\u00e9t esetben k\u00f6telez\u0151 er\u0151vel nem b\u00edr\u00f3 d\u00f6nt\u00e9st hoz (szak\u00e9rt\u0151i v\u00e9lem\u00e9nyt k\u00e9sz\u00edt). El\u0151zetes \u00e1ll\u00e1spontunk szerint az, hogy a K+F min\u0151s\u00edt\u00e9si rendszer a hat\u00f3s\u00e1gi elj\u00e1r\u00e1sr\u00f3l szak\u00e9rt\u0151i elj\u00e1r\u00e1sra t\u00e9r \u00e1t (az NKFIH k\u00f6telez\u0151 er\u0151vel b\u00edr\u00f3 hat\u00e1rozatot nem \u00e1ll\u00edt ki), \u00e9rdemi v\u00e1ltoz\u00e1st az elj\u00e1r\u00e1s eredm\u00e9nyek\u00e9nt l\u00e9trej\u00f6tt d\u00f6nt\u00e9s piaci szerepl\u0151k \u00e1ltali felhaszn\u00e1lhat\u00f3s\u00e1g\u00e1ra v\u00e1rhat\u00f3an nem fog gyakorolni, hiszen a hat\u00f3s\u00e1gi megkeres\u00e9sek is kiz\u00e1r\u00f3lag erre ir\u00e1nyulhatnak.<\/p>\n\n\n\n<p>Ami a hat\u00e1rid\u0151ket illeti, a kor\u00e1bbi 30, illetve 60 napos elj\u00e1r\u00e1si hat\u00e1rid\u0151 helyett egys\u00e9gesen 30 nap \u00e1ll az NKFIH rendelkez\u00e9s\u00e9re a szak\u00e9rt\u0151i v\u00e9lem\u00e9ny elk\u00e9sz\u00edt\u00e9s\u00e9re, amely hat\u00e1rid\u0151 egyszer 15 nappal meghosszabb\u00edthat\u00f3 (a hat\u00e1rid\u0151be nem sz\u00e1m\u00edt bele a hi\u00e1nyp\u00f3tl\u00e1si felh\u00edv\u00e1s teljes\u00edt\u00e9s\u00e9nek ideje).<\/p>\n\n\n\n<h2 class=\"wp-block-heading has-medium-font-size\"><strong>Mi\u00e9rt is fontos a K+F min\u0151s\u00edt\u00e9si elj\u00e1r\u00e1s?<\/strong><\/h2>\n\n\n\n<p>Annak meg\u00edt\u00e9l\u00e9se, hogy egy adott tev\u00e9kenys\u00e9g a k\u00f6z\u00f6ss\u00e9gi \u00e9s hazai jogszab\u00e1lyok alapj\u00e1n kutat\u00e1s-fejleszt\u00e9snek min\u0151s\u00fcl-e, gyakran nem egy\u00e9rtelm\u0171. K\u00fcl\u00f6n\u00f6sen neh\u00e9z az innov\u00e1ci\u00f3s tev\u00e9kenys\u00e9g elv\u00e1laszt\u00e1sa a K+F-t\u0151l. A kutat\u00e1s-fejleszt\u00e9si tev\u00e9kenys\u00e9g ugyanakkor sz\u00e1mos ad\u00f3alap- \u00e9s ad\u00f3kedvezm\u00e9nyre, illetve tov\u00e1bbi \u00e1llami t\u00e1mogat\u00e1sokra is jogosultt\u00e1 tehet, gyakran visszamen\u0151leg, kor\u00e1bbi ad\u00f3\u00e9vek vonatkoz\u00e1s\u00e1ban is. A K+F min\u0151s\u00edt\u00e9s egyfajta jogbiztons\u00e1got teremtve hozz\u00e1j\u00e1rul ezen kedvezm\u00e9nyek ig\u00e9nybev\u00e9teli felt\u00e9teleinek megteremt\u00e9s\u00e9hez.<\/p>\n\n\n\n<p>Amennyiben K+F min\u0151s\u00edt\u00e9si k\u00e9relem elk\u00e9sz\u00edt\u00e9se v\u00e1lt sz\u00fcks\u00e9gess\u00e9, irod\u00e1nk tov\u00e1bbra is teljesk\u00f6r\u0171 \u00fcgyint\u00e9z\u00e9ssel (k\u00e9relmek elk\u00e9sz\u00edt\u00e9se, beny\u00fajt\u00e1sa, ut\u00e1nk\u00f6vet\u00e9s) \u00e1ll megl\u00e9v\u0151 \u00e9s leend\u0151 \u00fcgyfeleink rendelkez\u00e9s\u00e9re.<\/p>\n","protected":false},"excerpt":{"rendered":"<p>A Korm\u00e1ny d\u00f6nt\u00e9s\u00e9nek \u00e9rtelm\u00e9ben 2023. szeptember 1-j\u00e9t\u0151l m\u00e1r az NKFIH vizsg\u00e1ljs a kutat\u00e1s-fejleszt\u00e9si tev\u00e9kenys\u00e9gek min\u0151s\u00edt\u00e9s\u00e9vel kapcsolatos k\u00e9relmeket, megkeres\u00e9seket.<\/p>\n","protected":false},"author":1028,"featured_media":9604,"comment_status":"closed","ping_status":"closed","sticky":false,"template":"","format":"standard","meta":{"_acf_changed":false,"_genesis_hide_title":false,"_genesis_hide_breadcrumbs":false,"_genesis_hide_singular_image":false,"_genesis_hide_footer_widgets":false,"_genesis_custom_body_class":"","_genesis_custom_post_class":"","_genesis_layout":"","footnotes":""},"categories":[38],"tags":[41],"class_list":{"0":"post-9603","1":"post","2":"type-post","3":"status-publish","4":"format-standard","5":"has-post-thumbnail","7":"category-hirek","8":"tag-slider-2","9":"entry"},"acf":[],"featured_image_src":"https:\/\/hu.andersen.com\/wp-content\/uploads\/2023\/09\/kutatasfejlesztes.jpg","author_info":{"display_name":"G\u00f6tz Attila","author_link":"https:\/\/hu.andersen.com\/hu\/author\/agotz\/"},"yoast_head":"<!-- This site is optimized with the Yoast SEO Premium plugin v27.4 (Yoast SEO v27.4) - https:\/\/yoast.com\/product\/yoast-seo-premium-wordpress\/ -->\n<title>V\u00e1ltoznak a K+F min\u0151s\u00edt\u00e9si elj\u00e1r\u00e1s szab\u00e1lyai - Andersen Magyarorsz\u00e1g<\/title>\n<meta name=\"description\" content=\"A Korm\u00e1ny d\u00f6nt\u00e9s\u00e9nek \u00e9rtelm\u00e9ben 2023. szeptember 1-j\u00e9t\u0151l m\u00e1r az NKFIH vizsg\u00e1ljs a kutat\u00e1s-fejleszt\u00e9si tev\u00e9kenys\u00e9gek min\u0151s\u00edt\u00e9s\u00e9vel kapcsolatos k\u00e9relmeket, megkeres\u00e9seket.\" \/>\n<meta name=\"robots\" content=\"index, follow, max-snippet:-1, max-image-preview:large, max-video-preview:-1\" \/>\n<link rel=\"canonical\" href=\"https:\/\/hu.andersen.com\/hu\/hirek\/valtoznak-a-kf-minositesi-eljaras-szabalyai\/\" \/>\n<meta property=\"og:locale\" content=\"hu_HU\" \/>\n<meta property=\"og:type\" content=\"article\" \/>\n<meta property=\"og:title\" content=\"V\u00e1ltoznak a K+F min\u0151s\u00edt\u00e9si elj\u00e1r\u00e1s szab\u00e1lyai\" \/>\n<meta property=\"og:description\" content=\"A Korm\u00e1ny d\u00f6nt\u00e9s\u00e9nek \u00e9rtelm\u00e9ben 2023. szeptember 1-j\u00e9t\u0151l m\u00e1r az NKFIH vizsg\u00e1ljs a kutat\u00e1s-fejleszt\u00e9si tev\u00e9kenys\u00e9gek min\u0151s\u00edt\u00e9s\u00e9vel kapcsolatos k\u00e9relmeket, megkeres\u00e9seket.\" \/>\n<meta property=\"og:url\" content=\"https:\/\/hu.andersen.com\/hu\/hirek\/valtoznak-a-kf-minositesi-eljaras-szabalyai\/\" \/>\n<meta property=\"og:site_name\" content=\"Andersen Magyarorsz\u00e1g\" \/>\n<meta property=\"article:published_time\" content=\"2023-09-07T06:47:51+00:00\" \/>\n<meta property=\"article:modified_time\" content=\"2023-09-07T06:47:52+00:00\" \/>\n<meta property=\"og:image\" content=\"https:\/\/hu.andersen.com\/wp-content\/uploads\/2023\/09\/kutatasfejlesztes.jpg\" \/>\n\t<meta property=\"og:image:width\" content=\"1640\" \/>\n\t<meta property=\"og:image:height\" content=\"780\" \/>\n\t<meta property=\"og:image:type\" content=\"image\/jpeg\" \/>\n<meta name=\"author\" content=\"G\u00f6tz Attila\" \/>\n<meta name=\"twitter:card\" content=\"summary_large_image\" \/>\n<meta name=\"twitter:label1\" content=\"Szerz\u0151:\" \/>\n\t<meta name=\"twitter:data1\" content=\"G\u00f6tz Attila\" \/>\n\t<meta name=\"twitter:label2\" content=\"Becs\u00fclt olvas\u00e1si id\u0151\" \/>\n\t<meta name=\"twitter:data2\" content=\"5 perc\" \/>\n<script type=\"application\/ld+json\" class=\"yoast-schema-graph\">{\"@context\":\"https:\\\/\\\/schema.org\",\"@graph\":[{\"@type\":\"Article\",\"@id\":\"https:\\\/\\\/hu.andersen.com\\\/hu\\\/hirek\\\/valtoznak-a-kf-minositesi-eljaras-szabalyai\\\/#article\",\"isPartOf\":{\"@id\":\"https:\\\/\\\/hu.andersen.com\\\/hu\\\/hirek\\\/valtoznak-a-kf-minositesi-eljaras-szabalyai\\\/\"},\"author\":{\"name\":\"G\u00f6tz Attila\",\"@id\":\"https:\\\/\\\/hu.andersen.com\\\/#\\\/schema\\\/person\\\/57a8b81638277dac3324887812032990\"},\"headline\":\"V\u00e1ltoznak a K+F min\u0151s\u00edt\u00e9si elj\u00e1r\u00e1s szab\u00e1lyai\",\"datePublished\":\"2023-09-07T06:47:51+00:00\",\"dateModified\":\"2023-09-07T06:47:52+00:00\",\"mainEntityOfPage\":{\"@id\":\"https:\\\/\\\/hu.andersen.com\\\/hu\\\/hirek\\\/valtoznak-a-kf-minositesi-eljaras-szabalyai\\\/\"},\"wordCount\":923,\"image\":{\"@id\":\"https:\\\/\\\/hu.andersen.com\\\/hu\\\/hirek\\\/valtoznak-a-kf-minositesi-eljaras-szabalyai\\\/#primaryimage\"},\"thumbnailUrl\":\"https:\\\/\\\/hu.andersen.com\\\/wp-content\\\/uploads\\\/2023\\\/09\\\/kutatasfejlesztes.jpg\",\"keywords\":[\"slider\"],\"articleSection\":[\"H\u00edrek\"],\"inLanguage\":\"hu\"},{\"@type\":\"WebPage\",\"@id\":\"https:\\\/\\\/hu.andersen.com\\\/hu\\\/hirek\\\/valtoznak-a-kf-minositesi-eljaras-szabalyai\\\/\",\"url\":\"https:\\\/\\\/hu.andersen.com\\\/hu\\\/hirek\\\/valtoznak-a-kf-minositesi-eljaras-szabalyai\\\/\",\"name\":\"V\u00e1ltoznak a K+F min\u0151s\u00edt\u00e9si elj\u00e1r\u00e1s szab\u00e1lyai - Andersen Magyarorsz\u00e1g\",\"isPartOf\":{\"@id\":\"https:\\\/\\\/hu.andersen.com\\\/#website\"},\"primaryImageOfPage\":{\"@id\":\"https:\\\/\\\/hu.andersen.com\\\/hu\\\/hirek\\\/valtoznak-a-kf-minositesi-eljaras-szabalyai\\\/#primaryimage\"},\"image\":{\"@id\":\"https:\\\/\\\/hu.andersen.com\\\/hu\\\/hirek\\\/valtoznak-a-kf-minositesi-eljaras-szabalyai\\\/#primaryimage\"},\"thumbnailUrl\":\"https:\\\/\\\/hu.andersen.com\\\/wp-content\\\/uploads\\\/2023\\\/09\\\/kutatasfejlesztes.jpg\",\"datePublished\":\"2023-09-07T06:47:51+00:00\",\"dateModified\":\"2023-09-07T06:47:52+00:00\",\"author\":{\"@id\":\"https:\\\/\\\/hu.andersen.com\\\/#\\\/schema\\\/person\\\/57a8b81638277dac3324887812032990\"},\"description\":\"A Korm\u00e1ny d\u00f6nt\u00e9s\u00e9nek \u00e9rtelm\u00e9ben 2023. szeptember 1-j\u00e9t\u0151l m\u00e1r az NKFIH vizsg\u00e1ljs a kutat\u00e1s-fejleszt\u00e9si tev\u00e9kenys\u00e9gek min\u0151s\u00edt\u00e9s\u00e9vel kapcsolatos k\u00e9relmeket, megkeres\u00e9seket.\",\"breadcrumb\":{\"@id\":\"https:\\\/\\\/hu.andersen.com\\\/hu\\\/hirek\\\/valtoznak-a-kf-minositesi-eljaras-szabalyai\\\/#breadcrumb\"},\"inLanguage\":\"hu\",\"potentialAction\":[{\"@type\":\"ReadAction\",\"target\":[\"https:\\\/\\\/hu.andersen.com\\\/hu\\\/hirek\\\/valtoznak-a-kf-minositesi-eljaras-szabalyai\\\/\"]}]},{\"@type\":\"ImageObject\",\"inLanguage\":\"hu\",\"@id\":\"https:\\\/\\\/hu.andersen.com\\\/hu\\\/hirek\\\/valtoznak-a-kf-minositesi-eljaras-szabalyai\\\/#primaryimage\",\"url\":\"https:\\\/\\\/hu.andersen.com\\\/wp-content\\\/uploads\\\/2023\\\/09\\\/kutatasfejlesztes.jpg\",\"contentUrl\":\"https:\\\/\\\/hu.andersen.com\\\/wp-content\\\/uploads\\\/2023\\\/09\\\/kutatasfejlesztes.jpg\",\"width\":1640,\"height\":780},{\"@type\":\"BreadcrumbList\",\"@id\":\"https:\\\/\\\/hu.andersen.com\\\/hu\\\/hirek\\\/valtoznak-a-kf-minositesi-eljaras-szabalyai\\\/#breadcrumb\",\"itemListElement\":[{\"@type\":\"ListItem\",\"position\":1,\"name\":\"Kezd\u0151lap\",\"item\":\"https:\\\/\\\/hu.andersen.com\\\/hu\\\/\"},{\"@type\":\"ListItem\",\"position\":2,\"name\":\"V\u00e1ltoznak a K+F min\u0151s\u00edt\u00e9si elj\u00e1r\u00e1s szab\u00e1lyai\"}]},{\"@type\":\"WebSite\",\"@id\":\"https:\\\/\\\/hu.andersen.com\\\/#website\",\"url\":\"https:\\\/\\\/hu.andersen.com\\\/\",\"name\":\"Andersen In Hungary\",\"description\":\"Ad\u00f3tan\u00e1csad\u00e1s \u00e9s jogi tan\u00e1csad\u00e1s\",\"potentialAction\":[{\"@type\":\"SearchAction\",\"target\":{\"@type\":\"EntryPoint\",\"urlTemplate\":\"https:\\\/\\\/hu.andersen.com\\\/?s={search_term_string}\"},\"query-input\":{\"@type\":\"PropertyValueSpecification\",\"valueRequired\":true,\"valueName\":\"search_term_string\"}}],\"inLanguage\":\"hu\"},{\"@type\":\"Person\",\"@id\":\"https:\\\/\\\/hu.andersen.com\\\/#\\\/schema\\\/person\\\/57a8b81638277dac3324887812032990\",\"name\":\"G\u00f6tz Attila\",\"image\":{\"@type\":\"ImageObject\",\"inLanguage\":\"hu\",\"@id\":\"https:\\\/\\\/secure.gravatar.com\\\/avatar\\\/2d4fd031a22fa340d80ae6058bee0ef10aa643338dbc8f7650a08f79a37958b7?s=96&d=mm&r=g\",\"url\":\"https:\\\/\\\/secure.gravatar.com\\\/avatar\\\/2d4fd031a22fa340d80ae6058bee0ef10aa643338dbc8f7650a08f79a37958b7?s=96&d=mm&r=g\",\"contentUrl\":\"https:\\\/\\\/secure.gravatar.com\\\/avatar\\\/2d4fd031a22fa340d80ae6058bee0ef10aa643338dbc8f7650a08f79a37958b7?s=96&d=mm&r=g\",\"caption\":\"G\u00f6tz Attila\"},\"sameAs\":[\"https:\\\/\\\/hu.andersen.com\"],\"url\":\"https:\\\/\\\/hu.andersen.com\\\/hu\\\/author\\\/agotz\\\/\"}]}<\/script>\n<!-- \/ Yoast SEO Premium plugin. -->","yoast_head_json":{"title":"V\u00e1ltoznak a K+F min\u0151s\u00edt\u00e9si elj\u00e1r\u00e1s szab\u00e1lyai - Andersen Magyarorsz\u00e1g","description":"A Korm\u00e1ny d\u00f6nt\u00e9s\u00e9nek \u00e9rtelm\u00e9ben 2023. szeptember 1-j\u00e9t\u0151l m\u00e1r az NKFIH vizsg\u00e1ljs a kutat\u00e1s-fejleszt\u00e9si tev\u00e9kenys\u00e9gek min\u0151s\u00edt\u00e9s\u00e9vel kapcsolatos k\u00e9relmeket, megkeres\u00e9seket.","robots":{"index":"index","follow":"follow","max-snippet":"max-snippet:-1","max-image-preview":"max-image-preview:large","max-video-preview":"max-video-preview:-1"},"canonical":"https:\/\/hu.andersen.com\/hu\/hirek\/valtoznak-a-kf-minositesi-eljaras-szabalyai\/","og_locale":"hu_HU","og_type":"article","og_title":"V\u00e1ltoznak a K+F min\u0151s\u00edt\u00e9si elj\u00e1r\u00e1s szab\u00e1lyai","og_description":"A Korm\u00e1ny d\u00f6nt\u00e9s\u00e9nek \u00e9rtelm\u00e9ben 2023. szeptember 1-j\u00e9t\u0151l m\u00e1r az NKFIH vizsg\u00e1ljs a kutat\u00e1s-fejleszt\u00e9si tev\u00e9kenys\u00e9gek min\u0151s\u00edt\u00e9s\u00e9vel kapcsolatos k\u00e9relmeket, megkeres\u00e9seket.","og_url":"https:\/\/hu.andersen.com\/hu\/hirek\/valtoznak-a-kf-minositesi-eljaras-szabalyai\/","og_site_name":"Andersen Magyarorsz\u00e1g","article_published_time":"2023-09-07T06:47:51+00:00","article_modified_time":"2023-09-07T06:47:52+00:00","og_image":[{"width":1640,"height":780,"url":"https:\/\/hu.andersen.com\/wp-content\/uploads\/2023\/09\/kutatasfejlesztes.jpg","type":"image\/jpeg"}],"author":"G\u00f6tz Attila","twitter_card":"summary_large_image","twitter_misc":{"Szerz\u0151:":"G\u00f6tz Attila","Becs\u00fclt olvas\u00e1si id\u0151":"5 perc"},"schema":{"@context":"https:\/\/schema.org","@graph":[{"@type":"Article","@id":"https:\/\/hu.andersen.com\/hu\/hirek\/valtoznak-a-kf-minositesi-eljaras-szabalyai\/#article","isPartOf":{"@id":"https:\/\/hu.andersen.com\/hu\/hirek\/valtoznak-a-kf-minositesi-eljaras-szabalyai\/"},"author":{"name":"G\u00f6tz Attila","@id":"https:\/\/hu.andersen.com\/#\/schema\/person\/57a8b81638277dac3324887812032990"},"headline":"V\u00e1ltoznak a K+F min\u0151s\u00edt\u00e9si elj\u00e1r\u00e1s szab\u00e1lyai","datePublished":"2023-09-07T06:47:51+00:00","dateModified":"2023-09-07T06:47:52+00:00","mainEntityOfPage":{"@id":"https:\/\/hu.andersen.com\/hu\/hirek\/valtoznak-a-kf-minositesi-eljaras-szabalyai\/"},"wordCount":923,"image":{"@id":"https:\/\/hu.andersen.com\/hu\/hirek\/valtoznak-a-kf-minositesi-eljaras-szabalyai\/#primaryimage"},"thumbnailUrl":"https:\/\/hu.andersen.com\/wp-content\/uploads\/2023\/09\/kutatasfejlesztes.jpg","keywords":["slider"],"articleSection":["H\u00edrek"],"inLanguage":"hu"},{"@type":"WebPage","@id":"https:\/\/hu.andersen.com\/hu\/hirek\/valtoznak-a-kf-minositesi-eljaras-szabalyai\/","url":"https:\/\/hu.andersen.com\/hu\/hirek\/valtoznak-a-kf-minositesi-eljaras-szabalyai\/","name":"V\u00e1ltoznak a K+F min\u0151s\u00edt\u00e9si elj\u00e1r\u00e1s szab\u00e1lyai - Andersen Magyarorsz\u00e1g","isPartOf":{"@id":"https:\/\/hu.andersen.com\/#website"},"primaryImageOfPage":{"@id":"https:\/\/hu.andersen.com\/hu\/hirek\/valtoznak-a-kf-minositesi-eljaras-szabalyai\/#primaryimage"},"image":{"@id":"https:\/\/hu.andersen.com\/hu\/hirek\/valtoznak-a-kf-minositesi-eljaras-szabalyai\/#primaryimage"},"thumbnailUrl":"https:\/\/hu.andersen.com\/wp-content\/uploads\/2023\/09\/kutatasfejlesztes.jpg","datePublished":"2023-09-07T06:47:51+00:00","dateModified":"2023-09-07T06:47:52+00:00","author":{"@id":"https:\/\/hu.andersen.com\/#\/schema\/person\/57a8b81638277dac3324887812032990"},"description":"A Korm\u00e1ny d\u00f6nt\u00e9s\u00e9nek \u00e9rtelm\u00e9ben 2023. szeptember 1-j\u00e9t\u0151l m\u00e1r az NKFIH vizsg\u00e1ljs a kutat\u00e1s-fejleszt\u00e9si tev\u00e9kenys\u00e9gek min\u0151s\u00edt\u00e9s\u00e9vel kapcsolatos k\u00e9relmeket, megkeres\u00e9seket.","breadcrumb":{"@id":"https:\/\/hu.andersen.com\/hu\/hirek\/valtoznak-a-kf-minositesi-eljaras-szabalyai\/#breadcrumb"},"inLanguage":"hu","potentialAction":[{"@type":"ReadAction","target":["https:\/\/hu.andersen.com\/hu\/hirek\/valtoznak-a-kf-minositesi-eljaras-szabalyai\/"]}]},{"@type":"ImageObject","inLanguage":"hu","@id":"https:\/\/hu.andersen.com\/hu\/hirek\/valtoznak-a-kf-minositesi-eljaras-szabalyai\/#primaryimage","url":"https:\/\/hu.andersen.com\/wp-content\/uploads\/2023\/09\/kutatasfejlesztes.jpg","contentUrl":"https:\/\/hu.andersen.com\/wp-content\/uploads\/2023\/09\/kutatasfejlesztes.jpg","width":1640,"height":780},{"@type":"BreadcrumbList","@id":"https:\/\/hu.andersen.com\/hu\/hirek\/valtoznak-a-kf-minositesi-eljaras-szabalyai\/#breadcrumb","itemListElement":[{"@type":"ListItem","position":1,"name":"Kezd\u0151lap","item":"https:\/\/hu.andersen.com\/hu\/"},{"@type":"ListItem","position":2,"name":"V\u00e1ltoznak a K+F min\u0151s\u00edt\u00e9si elj\u00e1r\u00e1s szab\u00e1lyai"}]},{"@type":"WebSite","@id":"https:\/\/hu.andersen.com\/#website","url":"https:\/\/hu.andersen.com\/","name":"Andersen In Hungary","description":"Ad\u00f3tan\u00e1csad\u00e1s \u00e9s jogi tan\u00e1csad\u00e1s","potentialAction":[{"@type":"SearchAction","target":{"@type":"EntryPoint","urlTemplate":"https:\/\/hu.andersen.com\/?s={search_term_string}"},"query-input":{"@type":"PropertyValueSpecification","valueRequired":true,"valueName":"search_term_string"}}],"inLanguage":"hu"},{"@type":"Person","@id":"https:\/\/hu.andersen.com\/#\/schema\/person\/57a8b81638277dac3324887812032990","name":"G\u00f6tz Attila","image":{"@type":"ImageObject","inLanguage":"hu","@id":"https:\/\/secure.gravatar.com\/avatar\/2d4fd031a22fa340d80ae6058bee0ef10aa643338dbc8f7650a08f79a37958b7?s=96&d=mm&r=g","url":"https:\/\/secure.gravatar.com\/avatar\/2d4fd031a22fa340d80ae6058bee0ef10aa643338dbc8f7650a08f79a37958b7?s=96&d=mm&r=g","contentUrl":"https:\/\/secure.gravatar.com\/avatar\/2d4fd031a22fa340d80ae6058bee0ef10aa643338dbc8f7650a08f79a37958b7?s=96&d=mm&r=g","caption":"G\u00f6tz Attila"},"sameAs":["https:\/\/hu.andersen.com"],"url":"https:\/\/hu.andersen.com\/hu\/author\/agotz\/"}]}},"_links":{"self":[{"href":"https:\/\/hu.andersen.com\/hu\/wp-json\/wp\/v2\/posts\/9603","targetHints":{"allow":["GET"]}}],"collection":[{"href":"https:\/\/hu.andersen.com\/hu\/wp-json\/wp\/v2\/posts"}],"about":[{"href":"https:\/\/hu.andersen.com\/hu\/wp-json\/wp\/v2\/types\/post"}],"author":[{"embeddable":true,"href":"https:\/\/hu.andersen.com\/hu\/wp-json\/wp\/v2\/users\/1028"}],"replies":[{"embeddable":true,"href":"https:\/\/hu.andersen.com\/hu\/wp-json\/wp\/v2\/comments?post=9603"}],"version-history":[{"count":3,"href":"https:\/\/hu.andersen.com\/hu\/wp-json\/wp\/v2\/posts\/9603\/revisions"}],"predecessor-version":[{"id":9612,"href":"https:\/\/hu.andersen.com\/hu\/wp-json\/wp\/v2\/posts\/9603\/revisions\/9612"}],"wp:featuredmedia":[{"embeddable":true,"href":"https:\/\/hu.andersen.com\/hu\/wp-json\/wp\/v2\/media\/9604"}],"wp:attachment":[{"href":"https:\/\/hu.andersen.com\/hu\/wp-json\/wp\/v2\/media?parent=9603"}],"wp:term":[{"taxonomy":"category","embeddable":true,"href":"https:\/\/hu.andersen.com\/hu\/wp-json\/wp\/v2\/categories?post=9603"},{"taxonomy":"post_tag","embeddable":true,"href":"https:\/\/hu.andersen.com\/hu\/wp-json\/wp\/v2\/tags?post=9603"}],"curies":[{"name":"wp","href":"https:\/\/api.w.org\/{rel}","templated":true}]}}