{"id":9778,"date":"2023-09-28T12:20:21","date_gmt":"2023-09-28T10:20:21","guid":{"rendered":"https:\/\/hu.andersen.com\/?p=9778"},"modified":"2024-04-11T19:47:39","modified_gmt":"2024-04-11T17:47:39","slug":"konnyebben-valthatnak-dijatalanyra-a-gepjarmuipar-szereploi-az-epr-rendszerben","status":"publish","type":"post","link":"https:\/\/hu.andersen.com\/hu\/hirek\/konnyebben-valthatnak-dijatalanyra-a-gepjarmuipar-szereploi-az-epr-rendszerben\/","title":{"rendered":"EPR: k\u00f6nnyebb d\u00edj\u00e1tal\u00e1nyra v\u00e1ltani a g\u00e9pj\u00e1rm\u0171ipar szerepl\u0151inek"},"content":{"rendered":"\n<p><strong>A m\u00falt h\u00e9ten \u00fajabb m\u00f3dos\u00edt\u00e1son esett \u00e1t a kiterjesztett gy\u00e1rt\u00f3i felel\u0151ss\u00e9gi rendszer m\u0171k\u00f6d\u00e9s\u00e9nek r\u00e9szletes szab\u00e1lyair\u00f3l sz\u00f3l\u00f3 80\/2023 (III.14) Korm\u00e1nyrendeletet (EPR rendelet), amely komoly seg\u00edts\u00e9get jelenthet a g\u00e9pj\u00e1rm\u0171 gy\u00e1rt\u00f3knak \u00e9s a forgalmaz\u00f3knak.<\/strong><\/p>\n\n\n\n<p>T\u00f6bb kisebb pontos\u00edt\u00e1s mellett a m\u00f3dos\u00edt\u00e1s f\u0151k\u00e9nt a g\u00e9pj\u00e1rm\u0171 gy\u00e1rt\u00f3k \u00e9s forgalmaz\u00f3k sz\u00e1m\u00e1ra b\u00edr nagy jelent\u0151s\u00e9ggel, mivel az egyszer\u0171s\u00edt\u00e9st jelent\u0151 d\u00edj\u00e1tal\u00e1ny-fizet\u00e9s lehet\u0151s\u00e9g\u00e9t kiterjesztett\u00e9k, amely \u00edgy ak\u00e1r \u00e1tv\u00e1llal\u00e1si szerz\u0151d\u00e9s megk\u00f6t\u00e9se n\u00e9lk\u00fcl is el\u00e9rhet\u0151 lett. A kiterjesztett v\u00e1laszt\u00e1si lehet\u0151s\u00e9g r\u00e1ad\u00e1sul visszamen\u0151legesen az EPR-rendszer indul\u00e1s\u00e1t\u00f3l, teh\u00e1t 2023. j\u00falius 1-j\u00e9t\u0151l alkalmazhat\u00f3.<\/p>\n\n\n\n<p>Az <a href=\"https:\/\/hu.andersen.com\/hu\/hirek\/epr-rendelet-a-kiterjesztett-gyartoi-felelossegi-rendszer-reszletes-szabalyai\/\">EPR-rendelet<\/a> kor\u00e1bbi sz\u00f6vege alapj\u00e1n a g\u00e9pj\u00e1rm\u0171vekn\u00e9l d\u00edj\u00e1tal\u00e1ny-fizet\u00e9sre csak abban az esetben lett volna lehet\u0151s\u00e9g, ha a g\u00e9pj\u00e1rm\u0171term\u00e9k\u00e1ramba tartoz\u00f3 k\u00f6rforg\u00e1sos term\u00e9k gy\u00e1rt\u00f3ja szerz\u0151d\u00e9s alapj\u00e1n a v\u00e1laszt\u00e1st megel\u0151z\u0151en \u00e1tv\u00e1llalta a term\u00e9k tartoz\u00e9k\u00e1nak vagy alkot\u00f3r\u00e9sz\u00e9nek min\u0151s\u00fcl\u0151 elektromos, elektronikus berendez\u00e9s, elem \u00e9s akkumul\u00e1tor, valamint gumiabroncs-term\u00e9k\u00e1ramba tartoz\u00f3 k\u00f6rforg\u00e1sos term\u00e9k gy\u00e1rt\u00f3j\u00e1t\u00f3l a tartoz\u00e9knak vagy alkot\u00f3r\u00e9sznek min\u0151s\u00fcl\u0151 k\u00f6rforg\u00e1sos term\u00e9kekhez kapcsol\u00f3d\u00f3 EPR k\u00f6telezetts\u00e9get. A most megjelent m\u00f3dos\u00edt\u00e1s ezt a d\u00edj\u00e1tal\u00e1ny-fizet\u00e9sre vonatkoz\u00f3 v\u00e1laszt\u00e1si lehet\u0151s\u00e9get b\u0151v\u00edtette ki minden g\u00e9pj\u00e1rm\u0171gy\u00e1rt\u00f3 \u00e9s forgalmaz\u00f3 r\u00e9sz\u00e9re az \u00e1tv\u00e1llal\u00e1st\u00f3l f\u00fcggetlen\u00fcl.<\/p>\n\n\n\n<p>D\u00edj\u00e1tal\u00e1ny-fizet\u00e9s v\u00e1laszt\u00e1sa eset\u00e9n \u2013 mely v\u00e1laszt\u00e1s t\u00e1rgy\u00e9ven bel\u00fcl nem v\u00e1ltoztathat\u00f3 meg \u2013 a gy\u00e1rt\u00f3 \u00e1ltal fizetend\u0151 EPR-rendelet szerinti d\u00edj m\u00e9rt\u00e9k\u00e9t a gy\u00e1rt\u00f3 \u00e1ltal forgalomba hozott g\u00e9pj\u00e1rm\u0171mennyis\u00e9g alapj\u00e1n kell meg\u00e1llap\u00edtani, amelybe bele\u00e9rtend\u0151 a g\u00e9pj\u00e1rm\u0171 EPR-k\u00f6teles tartoz\u00e9ka vagy alkot\u00f3r\u00e9sze is (p\u00e9ld\u00e1ul akkumul\u00e1tor; elektromos, elektronikai berendez\u00e9s; gumiabroncs). A d\u00edj\u00e1tal\u00e1ny-fizet\u00e9s teh\u00e1t nem csak d\u00edjkalkul\u00e1ci\u00f3s, hanem jelent\u0151s adminisztr\u00e1ci\u00f3s k\u00f6nnyebbs\u00e9get is jelenthet, tekintve, hogy a v\u00e1laszt\u00e1sa eset\u00e9n a szerepl\u0151knek nem sz\u00fcks\u00e9ges minden egyes olyan EPR-k\u00f6teles tartoz\u00e9kr\u00f3l vagy alkot\u00f3r\u00e9szr\u0151l k\u00fcl\u00f6n nyilv\u00e1ntart\u00e1st vezetni\u00fck \u00e9s negyed\u00e9vente adatot szolg\u00e1ltatniuk, amelyeket az \u00e1ltaluk forgalomba hozott g\u00e9pj\u00e1rm\u0171be be\u00e9p\u00edtenek.<\/p>\n\n\n\n<p>Arr\u00f3l egyel\u0151re nincs inform\u00e1ci\u00f3nk, hogy a d\u00edj\u00e1tal\u00e1ny m\u00e9rt\u00e9ke a lehet\u0151s\u00e9g kiterjeszt\u00e9s\u00e9t k\u00f6vet\u0151en fog-e m\u00f3dosulni. Jelenleg az EPR-d\u00edj rendelet (a hullad\u00e9kgazd\u00e1lkod\u00e1si int\u00e9zm\u00e9nyi r\u00e9sztev\u00e9kenys\u00e9g ell\u00e1t\u00e1s\u00e1val \u00f6sszef\u00fcgg\u0151 d\u00edjak, a d\u00edjalkalmaz\u00e1si felt\u00e9telek, valamint a d\u00edjmegfizet\u00e9s rendj\u00e9nek meg\u00e1llap\u00edt\u00e1s\u00e1r\u00f3l sz\u00f3l\u00f3 8\/2023. (VI. 2.) EM rendelet) m\u00e9g a r\u00e9gi, vagyis az \u00e1tv\u00e1llalt EPR k\u00f6telezetts\u00e9g r\u00e9v\u00e9n v\u00e1laszthat\u00f3 d\u00edj\u00e1tal\u00e1ny m\u00e9rt\u00e9k\u00e9t tartalmazza.<\/p>\n\n\n\n<p>A fentiekkel \u00f6sszhangban a k\u00f6rforg\u00e1sos (KF) k\u00f3dokra vonatkoz\u00f3 rendelkez\u00e9sek is m\u00f3dosultak. A g\u00e9pj\u00e1rm\u0171vek eset\u00e9ben a csoportk\u00f3d (5.-6. karakter) meghat\u00e1roz\u00e1s sor\u00e1n jelent\u0151s\u00e9ge lett a g\u00e9pj\u00e1rm\u0171 gy\u00e1rt\u00e1si \u00e9v\u00e9nek is. A m\u00f3dos\u00edt\u00e1sok k\u00f6vetkezt\u00e9ben az EPR-rendelet megk\u00fcl\u00f6nb\u00f6zteti az 1980. janu\u00e1r 1-je el\u0151tt \u00e9s ut\u00e1na gy\u00e1rtott j\u00e1rm\u0171veket. A k\u00f6telezetts\u00e9gteljes\u00edt\u00e9si k\u00f3dra (7. karakter) vonatkoz\u00f3an pedig kiker\u00fcltek a d\u00edj\u00e1tal\u00e1ny-fizet\u00e9si meghat\u00e1roz\u00e1sok, tekintve, hogy a mostani m\u00f3dos\u00edt\u00e1sok alapj\u00e1n a v\u00e1laszt\u00e1s m\u00e1r nincs \u00e1tv\u00e1llal\u00e1shoz k\u00f6tve.<\/p>\n\n\n\n<p>A g\u00e9pj\u00e1rm\u0171gy\u00e1rt\u00f3kat \u00e9rint\u0151 v\u00e1ltoz\u00e1sokon fel\u00fcl, a jelenlegi m\u00f3dos\u00edt\u00e1s alapj\u00e1n pontos\u00edtott\u00e1k, hogy az EPR k\u00f6telezetts\u00e9g tekintet\u00e9ben gy\u00e1rt\u00f3nak min\u0151s\u00fcl minden olyan szem\u00e9ly, aki a rendeletben meghat\u00e1rozott forgalomba hozatalt megval\u00f3s\u00edtja.<br>A m\u00f3dos\u00edt\u00e1sok \u00e9rtelm\u00e9ben a jogszab\u00e1ly egy\u00e9rtelm\u0171s\u00edti, hogy a k\u00e9szletre v\u00e9tel is forgalomba hozatalnak min\u0151s\u00fcl, mely eset\u00e9ben az EPR-d\u00edj m\u00e9rt\u00e9k\u00e9nek meghat\u00e1roz\u00e1sa sor\u00e1n k\u00e9szletre vett k\u00f6rforg\u00e1sos term\u00e9k mennyis\u00e9g\u00e9t sz\u00fcks\u00e9ges figyelembe venni.<\/p>\n\n\n\n<p>A g\u00e9pj\u00e1rm\u0171vek mellett a csomagol\u00e1s \u00e9s a textil term\u00e9kek d\u00edjk\u00f3djaiban is v\u00e1ltoz\u00e1s t\u00f6rt\u00e9nt, melyre a fent eml\u00edtett m\u00f3dos\u00edt\u00e1sok miatt volt sz\u00fcks\u00e9g. A csomagol\u00e1s eset\u00e9ben egy kor\u00e1bbi v\u00e1ltoz\u00e1st vezettek m\u00e9g \u00e1t, \u00edgy a d\u00edjk\u00f3dok kieg\u00e9sz\u00fcltek a n\u00f6v\u00e9nyv\u00e9d\u0151 szerrel k\u00f6zvetlen\u00fcl \u00e9rintkez\u0151 csomagol\u00e1sra vonatkoz\u00f3 KF k\u00f3dokkal is, a textil term\u00e9kek eset\u00e9ben pedig ezen fel\u00fcl egy kor\u00e1bbi hib\u00e1t is jav\u00edtottak.<\/p>\n","protected":false},"excerpt":{"rendered":"<p>\u00dajabb m\u00f3dos\u00edt\u00e1son esett \u00e1t a kiterjesztett gy\u00e1rt\u00f3i felel\u0151ss\u00e9gi rendszer m\u0171k\u00f6d\u00e9s\u00e9nek r\u00e9szletes szab\u00e1lyair\u00f3l sz\u00f3l\u00f3 korm\u00e1nyrendeletet.<\/p>\n","protected":false},"author":1028,"featured_media":9779,"comment_status":"closed","ping_status":"closed","sticky":false,"template":"","format":"standard","meta":{"_acf_changed":false,"_genesis_hide_title":false,"_genesis_hide_breadcrumbs":false,"_genesis_hide_singular_image":false,"_genesis_hide_footer_widgets":false,"_genesis_custom_body_class":"","_genesis_custom_post_class":"","_genesis_layout":"","footnotes":""},"categories":[38],"tags":[41],"class_list":{"0":"post-9778","1":"post","2":"type-post","3":"status-publish","4":"format-standard","5":"has-post-thumbnail","7":"category-hirek","8":"tag-slider-2","9":"entry"},"acf":[],"featured_image_src":"https:\/\/hu.andersen.com\/wp-content\/uploads\/2023\/09\/epr-autoalkatresz-1640-780.jpg","author_info":{"display_name":"G\u00f6tz Attila","author_link":"https:\/\/hu.andersen.com\/hu\/author\/agotz\/"},"yoast_head":"<!-- This site is optimized with the Yoast SEO Premium plugin v27.4 (Yoast SEO v27.4) - https:\/\/yoast.com\/product\/yoast-seo-premium-wordpress\/ -->\n<title>EPR: k\u00f6nnyebben v\u00e1lthatnak d\u00edj\u00e1tal\u00e1nyra a g\u00e9pj\u00e1rm\u0171ipar szerepl\u0151i<\/title>\n<meta name=\"description\" content=\"\u00dajabb m\u00f3dos\u00edt\u00e1son esett \u00e1t a kiterjesztett gy\u00e1rt\u00f3i felel\u0151ss\u00e9gi rendszer m\u0171k\u00f6d\u00e9s\u00e9nek r\u00e9szletes szab\u00e1lyair\u00f3l sz\u00f3l\u00f3 korm\u00e1nyrendeletet.\" \/>\n<meta name=\"robots\" content=\"index, follow, max-snippet:-1, max-image-preview:large, max-video-preview:-1\" \/>\n<link rel=\"canonical\" href=\"https:\/\/hu.andersen.com\/hu\/hirek\/konnyebben-valthatnak-dijatalanyra-a-gepjarmuipar-szereploi-az-epr-rendszerben\/\" \/>\n<meta property=\"og:locale\" content=\"hu_HU\" \/>\n<meta property=\"og:type\" content=\"article\" \/>\n<meta property=\"og:title\" content=\"EPR: k\u00f6nnyebb d\u00edj\u00e1tal\u00e1nyra v\u00e1ltani a g\u00e9pj\u00e1rm\u0171ipar szerepl\u0151inek\" \/>\n<meta property=\"og:description\" content=\"\u00dajabb m\u00f3dos\u00edt\u00e1son esett \u00e1t a kiterjesztett gy\u00e1rt\u00f3i felel\u0151ss\u00e9gi rendszer m\u0171k\u00f6d\u00e9s\u00e9nek r\u00e9szletes szab\u00e1lyair\u00f3l sz\u00f3l\u00f3 korm\u00e1nyrendeletet.\" \/>\n<meta property=\"og:url\" content=\"https:\/\/hu.andersen.com\/hu\/hirek\/konnyebben-valthatnak-dijatalanyra-a-gepjarmuipar-szereploi-az-epr-rendszerben\/\" \/>\n<meta property=\"og:site_name\" content=\"Andersen Magyarorsz\u00e1g\" \/>\n<meta property=\"article:published_time\" content=\"2023-09-28T10:20:21+00:00\" \/>\n<meta property=\"article:modified_time\" content=\"2024-04-11T17:47:39+00:00\" \/>\n<meta property=\"og:image\" content=\"https:\/\/hu.andersen.com\/wp-content\/uploads\/2023\/09\/epr-autoalkatresz-1640-780.jpg\" \/>\n\t<meta property=\"og:image:width\" content=\"1640\" \/>\n\t<meta property=\"og:image:height\" content=\"780\" \/>\n\t<meta property=\"og:image:type\" content=\"image\/jpeg\" \/>\n<meta name=\"author\" content=\"G\u00f6tz Attila\" \/>\n<meta name=\"twitter:card\" content=\"summary_large_image\" \/>\n<meta name=\"twitter:label1\" content=\"Szerz\u0151:\" \/>\n\t<meta name=\"twitter:data1\" content=\"G\u00f6tz Attila\" \/>\n\t<meta name=\"twitter:label2\" content=\"Becs\u00fclt olvas\u00e1si id\u0151\" \/>\n\t<meta name=\"twitter:data2\" content=\"5 perc\" \/>\n<script type=\"application\/ld+json\" class=\"yoast-schema-graph\">{\"@context\":\"https:\\\/\\\/schema.org\",\"@graph\":[{\"@type\":\"Article\",\"@id\":\"https:\\\/\\\/hu.andersen.com\\\/hu\\\/hirek\\\/konnyebben-valthatnak-dijatalanyra-a-gepjarmuipar-szereploi-az-epr-rendszerben\\\/#article\",\"isPartOf\":{\"@id\":\"https:\\\/\\\/hu.andersen.com\\\/hu\\\/hirek\\\/konnyebben-valthatnak-dijatalanyra-a-gepjarmuipar-szereploi-az-epr-rendszerben\\\/\"},\"author\":{\"name\":\"G\u00f6tz Attila\",\"@id\":\"https:\\\/\\\/hu.andersen.com\\\/#\\\/schema\\\/person\\\/57a8b81638277dac3324887812032990\"},\"headline\":\"EPR: k\u00f6nnyebb d\u00edj\u00e1tal\u00e1nyra v\u00e1ltani a g\u00e9pj\u00e1rm\u0171ipar szerepl\u0151inek\",\"datePublished\":\"2023-09-28T10:20:21+00:00\",\"dateModified\":\"2024-04-11T17:47:39+00:00\",\"mainEntityOfPage\":{\"@id\":\"https:\\\/\\\/hu.andersen.com\\\/hu\\\/hirek\\\/konnyebben-valthatnak-dijatalanyra-a-gepjarmuipar-szereploi-az-epr-rendszerben\\\/\"},\"wordCount\":920,\"image\":{\"@id\":\"https:\\\/\\\/hu.andersen.com\\\/hu\\\/hirek\\\/konnyebben-valthatnak-dijatalanyra-a-gepjarmuipar-szereploi-az-epr-rendszerben\\\/#primaryimage\"},\"thumbnailUrl\":\"https:\\\/\\\/hu.andersen.com\\\/wp-content\\\/uploads\\\/2023\\\/09\\\/epr-autoalkatresz-1640-780.jpg\",\"keywords\":[\"slider\"],\"articleSection\":[\"H\u00edrek\"],\"inLanguage\":\"hu\"},{\"@type\":\"WebPage\",\"@id\":\"https:\\\/\\\/hu.andersen.com\\\/hu\\\/hirek\\\/konnyebben-valthatnak-dijatalanyra-a-gepjarmuipar-szereploi-az-epr-rendszerben\\\/\",\"url\":\"https:\\\/\\\/hu.andersen.com\\\/hu\\\/hirek\\\/konnyebben-valthatnak-dijatalanyra-a-gepjarmuipar-szereploi-az-epr-rendszerben\\\/\",\"name\":\"EPR: k\u00f6nnyebben v\u00e1lthatnak d\u00edj\u00e1tal\u00e1nyra a g\u00e9pj\u00e1rm\u0171ipar szerepl\u0151i\",\"isPartOf\":{\"@id\":\"https:\\\/\\\/hu.andersen.com\\\/#website\"},\"primaryImageOfPage\":{\"@id\":\"https:\\\/\\\/hu.andersen.com\\\/hu\\\/hirek\\\/konnyebben-valthatnak-dijatalanyra-a-gepjarmuipar-szereploi-az-epr-rendszerben\\\/#primaryimage\"},\"image\":{\"@id\":\"https:\\\/\\\/hu.andersen.com\\\/hu\\\/hirek\\\/konnyebben-valthatnak-dijatalanyra-a-gepjarmuipar-szereploi-az-epr-rendszerben\\\/#primaryimage\"},\"thumbnailUrl\":\"https:\\\/\\\/hu.andersen.com\\\/wp-content\\\/uploads\\\/2023\\\/09\\\/epr-autoalkatresz-1640-780.jpg\",\"datePublished\":\"2023-09-28T10:20:21+00:00\",\"dateModified\":\"2024-04-11T17:47:39+00:00\",\"author\":{\"@id\":\"https:\\\/\\\/hu.andersen.com\\\/#\\\/schema\\\/person\\\/57a8b81638277dac3324887812032990\"},\"description\":\"\u00dajabb m\u00f3dos\u00edt\u00e1son esett \u00e1t a kiterjesztett gy\u00e1rt\u00f3i felel\u0151ss\u00e9gi rendszer m\u0171k\u00f6d\u00e9s\u00e9nek r\u00e9szletes szab\u00e1lyair\u00f3l sz\u00f3l\u00f3 korm\u00e1nyrendeletet.\",\"breadcrumb\":{\"@id\":\"https:\\\/\\\/hu.andersen.com\\\/hu\\\/hirek\\\/konnyebben-valthatnak-dijatalanyra-a-gepjarmuipar-szereploi-az-epr-rendszerben\\\/#breadcrumb\"},\"inLanguage\":\"hu\",\"potentialAction\":[{\"@type\":\"ReadAction\",\"target\":[\"https:\\\/\\\/hu.andersen.com\\\/hu\\\/hirek\\\/konnyebben-valthatnak-dijatalanyra-a-gepjarmuipar-szereploi-az-epr-rendszerben\\\/\"]}]},{\"@type\":\"ImageObject\",\"inLanguage\":\"hu\",\"@id\":\"https:\\\/\\\/hu.andersen.com\\\/hu\\\/hirek\\\/konnyebben-valthatnak-dijatalanyra-a-gepjarmuipar-szereploi-az-epr-rendszerben\\\/#primaryimage\",\"url\":\"https:\\\/\\\/hu.andersen.com\\\/wp-content\\\/uploads\\\/2023\\\/09\\\/epr-autoalkatresz-1640-780.jpg\",\"contentUrl\":\"https:\\\/\\\/hu.andersen.com\\\/wp-content\\\/uploads\\\/2023\\\/09\\\/epr-autoalkatresz-1640-780.jpg\",\"width\":1640,\"height\":780,\"caption\":\"\u00dajabb m\u00f3dos\u00edt\u00e1son esett \u00e1t a kiterjesztett gy\u00e1rt\u00f3i felel\u0151ss\u00e9gi rendszer m\u0171k\u00f6d\u00e9s\u00e9nek r\u00e9szletes szab\u00e1lyair\u00f3l sz\u00f3l\u00f3 korm\u00e1nyrendeletet.\"},{\"@type\":\"BreadcrumbList\",\"@id\":\"https:\\\/\\\/hu.andersen.com\\\/hu\\\/hirek\\\/konnyebben-valthatnak-dijatalanyra-a-gepjarmuipar-szereploi-az-epr-rendszerben\\\/#breadcrumb\",\"itemListElement\":[{\"@type\":\"ListItem\",\"position\":1,\"name\":\"Kezd\u0151lap\",\"item\":\"https:\\\/\\\/hu.andersen.com\\\/hu\\\/\"},{\"@type\":\"ListItem\",\"position\":2,\"name\":\"EPR: k\u00f6nnyebb d\u00edj\u00e1tal\u00e1nyra v\u00e1ltani a g\u00e9pj\u00e1rm\u0171ipar szerepl\u0151inek\"}]},{\"@type\":\"WebSite\",\"@id\":\"https:\\\/\\\/hu.andersen.com\\\/#website\",\"url\":\"https:\\\/\\\/hu.andersen.com\\\/\",\"name\":\"Andersen In Hungary\",\"description\":\"Ad\u00f3tan\u00e1csad\u00e1s \u00e9s jogi tan\u00e1csad\u00e1s\",\"potentialAction\":[{\"@type\":\"SearchAction\",\"target\":{\"@type\":\"EntryPoint\",\"urlTemplate\":\"https:\\\/\\\/hu.andersen.com\\\/?s={search_term_string}\"},\"query-input\":{\"@type\":\"PropertyValueSpecification\",\"valueRequired\":true,\"valueName\":\"search_term_string\"}}],\"inLanguage\":\"hu\"},{\"@type\":\"Person\",\"@id\":\"https:\\\/\\\/hu.andersen.com\\\/#\\\/schema\\\/person\\\/57a8b81638277dac3324887812032990\",\"name\":\"G\u00f6tz Attila\",\"image\":{\"@type\":\"ImageObject\",\"inLanguage\":\"hu\",\"@id\":\"https:\\\/\\\/secure.gravatar.com\\\/avatar\\\/2d4fd031a22fa340d80ae6058bee0ef10aa643338dbc8f7650a08f79a37958b7?s=96&d=mm&r=g\",\"url\":\"https:\\\/\\\/secure.gravatar.com\\\/avatar\\\/2d4fd031a22fa340d80ae6058bee0ef10aa643338dbc8f7650a08f79a37958b7?s=96&d=mm&r=g\",\"contentUrl\":\"https:\\\/\\\/secure.gravatar.com\\\/avatar\\\/2d4fd031a22fa340d80ae6058bee0ef10aa643338dbc8f7650a08f79a37958b7?s=96&d=mm&r=g\",\"caption\":\"G\u00f6tz Attila\"},\"sameAs\":[\"https:\\\/\\\/hu.andersen.com\"],\"url\":\"https:\\\/\\\/hu.andersen.com\\\/hu\\\/author\\\/agotz\\\/\"}]}<\/script>\n<!-- \/ Yoast SEO Premium plugin. -->","yoast_head_json":{"title":"EPR: k\u00f6nnyebben v\u00e1lthatnak d\u00edj\u00e1tal\u00e1nyra a g\u00e9pj\u00e1rm\u0171ipar szerepl\u0151i","description":"\u00dajabb m\u00f3dos\u00edt\u00e1son esett \u00e1t a kiterjesztett gy\u00e1rt\u00f3i felel\u0151ss\u00e9gi rendszer m\u0171k\u00f6d\u00e9s\u00e9nek r\u00e9szletes szab\u00e1lyair\u00f3l sz\u00f3l\u00f3 korm\u00e1nyrendeletet.","robots":{"index":"index","follow":"follow","max-snippet":"max-snippet:-1","max-image-preview":"max-image-preview:large","max-video-preview":"max-video-preview:-1"},"canonical":"https:\/\/hu.andersen.com\/hu\/hirek\/konnyebben-valthatnak-dijatalanyra-a-gepjarmuipar-szereploi-az-epr-rendszerben\/","og_locale":"hu_HU","og_type":"article","og_title":"EPR: k\u00f6nnyebb d\u00edj\u00e1tal\u00e1nyra v\u00e1ltani a g\u00e9pj\u00e1rm\u0171ipar szerepl\u0151inek","og_description":"\u00dajabb m\u00f3dos\u00edt\u00e1son esett \u00e1t a kiterjesztett gy\u00e1rt\u00f3i felel\u0151ss\u00e9gi rendszer m\u0171k\u00f6d\u00e9s\u00e9nek r\u00e9szletes szab\u00e1lyair\u00f3l sz\u00f3l\u00f3 korm\u00e1nyrendeletet.","og_url":"https:\/\/hu.andersen.com\/hu\/hirek\/konnyebben-valthatnak-dijatalanyra-a-gepjarmuipar-szereploi-az-epr-rendszerben\/","og_site_name":"Andersen Magyarorsz\u00e1g","article_published_time":"2023-09-28T10:20:21+00:00","article_modified_time":"2024-04-11T17:47:39+00:00","og_image":[{"width":1640,"height":780,"url":"https:\/\/hu.andersen.com\/wp-content\/uploads\/2023\/09\/epr-autoalkatresz-1640-780.jpg","type":"image\/jpeg"}],"author":"G\u00f6tz Attila","twitter_card":"summary_large_image","twitter_misc":{"Szerz\u0151:":"G\u00f6tz Attila","Becs\u00fclt olvas\u00e1si id\u0151":"5 perc"},"schema":{"@context":"https:\/\/schema.org","@graph":[{"@type":"Article","@id":"https:\/\/hu.andersen.com\/hu\/hirek\/konnyebben-valthatnak-dijatalanyra-a-gepjarmuipar-szereploi-az-epr-rendszerben\/#article","isPartOf":{"@id":"https:\/\/hu.andersen.com\/hu\/hirek\/konnyebben-valthatnak-dijatalanyra-a-gepjarmuipar-szereploi-az-epr-rendszerben\/"},"author":{"name":"G\u00f6tz Attila","@id":"https:\/\/hu.andersen.com\/#\/schema\/person\/57a8b81638277dac3324887812032990"},"headline":"EPR: k\u00f6nnyebb d\u00edj\u00e1tal\u00e1nyra v\u00e1ltani a g\u00e9pj\u00e1rm\u0171ipar szerepl\u0151inek","datePublished":"2023-09-28T10:20:21+00:00","dateModified":"2024-04-11T17:47:39+00:00","mainEntityOfPage":{"@id":"https:\/\/hu.andersen.com\/hu\/hirek\/konnyebben-valthatnak-dijatalanyra-a-gepjarmuipar-szereploi-az-epr-rendszerben\/"},"wordCount":920,"image":{"@id":"https:\/\/hu.andersen.com\/hu\/hirek\/konnyebben-valthatnak-dijatalanyra-a-gepjarmuipar-szereploi-az-epr-rendszerben\/#primaryimage"},"thumbnailUrl":"https:\/\/hu.andersen.com\/wp-content\/uploads\/2023\/09\/epr-autoalkatresz-1640-780.jpg","keywords":["slider"],"articleSection":["H\u00edrek"],"inLanguage":"hu"},{"@type":"WebPage","@id":"https:\/\/hu.andersen.com\/hu\/hirek\/konnyebben-valthatnak-dijatalanyra-a-gepjarmuipar-szereploi-az-epr-rendszerben\/","url":"https:\/\/hu.andersen.com\/hu\/hirek\/konnyebben-valthatnak-dijatalanyra-a-gepjarmuipar-szereploi-az-epr-rendszerben\/","name":"EPR: k\u00f6nnyebben v\u00e1lthatnak d\u00edj\u00e1tal\u00e1nyra a g\u00e9pj\u00e1rm\u0171ipar szerepl\u0151i","isPartOf":{"@id":"https:\/\/hu.andersen.com\/#website"},"primaryImageOfPage":{"@id":"https:\/\/hu.andersen.com\/hu\/hirek\/konnyebben-valthatnak-dijatalanyra-a-gepjarmuipar-szereploi-az-epr-rendszerben\/#primaryimage"},"image":{"@id":"https:\/\/hu.andersen.com\/hu\/hirek\/konnyebben-valthatnak-dijatalanyra-a-gepjarmuipar-szereploi-az-epr-rendszerben\/#primaryimage"},"thumbnailUrl":"https:\/\/hu.andersen.com\/wp-content\/uploads\/2023\/09\/epr-autoalkatresz-1640-780.jpg","datePublished":"2023-09-28T10:20:21+00:00","dateModified":"2024-04-11T17:47:39+00:00","author":{"@id":"https:\/\/hu.andersen.com\/#\/schema\/person\/57a8b81638277dac3324887812032990"},"description":"\u00dajabb m\u00f3dos\u00edt\u00e1son esett \u00e1t a kiterjesztett gy\u00e1rt\u00f3i felel\u0151ss\u00e9gi rendszer m\u0171k\u00f6d\u00e9s\u00e9nek r\u00e9szletes szab\u00e1lyair\u00f3l sz\u00f3l\u00f3 korm\u00e1nyrendeletet.","breadcrumb":{"@id":"https:\/\/hu.andersen.com\/hu\/hirek\/konnyebben-valthatnak-dijatalanyra-a-gepjarmuipar-szereploi-az-epr-rendszerben\/#breadcrumb"},"inLanguage":"hu","potentialAction":[{"@type":"ReadAction","target":["https:\/\/hu.andersen.com\/hu\/hirek\/konnyebben-valthatnak-dijatalanyra-a-gepjarmuipar-szereploi-az-epr-rendszerben\/"]}]},{"@type":"ImageObject","inLanguage":"hu","@id":"https:\/\/hu.andersen.com\/hu\/hirek\/konnyebben-valthatnak-dijatalanyra-a-gepjarmuipar-szereploi-az-epr-rendszerben\/#primaryimage","url":"https:\/\/hu.andersen.com\/wp-content\/uploads\/2023\/09\/epr-autoalkatresz-1640-780.jpg","contentUrl":"https:\/\/hu.andersen.com\/wp-content\/uploads\/2023\/09\/epr-autoalkatresz-1640-780.jpg","width":1640,"height":780,"caption":"\u00dajabb m\u00f3dos\u00edt\u00e1son esett \u00e1t a kiterjesztett gy\u00e1rt\u00f3i felel\u0151ss\u00e9gi rendszer m\u0171k\u00f6d\u00e9s\u00e9nek r\u00e9szletes szab\u00e1lyair\u00f3l sz\u00f3l\u00f3 korm\u00e1nyrendeletet."},{"@type":"BreadcrumbList","@id":"https:\/\/hu.andersen.com\/hu\/hirek\/konnyebben-valthatnak-dijatalanyra-a-gepjarmuipar-szereploi-az-epr-rendszerben\/#breadcrumb","itemListElement":[{"@type":"ListItem","position":1,"name":"Kezd\u0151lap","item":"https:\/\/hu.andersen.com\/hu\/"},{"@type":"ListItem","position":2,"name":"EPR: k\u00f6nnyebb d\u00edj\u00e1tal\u00e1nyra v\u00e1ltani a g\u00e9pj\u00e1rm\u0171ipar szerepl\u0151inek"}]},{"@type":"WebSite","@id":"https:\/\/hu.andersen.com\/#website","url":"https:\/\/hu.andersen.com\/","name":"Andersen In Hungary","description":"Ad\u00f3tan\u00e1csad\u00e1s \u00e9s jogi tan\u00e1csad\u00e1s","potentialAction":[{"@type":"SearchAction","target":{"@type":"EntryPoint","urlTemplate":"https:\/\/hu.andersen.com\/?s={search_term_string}"},"query-input":{"@type":"PropertyValueSpecification","valueRequired":true,"valueName":"search_term_string"}}],"inLanguage":"hu"},{"@type":"Person","@id":"https:\/\/hu.andersen.com\/#\/schema\/person\/57a8b81638277dac3324887812032990","name":"G\u00f6tz Attila","image":{"@type":"ImageObject","inLanguage":"hu","@id":"https:\/\/secure.gravatar.com\/avatar\/2d4fd031a22fa340d80ae6058bee0ef10aa643338dbc8f7650a08f79a37958b7?s=96&d=mm&r=g","url":"https:\/\/secure.gravatar.com\/avatar\/2d4fd031a22fa340d80ae6058bee0ef10aa643338dbc8f7650a08f79a37958b7?s=96&d=mm&r=g","contentUrl":"https:\/\/secure.gravatar.com\/avatar\/2d4fd031a22fa340d80ae6058bee0ef10aa643338dbc8f7650a08f79a37958b7?s=96&d=mm&r=g","caption":"G\u00f6tz Attila"},"sameAs":["https:\/\/hu.andersen.com"],"url":"https:\/\/hu.andersen.com\/hu\/author\/agotz\/"}]}},"_links":{"self":[{"href":"https:\/\/hu.andersen.com\/hu\/wp-json\/wp\/v2\/posts\/9778","targetHints":{"allow":["GET"]}}],"collection":[{"href":"https:\/\/hu.andersen.com\/hu\/wp-json\/wp\/v2\/posts"}],"about":[{"href":"https:\/\/hu.andersen.com\/hu\/wp-json\/wp\/v2\/types\/post"}],"author":[{"embeddable":true,"href":"https:\/\/hu.andersen.com\/hu\/wp-json\/wp\/v2\/users\/1028"}],"replies":[{"embeddable":true,"href":"https:\/\/hu.andersen.com\/hu\/wp-json\/wp\/v2\/comments?post=9778"}],"version-history":[{"count":8,"href":"https:\/\/hu.andersen.com\/hu\/wp-json\/wp\/v2\/posts\/9778\/revisions"}],"predecessor-version":[{"id":10993,"href":"https:\/\/hu.andersen.com\/hu\/wp-json\/wp\/v2\/posts\/9778\/revisions\/10993"}],"wp:featuredmedia":[{"embeddable":true,"href":"https:\/\/hu.andersen.com\/hu\/wp-json\/wp\/v2\/media\/9779"}],"wp:attachment":[{"href":"https:\/\/hu.andersen.com\/hu\/wp-json\/wp\/v2\/media?parent=9778"}],"wp:term":[{"taxonomy":"category","embeddable":true,"href":"https:\/\/hu.andersen.com\/hu\/wp-json\/wp\/v2\/categories?post=9778"},{"taxonomy":"post_tag","embeddable":true,"href":"https:\/\/hu.andersen.com\/hu\/wp-json\/wp\/v2\/tags?post=9778"}],"curies":[{"name":"wp","href":"https:\/\/api.w.org\/{rel}","templated":true}]}}